{"id":137909,"date":"2021-09-18T19:15:08","date_gmt":"2021-09-18T17:15:08","guid":{"rendered":"https:\/\/gazdasagportal.hu\/?p=137909"},"modified":"2021-09-18T19:15:08","modified_gmt":"2021-09-18T17:15:08","slug":"itm-80-ezer-onfoglalkoztato-igenyelte-71-ezer-mar-megkapta-a-kompenzacios-tamogatast","status":"publish","type":"post","link":"https:\/\/gazdasagportal.hu\/index.php\/itm-80-ezer-onfoglalkoztato-igenyelte-71-ezer-mar-megkapta-a-kompenzacios-tamogatast\/","title":{"rendered":"ITM: 80 ezer \u00f6nfoglalkoztat\u00f3 ig\u00e9nyelte, 71 ezer m\u00e1r megkapta a kompenz\u00e1ci\u00f3s t\u00e1mogat\u00e1st"},"content":{"rendered":"<p><strong>T\u00f6bb mint 80 ezer \u00f6nfoglalkoztat\u00f3 k\u00e9rte eddig a korm\u00e1ny \u00e1ltal biztos\u00edtott egyszeri t\u00e1mogat\u00e1st 17,6 milli\u00e1rd forint \u00e9rt\u00e9kben. A t\u00f6bb mint 71 ezer kedvez\u0151en elb\u00edr\u00e1lt ig\u00e9nyl\u00e9s alapj\u00e1n kifizetett \u00f6sszeg mostanra meghaladta a 15 milli\u00e1rd forintot &#8211; k\u00f6z\u00f6lte az Innov\u00e1ci\u00f3s \u00e9s Technol\u00f3giai Miniszt\u00e9rium (ITM) foglalkoztat\u00e1spolitik\u00e1\u00e9rt felel\u0151s \u00e1llamtitk\u00e1ra szombaton az MTI-vel.<\/strong><!--more--><\/p>\n<div class=\"ads-in-post2\"><script async src=\"https:\/\/pagead2.googlesyndication.com\/pagead\/js\/adsbygoogle.js\"><\/script>\r\n<ins class=\"adsbygoogle\"\r\n     style=\"display:block\"\r\n     data-ad-format=\"fluid\"\r\n     data-ad-layout-key=\"-6t+ed+2i-1n-4w\"\r\n     data-ad-client=\"ca-pub-1959107119989764\"\r\n     data-ad-slot=\"4008251320\"><\/ins>\r\n<script>\r\n     (adsbygoogle = window.adsbygoogle || []).push({});\r\n<\/script><\/div>\n<p>    Bod\u00f3 S\u00e1ndor felh\u00edvta a figyelmet, az \u00d6nfoglalkoztat\u00f3k kompenz\u00e1ci\u00f3s t\u00e1mogat\u00e1s\u00e1ban azok r\u00e9szes\u00fclhetnek, akik kor\u00e1bban alkalmazottak hi\u00e1ny\u00e1ban nem tudtak \u00e1gazati b\u00e9rt\u00e1mogat\u00e1sra p\u00e1ly\u00e1zni.<br \/>\n    Az \u00e1tmeneti korl\u00e1toz\u00e1sokkal \u00e9rintett 56 f\u0151tev\u00e9kenys\u00e9g valamelyik\u00e9t folytat\u00f3 \u00f6nfoglalkoztat\u00f3k a garant\u00e1lt b\u00e9rminimummal megegyez\u0151 \u00f6sszeget kaphatnak. A 219 ezer forintos egyszeri t\u00e1mogat\u00e1s f\u0151k\u00e9nt a kiskereskedelemben, turizmus-vend\u00e9gl\u00e1t\u00e1sban, sz\u00e1ll\u00e1shely-szolg\u00e1ltat\u00e1sban vagy szabadid\u0151 \u00e1gazatokban tev\u00e9kenyked\u0151k helyzet\u00e9t k\u00f6nny\u00edti meg &#8211; tette hozz\u00e1.<br \/>\n    Jelezte azt is, hogy a legt\u00f6bb k\u00e9relem a f\u0151v\u00e1rosb\u00f3l, Pest, Hajd\u00fa-Bihar, Gy\u0151r-Moson-Sopron \u00e9s Borsod-Aba\u00faj-Zempl\u00e9n megy\u00e9b\u0151l \u00e9rkezett be.<br \/>\n    A legnagyobb sz\u00e1mban tov\u00e1bbra is a fodr\u00e1szok, kozmetikusok \u00e9ltek a lehet\u0151s\u00e9ggel, az ig\u00e9nyl\u0151k k\u00f6z\u00fcl mintegy 30 ezren sz\u00e9ps\u00e9g\u00e1pol\u00e1ssal foglalkoznak.<br \/>\n    A b\u00edr\u00e1latok \u00e9s kifizet\u00e9sek z\u00f6kken\u0151mentesek, a t\u00e1mogat\u00e1si programmal kapcsolatos r\u00e9szletek a munka.hu oldalon olvashat\u00f3k &#8211; \u00e1ll a k\u00f6zlem\u00e9nyben.<br \/>\n<div class=\"ads-in-post2\"><script async src=\"https:\/\/pagead2.googlesyndication.com\/pagead\/js\/adsbygoogle.js\"><\/script>\r\n<ins class=\"adsbygoogle\"\r\n     style=\"display:block\"\r\n     data-ad-format=\"fluid\"\r\n     data-ad-layout-key=\"-6t+ed+2i-1n-4w\"\r\n     data-ad-client=\"ca-pub-1959107119989764\"\r\n     data-ad-slot=\"4008251320\"><\/ins>\r\n<script>\r\n     (adsbygoogle = window.adsbygoogle || []).push({});\r\n<\/script><\/div>\n    &#8222;A munkaalap\u00fa gazdas\u00e1g ki\u00e9p\u00edt\u00e9s\u00e9ben a magyar emberekkel k\u00f6z\u00f6sen 2010 \u00f3ta el\u00e9rt eredm\u00e9nyeink v\u00e1ls\u00e1g\u00e1ll\u00f3nak bizonyultak. A hazai foglalkoztat\u00e1s a v\u00edrusv\u00e1ls\u00e1g el\u0151ttin\u00e9l is jobb form\u00e1ban van. Rekordot d\u00f6nt\u00f6tt, a rendszerv\u00e1ltoztat\u00e1s \u00f3ta a legmagasabb a munkav\u00e1llal\u00f3k sz\u00e1ma, m\u00e1r t\u00f6bb mint 4,7 milli\u00f3an dolgoznak Magyarorsz\u00e1gon. A korm\u00e1nyzati int\u00e9zked\u00e9seknek, k\u00f6zt\u00fck a b\u00e9rt\u00e1mogat\u00e1soknak k\u00f6sz\u00f6nhet\u0151en nemcsak megv\u00e9dt\u00fck a munkahelyeket, hanem \u00fajakat is tudtunk teremteni. Az \u00f6nfoglalkoztat\u00f3k kompenz\u00e1ci\u00f3s t\u00e1mogat\u00e1sa eset\u00e9ben el\u0151zetesen mintegy sz\u00e1zezerre becs\u00fclt\u00fck az ig\u00e9nyl\u0151k v\u00e1rhat\u00f3 sz\u00e1m\u00e1t, a vesz\u00e9lyhelyzet megsz\u0171n\u00e9s\u00e9ig m\u00e9g minden \u00e9rintett el\u0151tt nyitva \u00e1ll a lehet\u0151s\u00e9g&#8221; &#8211; fogalmazott Bod\u00f3 S\u00e1ndor a k\u00f6zlem\u00e9nyben.(MTI)<\/p>\n","protected":false},"excerpt":{"rendered":"<p>T\u00f6bb mint 80 ezer \u00f6nfoglalkoztat\u00f3 k\u00e9rte eddig a korm\u00e1ny \u00e1ltal biztos\u00edtott egyszeri t\u00e1mogat\u00e1st 17,6 milli\u00e1rd forint \u00e9rt\u00e9kben. A t\u00f6bb mint 71 ezer kedvez\u0151en elb\u00edr\u00e1lt ig\u00e9nyl\u00e9s alapj\u00e1n kifizetett \u00f6sszeg mostanra meghaladta a 15 milli\u00e1rd forintot &#8211; k\u00f6z\u00f6lte az Innov\u00e1ci\u00f3s \u00e9s Technol\u00f3giai Miniszt\u00e9rium (ITM) foglalkoztat\u00e1spolitik\u00e1\u00e9rt felel\u0151s \u00e1llamtitk\u00e1ra szombaton az MTI-vel.<\/p>\n","protected":false},"author":1001006,"featured_media":0,"comment_status":"open","ping_status":"open","sticky":false,"template":"","format":"standard","meta":[],"categories":[19],"tags":[],"_links":{"self":[{"href":"https:\/\/gazdasagportal.hu\/index.php\/wp-json\/wp\/v2\/posts\/137909"}],"collection":[{"href":"https:\/\/gazdasagportal.hu\/index.php\/wp-json\/wp\/v2\/posts"}],"about":[{"href":"https:\/\/gazdasagportal.hu\/index.php\/wp-json\/wp\/v2\/types\/post"}],"author":[{"embeddable":true,"href":"https:\/\/gazdasagportal.hu\/index.php\/wp-json\/wp\/v2\/users\/1001006"}],"replies":[{"embeddable":true,"href":"https:\/\/gazdasagportal.hu\/index.php\/wp-json\/wp\/v2\/comments?post=137909"}],"version-history":[{"count":1,"href":"https:\/\/gazdasagportal.hu\/index.php\/wp-json\/wp\/v2\/posts\/137909\/revisions"}],"predecessor-version":[{"id":137910,"href":"https:\/\/gazdasagportal.hu\/index.php\/wp-json\/wp\/v2\/posts\/137909\/revisions\/137910"}],"wp:attachment":[{"href":"https:\/\/gazdasagportal.hu\/index.php\/wp-json\/wp\/v2\/media?parent=137909"}],"wp:term":[{"taxonomy":"category","embeddable":true,"href":"https:\/\/gazdasagportal.hu\/index.php\/wp-json\/wp\/v2\/categories?post=137909"},{"taxonomy":"post_tag","embeddable":true,"href":"https:\/\/gazdasagportal.hu\/index.php\/wp-json\/wp\/v2\/tags?post=137909"}],"curies":[{"name":"wp","href":"https:\/\/api.w.org\/{rel}","templated":true}]}}