{"id":137678,"date":"2021-08-31T08:41:16","date_gmt":"2021-08-31T06:41:16","guid":{"rendered":"https:\/\/gazdasagportal.hu\/?p=137678"},"modified":"2021-08-31T08:41:16","modified_gmt":"2021-08-31T06:41:16","slug":"tozsdenyitas-elott-folytatodhat-az-emelkedes-a-tozsden-az-elemzo-szerint-5","status":"publish","type":"post","link":"https:\/\/gazdasagportal.hu\/index.php\/tozsdenyitas-elott-folytatodhat-az-emelkedes-a-tozsden-az-elemzo-szerint-5\/","title":{"rendered":"T\u0151zsdenyit\u00e1s el\u0151tt &#8211; Folytat\u00f3dhat az emelked\u00e9s a t\u0151zsd\u00e9n az elemz\u0151 szerint"},"content":{"rendered":"<p><strong>Kisebb \u00e1relmozdul\u00e1sokkal indulhat a keresked\u00e9s a Budapesti \u00c9rt\u00e9kt\u0151zsd\u00e9n (B\u00c9T) kedden, de mivel tov\u00e1bbra is kedvez\u0151 a nemzetk\u00f6zi befektet\u0151i hangulat, az Equilor Befektet\u00e9si Zrt. szenior elemz\u0151je szerint ink\u00e1bb a fels\u0151 ellen\u00e1ll\u00e1si szintekre \u00e9rdemes figyelni.<\/strong><!--more--><\/p>\n<div class=\"ads-in-post2\"><script async src=\"https:\/\/pagead2.googlesyndication.com\/pagead\/js\/adsbygoogle.js\"><\/script>\r\n<ins class=\"adsbygoogle\"\r\n     style=\"display:block\"\r\n     data-ad-format=\"fluid\"\r\n     data-ad-layout-key=\"-6t+ed+2i-1n-4w\"\r\n     data-ad-client=\"ca-pub-1959107119989764\"\r\n     data-ad-slot=\"4008251320\"><\/ins>\r\n<script>\r\n     (adsbygoogle = window.adsbygoogle || []).push({});\r\n<\/script><\/div>\n<p>    Varga Zolt\u00e1n az MTI-nek k\u00fcld\u00f6tt komment\u00e1rj\u00e1ban kifejtette: a vezet\u0151 r\u00e9szv\u00e9nyek k\u00f6z\u00fcl a legizgalmasabb az OTP mozg\u00e1sa, hamarosan el\u00e9rhet\u0151 lehet a 18 ezer forintn\u00e1l h\u00faz\u00f3d\u00f3 t\u00f6rt\u00e9nelmi rekord, amelynek \u00e1tt\u00f6r\u00e9se eset\u00e9n \u00fajabb t\u00e9r ny\u00edlhat felfel\u00e9.<br \/>\n    A Mol \u00e1rfolyama fontos ellen\u00e1ll\u00e1st l\u00e9pett \u00e1t, ami hossz\u00fa id\u0151 \u00f3ta nem engedte az emelked\u00e9st; most a 2450 forintos szintet veheti c\u00e9lba a r\u00e9szv\u00e9ny, ott tal\u00e1lhat\u00f3 a k\u00f6vetkez\u0151 akad\u00e1ly &#8211; jelezte a szak\u00e9rt\u0151.<br \/>\n    A Richter is felfel\u00e9 korrig\u00e1lt a n\u00e9h\u00e1ny napos es\u00e9st k\u00f6vet\u0151en, 8800 forintn\u00e1l h\u00faz\u00f3dik a k\u00f6vetkez\u0151 ellen\u00e1ll\u00e1si szint. A Magyar Telekom jegyz\u00e9se tov\u00e1bbra is a 430-440 forintos tartom\u00e1nyban mozoghat &#8211; k\u00f6z\u00f6lte.<br \/>\n    A Budapesti \u00c9rt\u00e9kt\u0151zsde r\u00e9szv\u00e9nyindexe, a BUX 533,78 pontos, 1,05 sz\u00e1zal\u00e9kos emelked\u00e9ssel, 51 602,58 ponton z\u00e1rt h\u00e9tf\u0151n, a r\u00e9szv\u00e9nypiac forgalma 10,8 milli\u00e1rd forint volt. A Mol 22 forinttal, 0,92 sz\u00e1zal\u00e9kkal 2420 forintra er\u0151s\u00f6d\u00f6tt, 3,0 milli\u00e1rd forintos forgalomban.<br \/>\n<div class=\"ads-in-post2\"><script async src=\"https:\/\/pagead2.googlesyndication.com\/pagead\/js\/adsbygoogle.js\"><\/script>\r\n<ins class=\"adsbygoogle\"\r\n     style=\"display:block\"\r\n     data-ad-format=\"fluid\"\r\n     data-ad-layout-key=\"-6t+ed+2i-1n-4w\"\r\n     data-ad-client=\"ca-pub-1959107119989764\"\r\n     data-ad-slot=\"4008251320\"><\/ins>\r\n<script>\r\n     (adsbygoogle = window.adsbygoogle || []).push({});\r\n<\/script><\/div>\n Az OTP-r\u00e9szv\u00e9nyek \u00e1ra 265 forinttal, 1,52 sz\u00e1zal\u00e9kkal 17 740 forintra n\u0151tt, forgalmuk 4,4 milli\u00e1rd forintot tett ki. A Magyar Telekom \u00e1rfolyama 1,5 forinttal, 0,34 sz\u00e1zal\u00e9kkal 436,50 forintra emelkedett, forgalma 212,8 milli\u00f3 forint volt. A Richter-pap\u00edrok \u00e1rfolyama 55 forinttal, 0,64 sz\u00e1zal\u00e9kkal 8715 forintra er\u0151s\u00f6d\u00f6tt, a r\u00e9szv\u00e9nyek forgalma 2,2 milli\u00e1rd forintot \u00e9rt el.(MTI)<\/p>\n","protected":false},"excerpt":{"rendered":"<p>Kisebb \u00e1relmozdul\u00e1sokkal indulhat a keresked\u00e9s a Budapesti \u00c9rt\u00e9kt\u0151zsd\u00e9n (B\u00c9T) kedden, de mivel tov\u00e1bbra is kedvez\u0151 a nemzetk\u00f6zi befektet\u0151i hangulat, az Equilor Befektet\u00e9si Zrt. szenior elemz\u0151je szerint ink\u00e1bb a fels\u0151 ellen\u00e1ll\u00e1si szintekre \u00e9rdemes figyelni.<\/p>\n","protected":false},"author":1001005,"featured_media":0,"comment_status":"open","ping_status":"open","sticky":false,"template":"","format":"standard","meta":[],"categories":[7],"tags":[],"_links":{"self":[{"href":"https:\/\/gazdasagportal.hu\/index.php\/wp-json\/wp\/v2\/posts\/137678"}],"collection":[{"href":"https:\/\/gazdasagportal.hu\/index.php\/wp-json\/wp\/v2\/posts"}],"about":[{"href":"https:\/\/gazdasagportal.hu\/index.php\/wp-json\/wp\/v2\/types\/post"}],"author":[{"embeddable":true,"href":"https:\/\/gazdasagportal.hu\/index.php\/wp-json\/wp\/v2\/users\/1001005"}],"replies":[{"embeddable":true,"href":"https:\/\/gazdasagportal.hu\/index.php\/wp-json\/wp\/v2\/comments?post=137678"}],"version-history":[{"count":1,"href":"https:\/\/gazdasagportal.hu\/index.php\/wp-json\/wp\/v2\/posts\/137678\/revisions"}],"predecessor-version":[{"id":137679,"href":"https:\/\/gazdasagportal.hu\/index.php\/wp-json\/wp\/v2\/posts\/137678\/revisions\/137679"}],"wp:attachment":[{"href":"https:\/\/gazdasagportal.hu\/index.php\/wp-json\/wp\/v2\/media?parent=137678"}],"wp:term":[{"taxonomy":"category","embeddable":true,"href":"https:\/\/gazdasagportal.hu\/index.php\/wp-json\/wp\/v2\/categories?post=137678"},{"taxonomy":"post_tag","embeddable":true,"href":"https:\/\/gazdasagportal.hu\/index.php\/wp-json\/wp\/v2\/tags?post=137678"}],"curies":[{"name":"wp","href":"https:\/\/api.w.org\/{rel}","templated":true}]}}