{"id":137670,"date":"2021-08-31T04:19:19","date_gmt":"2021-08-31T02:19:19","guid":{"rendered":"https:\/\/gazdasagportal.hu\/?p=137670"},"modified":"2021-08-30T23:20:21","modified_gmt":"2021-08-30T21:20:21","slug":"otthon-centrum-tavaly-20-25-szazalekkal-tobb-nyaralot-ertekesitettek-mint-egy-evvel-korabban","status":"publish","type":"post","link":"https:\/\/gazdasagportal.hu\/index.php\/otthon-centrum-tavaly-20-25-szazalekkal-tobb-nyaralot-ertekesitettek-mint-egy-evvel-korabban\/","title":{"rendered":"Otthon Centrum: tavaly 20-25 sz\u00e1zal\u00e9kkal t\u00f6bb nyaral\u00f3t \u00e9rt\u00e9kes\u00edtettek, mint egy \u00e9vvel kor\u00e1bban"},"content":{"rendered":"<p><strong>A j\u00e1rv\u00e1ny feler\u0151s\u00edtette a nyaral\u00f3k ir\u00e1nt \u00e9vek \u00f3ta tart\u00f3 keresletn\u00f6veked\u00e9st: az el\u0151zetes adatok alapj\u00e1n tavaly 7 ezer nyaral\u00f3 cser\u00e9lt gazd\u00e1t, ami 20-25 sz\u00e1zal\u00e9kkal t\u00f6bb 2019-hez k\u00e9pest &#8211; k\u00f6z\u00f6lte az Otthon Centrum h\u00e9tf\u0151n az MTI-vel.<\/strong><!--more--><\/p>\n<div class=\"ads-in-post2\"><script async src=\"https:\/\/pagead2.googlesyndication.com\/pagead\/js\/adsbygoogle.js\"><\/script>\r\n<ins class=\"adsbygoogle\"\r\n     style=\"display:block\"\r\n     data-ad-format=\"fluid\"\r\n     data-ad-layout-key=\"-6t+ed+2i-1n-4w\"\r\n     data-ad-client=\"ca-pub-1959107119989764\"\r\n     data-ad-slot=\"4008251320\"><\/ins>\r\n<script>\r\n     (adsbygoogle = window.adsbygoogle || []).push({});\r\n<\/script><\/div>\n<p>    A k\u00f6zlem\u00e9ny id\u00e9zte So\u00f3ki-T\u00f3th G\u00e1bort, az ingatlank\u00f6zvet\u00edt\u0151 h\u00e1l\u00f3zat elemz\u00e9si vezet\u0151j\u00e9t, aki elmondta, v\u00e1rhat\u00f3an kitart az id\u00e9n a nyaral\u00f3k ir\u00e1nti lelkesed\u00e9s, a tranzakci\u00f3sz\u00e1mok ak\u00e1r a tavalyi \u00e9vet is t\u00falsz\u00e1rnyalhatj\u00e1k, amely az \u00e1rak emelked\u00e9s\u00e9vel j\u00e1r.<br \/>\n    Az elemz\u0151 hozz\u00e1tette, a j\u00e1rv\u00e1nyhelyzet \u00e9rezhet\u0151 v\u00e1ltoz\u00e1sokat gener\u00e1lt az \u00fcd\u00fcl\u0151ingatlanok piac\u00e1n, hiszen a t\u00e1vmunka \u00e9s a t\u00e1voktat\u00e1s bevezet\u00e9s\u00e9vel komoly ig\u00e9ny mutatkozott arra, hogy a csal\u00e1dok t\u00f6bb id\u0151t t\u00f6ltsenek nyaral\u00f3jukban.<br \/>\n    K\u00f6z\u00f6lt\u00e9k, a balatoni ingatlanok az er\u0151s kereslet nyom\u00e1n nagyot dr\u00e1gultak az id\u00e9n: az \u00e1remelked\u00e9s m\u00e9rt\u00e9ke mindenhol meghaladta a 10 sz\u00e1zal\u00e9kot, de nem ritka a 30 sz\u00e1zal\u00e9kot meghalad\u00f3 \u00e1rn\u00f6veked\u00e9s sem; ez k\u00fcl\u00f6n\u00f6sen azokra a ter\u00fcletekre jellemz\u0151, amelyek eddig alacsonyabb \u00e1rfekv\u00e9s\u0171ek voltak.<br \/>\n<div class=\"ads-in-post2\"><script async src=\"https:\/\/pagead2.googlesyndication.com\/pagead\/js\/adsbygoogle.js\"><\/script>\r\n<ins class=\"adsbygoogle\"\r\n     style=\"display:block\"\r\n     data-ad-format=\"fluid\"\r\n     data-ad-layout-key=\"-6t+ed+2i-1n-4w\"\r\n     data-ad-client=\"ca-pub-1959107119989764\"\r\n     data-ad-slot=\"4008251320\"><\/ins>\r\n<script>\r\n     (adsbygoogle = window.adsbygoogle || []).push({});\r\n<\/script><\/div>\n    Ugyanakkor jelezt\u00e9k, hatalmas k\u00fcl\u00f6nbs\u00e9gek alakultak ki a n\u00e9gyzetm\u00e9ter\u00e1rakban: a f\u0151v\u00e1ros \u00e9s a t\u00f3t\u00f3l val\u00f3 t\u00e1vols\u00e1g f\u00fcggv\u00e9ny\u00e9ben 200 ezert\u0151l 1 milli\u00f3 forintig v\u00e1ltakozik a n\u00e9gyzetm\u00e9ter\u00e1r. P\u00e9ldak\u00e9nt eml\u00edtett\u00e9k, hogy a Balatonf\u00fcredi \u00e9s Balatonalm\u00e1di j\u00e1r\u00e1s telep\u00fcl\u00e9seinek \u00e1tlagos n\u00e9gyzetm\u00e9ter\u00e1ra a legmagasabb, jellemz\u0151en meghaladj\u00e1k a 600 ezer forintot, m\u00edg id\u00e9n eddig Balatonm\u00e1riaf\u00fcrd\u0151 t\u00e9rs\u00e9ge volt a legolcs\u00f3bb, ahol m\u00e9g akadtak n\u00e9gyzetm\u00e9terenk\u00e9nt 300 ezer forint alatt \u00e9rt\u00e9kes\u00edtett ingatlanok is.<br \/>\n    Ezt az \u00e1rszintet azonban lehagyta a Balatonfelvid\u00e9k, amely b\u00e1r a t\u00f3t\u00f3l t\u00e1volabb helyezkedik el, a csendet \u00e9s kil\u00e1t\u00e1st m\u00e9gis sokra \u00e9rt\u00e9kelik a Badacsony k\u00f6zeli telep\u00fcl\u00e9seken: K\u00f6v\u00e1g\u00f3\u00f6rs, Balatonederics t\u00e9rs\u00e9g\u00e9ben \u00e1tlag 300-400 ezer forintos fajlagos \u00e1ron k\u00f6t\u00f6tt ad\u00e1sv\u00e9telek voltak jellemz\u0151k az id\u00e9n.<br \/>\n<div class=\"ads-in-post2\"><script async src=\"https:\/\/pagead2.googlesyndication.com\/pagead\/js\/adsbygoogle.js\"><\/script>\r\n<ins class=\"adsbygoogle\"\r\n     style=\"display:block\"\r\n     data-ad-format=\"fluid\"\r\n     data-ad-layout-key=\"-6t+ed+2i-1n-4w\"\r\n     data-ad-client=\"ca-pub-1959107119989764\"\r\n     data-ad-slot=\"4008251320\"><\/ins>\r\n<script>\r\n     (adsbygoogle = window.adsbygoogle || []).push({});\r\n<\/script><\/div>\n    K\u00f6z\u00f6lt\u00e9k, hogy nagyot dr\u00e1gult az eddig olcs\u00f3nak sz\u00e1m\u00edt\u00f3 Tisza-t\u00f3: igaz, a 40 sz\u00e1zal\u00e9kos \u00e1remelked\u00e9s dac\u00e1ra m\u00e9g mindig kedvez\u0151bb \u00e1raz\u00e1s\u00fa a t\u00e9rs\u00e9g, egy n\u00e9gyzetm\u00e9terre vet\u00edtve \u00e1tlagosan 145 ezer forint\u00e9rt lehetett nyaral\u00f3t v\u00e1s\u00e1rolni, ami a balatoni \u00e1rak harmada.(MTI)<\/p>\n","protected":false},"excerpt":{"rendered":"<p>A j\u00e1rv\u00e1ny feler\u0151s\u00edtette a nyaral\u00f3k ir\u00e1nt \u00e9vek \u00f3ta tart\u00f3 keresletn\u00f6veked\u00e9st: az el\u0151zetes adatok alapj\u00e1n tavaly 7 ezer nyaral\u00f3 cser\u00e9lt gazd\u00e1t, ami 20-25 sz\u00e1zal\u00e9kkal t\u00f6bb 2019-hez k\u00e9pest &#8211; k\u00f6z\u00f6lte az Otthon Centrum h\u00e9tf\u0151n az MTI-vel.<\/p>\n","protected":false},"author":1001006,"featured_media":0,"comment_status":"open","ping_status":"open","sticky":false,"template":"","format":"standard","meta":[],"categories":[19],"tags":[],"_links":{"self":[{"href":"https:\/\/gazdasagportal.hu\/index.php\/wp-json\/wp\/v2\/posts\/137670"}],"collection":[{"href":"https:\/\/gazdasagportal.hu\/index.php\/wp-json\/wp\/v2\/posts"}],"about":[{"href":"https:\/\/gazdasagportal.hu\/index.php\/wp-json\/wp\/v2\/types\/post"}],"author":[{"embeddable":true,"href":"https:\/\/gazdasagportal.hu\/index.php\/wp-json\/wp\/v2\/users\/1001006"}],"replies":[{"embeddable":true,"href":"https:\/\/gazdasagportal.hu\/index.php\/wp-json\/wp\/v2\/comments?post=137670"}],"version-history":[{"count":1,"href":"https:\/\/gazdasagportal.hu\/index.php\/wp-json\/wp\/v2\/posts\/137670\/revisions"}],"predecessor-version":[{"id":137671,"href":"https:\/\/gazdasagportal.hu\/index.php\/wp-json\/wp\/v2\/posts\/137670\/revisions\/137671"}],"wp:attachment":[{"href":"https:\/\/gazdasagportal.hu\/index.php\/wp-json\/wp\/v2\/media?parent=137670"}],"wp:term":[{"taxonomy":"category","embeddable":true,"href":"https:\/\/gazdasagportal.hu\/index.php\/wp-json\/wp\/v2\/categories?post=137670"},{"taxonomy":"post_tag","embeddable":true,"href":"https:\/\/gazdasagportal.hu\/index.php\/wp-json\/wp\/v2\/tags?post=137670"}],"curies":[{"name":"wp","href":"https:\/\/api.w.org\/{rel}","templated":true}]}}