{"id":137666,"date":"2021-08-31T05:15:14","date_gmt":"2021-08-31T03:15:14","guid":{"rendered":"https:\/\/gazdasagportal.hu\/?p=137666"},"modified":"2021-08-30T23:16:51","modified_gmt":"2021-08-30T21:16:51","slug":"otnapos-sztrajkot-hirdetett-a-nemet-mozdonyvezetok-szakszervezete","status":"publish","type":"post","link":"https:\/\/gazdasagportal.hu\/index.php\/otnapos-sztrajkot-hirdetett-a-nemet-mozdonyvezetok-szakszervezete\/","title":{"rendered":"\u00d6tnapos sztr\u00e1jkot hirdetett a n\u00e9met mozdonyvezet\u0151k szakszervezete"},"content":{"rendered":"<p><strong>\u00d6tnapos sztr\u00e1jkot hirdetett a n\u00e9met mozdonyvezet\u0151k szakszervezete (GDL) a Deutsche Bahn (DB) vas\u00fatt\u00e1rsas\u00e1g szem\u00e9lysz\u00e1ll\u00edt\u00e1si \u00e1gazat\u00e1ban, a munkabesz\u00fcntet\u00e9s cs\u00fct\u00f6rt\u00f6k\u00f6n kezd\u0151dik.<\/strong><!--more--><\/p>\n<div class=\"ads-in-post2\"><script async src=\"https:\/\/pagead2.googlesyndication.com\/pagead\/js\/adsbygoogle.js\"><\/script>\r\n<ins class=\"adsbygoogle\"\r\n     style=\"display:block\"\r\n     data-ad-format=\"fluid\"\r\n     data-ad-layout-key=\"-6t+ed+2i-1n-4w\"\r\n     data-ad-client=\"ca-pub-1959107119989764\"\r\n     data-ad-slot=\"4008251320\"><\/ins>\r\n<script>\r\n     (adsbygoogle = window.adsbygoogle || []).push({});\r\n<\/script><\/div>\n<p>    A GDL h\u00e9tf\u0151i bejelent\u00e9se szerint a szem\u00e9lysz\u00e1ll\u00edt\u00e1sban cs\u00fct\u00f6rt\u00f6k hajlani 2 \u00f3r\u00e1t\u00f3l kedd hajnali 2 \u00f3r\u00e1ig sztr\u00e1jkolnak. A DB tehersz\u00e1ll\u00edt\u00e1si \u00e1gazat\u00e1ban m\u00e1r szerd\u00e1n 17 \u00f3r\u00e1t\u00f3l felf\u00fcggesztik a munk\u00e1t.<br \/>\n    A szakszervezet augusztusban k\u00e9tszer k\u00e9t napig sztr\u00e1jkolt. El\u0151rel\u00e9p\u00e9s nem t\u00f6rt\u00e9nt a b\u00e9rt\u00e1rgyal\u00e1son. Ez\u00fattal az \u00e9rdekk\u00e9pviselet t\u00f6rt\u00e9net\u00e9nek egyik legnagyobb szab\u00e1s\u00fa nyom\u00e1sgyakorl\u00f3 akci\u00f3j\u00e1t szervezik meg.<br \/>\n    A sztr\u00e1jk &#8222;sz\u00e1nd\u00e9kosan&#8221; ennyire hossz\u00fa, a DB vezet\u0151inek hozz\u00e1\u00e1ll\u00e1sa miatt &#8222;nem vagyunk hajland\u00f3ak r\u00f6videbb munkabesz\u00fcntet\u00e9st kezdem\u00e9nyezni&#8221; &#8211; nyilatkozott Claus Weselsky, a GDL eln\u00f6ke.<br \/>\n<div class=\"ads-in-post2\"><script async src=\"https:\/\/pagead2.googlesyndication.com\/pagead\/js\/adsbygoogle.js\"><\/script>\r\n<ins class=\"adsbygoogle\"\r\n     style=\"display:block\"\r\n     data-ad-format=\"fluid\"\r\n     data-ad-layout-key=\"-6t+ed+2i-1n-4w\"\r\n     data-ad-client=\"ca-pub-1959107119989764\"\r\n     data-ad-slot=\"4008251320\"><\/ins>\r\n<script>\r\n     (adsbygoogle = window.adsbygoogle || []).push({});\r\n<\/script><\/div>\n    A szakszervezet 3,2 sz\u00e1zal\u00e9kos b\u00e9remel\u00e9st \u00e9s a koronav\u00edrus-j\u00e1rv\u00e1ny megpr\u00f3b\u00e1ltat\u00e1sai miatt 600 eur\u00f3s pr\u00e9miumot k\u00f6vetel, a b\u00e9rmeg\u00e1llapod\u00e1st pedig 28 h\u00f3napra k\u00f6tn\u00e9 meg. A DB 3,2 sz\u00e1zal\u00e9kos emel\u00e9st aj\u00e1nl, de 40 h\u00f3napra k\u00f6tne meg\u00e1llapod\u00e1st.<br \/>\n    A sztr\u00e1jkban a b\u00e9rek mellett szerepe van a hatalmi harcnak is, amelyet a nagyj\u00e1b\u00f3l 40 ezer embert &#8211; mozdonyvezet\u0151k mellett vonatk\u00eds\u00e9r\u0151ket is &#8211; k\u00e9pvisel\u0151 GDL folytat a DB-n\u00e9l m\u0171k\u00f6d\u0151 m\u00e1sik, sokkal nagyobb \u00e9rdekk\u00e9pviselettel, a mintegy 200 ezer munkav\u00e1llal\u00f3t \u00f6sszefog\u00f3 vasutas \u00e9s k\u00f6zleked\u00e9si dolgoz\u00f3k szakszervezet\u00e9vel (EVG).(MTI)<\/p>\n","protected":false},"excerpt":{"rendered":"<p>\u00d6tnapos sztr\u00e1jkot hirdetett a n\u00e9met mozdonyvezet\u0151k szakszervezete (GDL) a Deutsche Bahn (DB) vas\u00fatt\u00e1rsas\u00e1g szem\u00e9lysz\u00e1ll\u00edt\u00e1si \u00e1gazat\u00e1ban, a munkabesz\u00fcntet\u00e9s cs\u00fct\u00f6rt\u00f6k\u00f6n kezd\u0151dik.<\/p>\n","protected":false},"author":1001006,"featured_media":0,"comment_status":"open","ping_status":"open","sticky":false,"template":"","format":"standard","meta":[],"categories":[5],"tags":[],"_links":{"self":[{"href":"https:\/\/gazdasagportal.hu\/index.php\/wp-json\/wp\/v2\/posts\/137666"}],"collection":[{"href":"https:\/\/gazdasagportal.hu\/index.php\/wp-json\/wp\/v2\/posts"}],"about":[{"href":"https:\/\/gazdasagportal.hu\/index.php\/wp-json\/wp\/v2\/types\/post"}],"author":[{"embeddable":true,"href":"https:\/\/gazdasagportal.hu\/index.php\/wp-json\/wp\/v2\/users\/1001006"}],"replies":[{"embeddable":true,"href":"https:\/\/gazdasagportal.hu\/index.php\/wp-json\/wp\/v2\/comments?post=137666"}],"version-history":[{"count":1,"href":"https:\/\/gazdasagportal.hu\/index.php\/wp-json\/wp\/v2\/posts\/137666\/revisions"}],"predecessor-version":[{"id":137667,"href":"https:\/\/gazdasagportal.hu\/index.php\/wp-json\/wp\/v2\/posts\/137666\/revisions\/137667"}],"wp:attachment":[{"href":"https:\/\/gazdasagportal.hu\/index.php\/wp-json\/wp\/v2\/media?parent=137666"}],"wp:term":[{"taxonomy":"category","embeddable":true,"href":"https:\/\/gazdasagportal.hu\/index.php\/wp-json\/wp\/v2\/categories?post=137666"},{"taxonomy":"post_tag","embeddable":true,"href":"https:\/\/gazdasagportal.hu\/index.php\/wp-json\/wp\/v2\/tags?post=137666"}],"curies":[{"name":"wp","href":"https:\/\/api.w.org\/{rel}","templated":true}]}}