{"id":137649,"date":"2021-08-29T14:14:14","date_gmt":"2021-08-29T12:14:14","guid":{"rendered":"https:\/\/gazdasagportal.hu\/?p=137649"},"modified":"2021-08-29T14:14:14","modified_gmt":"2021-08-29T12:14:14","slug":"heti-makronaptar-a-gdp-rol-a-beruhazasokrol-es-a-kiskereskedelemrol-is-erkeznek-adatok-a-jovo-heten","status":"publish","type":"post","link":"https:\/\/gazdasagportal.hu\/index.php\/heti-makronaptar-a-gdp-rol-a-beruhazasokrol-es-a-kiskereskedelemrol-is-erkeznek-adatok-a-jovo-heten\/","title":{"rendered":"Heti makronapt\u00e1r &#8211; A GDP-r\u0151l, a beruh\u00e1z\u00e1sokr\u00f3l \u00e9s a kiskereskedelemr\u0151l is \u00e9rkeznek adatok a j\u00f6v\u0151 h\u00e9ten"},"content":{"rendered":"<p><strong>T\u00f6bb statisztikai adat is megjelenik a k\u00f6vetkez\u0151 h\u00e9ten, k\u00f6zt\u00fck a brutt\u00f3 hazai term\u00e9k (GDP) \u00e9s a beruh\u00e1z\u00e1sok m\u00e1sodik negyed\u00e9vi, valamint a kiskereskedelem j\u00faliusi mutat\u00f3i.<\/strong><!--more--><\/p>\n<div class=\"ads-in-post1\"><div id=\"gazdasagportal.hu_fullbanner_wideboard\"><\/div>\r\n<\/div>\n<p>    Kedden teszi k\u00f6zz\u00e9 a K\u00f6zponti Statisztikai Hivatal (KSH) a beruh\u00e1z\u00e1sok m\u00e1sodik negyed\u00e9vi adatait. Az idei els\u0151 negyed\u00e9vben folytat\u00f3dott a beruh\u00e1z\u00e1sok el\u0151z\u0151 negyed\u00e9vben elkezd\u0151d\u00f6tt n\u00f6veked\u00e9se, a fejleszt\u00e9sek volumene 2,5 sz\u00e1zal\u00e9kkal emelkedett az el\u0151z\u0151 \u00e9v azonos id\u0151szak\u00e1hoz, \u00e9s 0,5 sz\u00e1zal\u00e9kkal az el\u0151z\u0151 negyed\u00e9vhez k\u00e9pest. Az \u00e9l\u00e9nk\u00fcl\u00e9st az el\u0151z\u0151 negyed\u00e9vhez hasonl\u00f3an ism\u00e9t a k\u00f6lts\u00e9gvet\u00e9s \u00e9s a h\u00e1ztart\u00e1sok n\u00f6vekv\u0151 aktivit\u00e1sa okozta, mik\u00f6zben a v\u00e1llalkoz\u00e1sok fejleszt\u00e9sei tov\u00e1bbra is cs\u00f6kkentek.<br \/>\n    Szint\u00e9n kedden k\u00f6zlik a j\u00faniusi keresetekr\u0151l sz\u00f3l\u00f3 t\u00e1j\u00e9koztat\u00f3t. M\u00e1jusban 8,2 sz\u00e1zal\u00e9kkal n\u0151ttek a keresetek az egy \u00e9vvel kor\u00e1bbihoz k\u00e9pest. A teljes munkaid\u0151ben alkalmaz\u00e1sban \u00e1ll\u00f3k brutt\u00f3 \u00e1tlagkeresete 431 600 forint, a kedvezm\u00e9nyek n\u00e9lk\u00fcl sz\u00e1molt nett\u00f3 \u00e1tlagkereset 287 000 forint volt. A brutt\u00f3 keresetek a v\u00e1llalkoz\u00e1sok k\u00f6r\u00e9ben 6,7 sz\u00e1zal\u00e9kkal, a k\u00f6lts\u00e9gvet\u00e9sben &#8211; az egyes el\u0151meneteli rendszerek \u00fctemezett b\u00e9remel\u00e9seivel \u00f6sszef\u00fcgg\u00e9sben &#8211; ezt jelent\u0151sen meghalad\u00f3an, 10,6 sz\u00e1zal\u00e9kkal n\u0151ttek. Az \u00e9v els\u0151 \u00f6t h\u00f3napj\u00e1ban a brutt\u00f3 \u00e1tlagkereset 426 600, a nett\u00f3 \u00e1tlagkereset 283 700 forintot \u00e9rt el, mindkett\u0151 9,4 sz\u00e1zal\u00e9kkal emelkedett az el\u0151z\u0151 \u00e9v azonos id\u0151szak\u00e1hoz viszony\u00edtva.<br \/>\n<div class=\"ads-in-post2\"><script async src=\"https:\/\/pagead2.googlesyndication.com\/pagead\/js\/adsbygoogle.js\"><\/script>\r\n<ins class=\"adsbygoogle\"\r\n     style=\"display:block\"\r\n     data-ad-format=\"fluid\"\r\n     data-ad-layout-key=\"-6t+ed+2i-1n-4w\"\r\n     data-ad-client=\"ca-pub-1959107119989764\"\r\n     data-ad-slot=\"4008251320\"><\/ins>\r\n<script>\r\n     (adsbygoogle = window.adsbygoogle || []).push({});\r\n<\/script><\/div>\n    Szerd\u00e1n jelenik meg a m\u00e1sodik becsl\u00e9s a brutt\u00f3 hazai term\u00e9k (GDP) m\u00e1sodik negyed\u00e9vi adatair\u00f3l. Az els\u0151 becsl\u00e9s alapj\u00e1n a GDP a nyers adat szerint 17,9 sz\u00e1zal\u00e9kkal, a szezon\u00e1lisan \u00e9s napt\u00e1rhat\u00e1ssal kiigaz\u00edtott \u00e9s kiegyens\u00falyozott adatok szerint 17,7 sz\u00e1zal\u00e9kkal haladta meg az egy \u00e9vvel kor\u00e1bbit a m\u00e1sodik negyed\u00e9vben. Az el\u0151z\u0151 negyed\u00e9vhez k\u00e9pest a gazdas\u00e1g teljes\u00edtm\u00e9nye 2,7 sz\u00e1zal\u00e9kkal n\u0151tt a szezon\u00e1lisan \u00e9s napt\u00e1rhat\u00e1ssal kiigaz\u00edtott \u00e9s kiegyens\u00falyozott adatok szerint. Az els\u0151 f\u00e9l \u00e9vben 7,6 sz\u00e1zal\u00e9kkal, a szezon\u00e1lisan \u00e9s napt\u00e1rhat\u00e1ssal kiigaz\u00edtott \u00e9s kiegyens\u00falyozott adatok szerint 7,2 sz\u00e1zal\u00e9kkal n\u0151tt a gazdas\u00e1g teljes\u00edtm\u00e9nye a m\u00falt \u00e9v azonos id\u0151szak\u00e1hoz viszony\u00edtva, miut\u00e1n az els\u0151 negyed\u00e9vben a nyers adat szerint 2,1 sz\u00e1zal\u00e9kkal, a kiigaz\u00edtott \u00e9s kiegyens\u00falyozott mutat\u00f3 szerint 1,9 sz\u00e1zal\u00e9kkal cs\u00f6kkent.<br \/>\n<div class=\"ads-in-post2\"><script async src=\"https:\/\/pagead2.googlesyndication.com\/pagead\/js\/adsbygoogle.js\"><\/script>\r\n<ins class=\"adsbygoogle\"\r\n     style=\"display:block\"\r\n     data-ad-format=\"fluid\"\r\n     data-ad-layout-key=\"-6t+ed+2i-1n-4w\"\r\n     data-ad-client=\"ca-pub-1959107119989764\"\r\n     data-ad-slot=\"4008251320\"><\/ins>\r\n<script>\r\n     (adsbygoogle = window.adsbygoogle || []).push({});\r\n<\/script><\/div>\n    Ugyancsak szerd\u00e1n adja ki a KSH a k\u00fclkereskedelmi term\u00e9kforgalom j\u00faniusi r\u00e9szletes adatait. Az els\u0151 becsl\u00e9s szerint j\u00faniusban az export eur\u00f3ban sz\u00e1m\u00edtott \u00e9rt\u00e9ke 21,9, az import\u00e9 23,7 sz\u00e1zal\u00e9kkal volt nagyobb, mint egy \u00e9vvel kor\u00e1bban. A k\u00fclkereskedelmi m\u00e9rlegt\u00f6bblet 680 milli\u00f3 eur\u00f3 volt, 2 milli\u00f3 eur\u00f3val t\u00f6bb a tavaly j\u00faniusin\u00e1l. Az els\u0151 f\u00e9l \u00e9vben az export 21,4 sz\u00e1zal\u00e9kkal, az import 18,9 sz\u00e1zal\u00e9kkal n\u0151tt a m\u00falt \u00e9v azonos id\u0151szak\u00e1hoz viszony\u00edtva, az exportt\u00f6bblet 1,626 milli\u00e1rd eur\u00f3val 3,675 milli\u00e1rd eur\u00f3ra n\u0151tt.<br \/>\n    Cs\u00fct\u00f6rt\u00f6k\u00f6n az ipari termel\u0151i \u00e1rak j\u00faliusi mutat\u00f3it publik\u00e1lja a statisztikai hivatal. J\u00faniusban az ipar belf\u00f6ldi termel\u0151i \u00e1rai \u00e1tlagosan 15,4 sz\u00e1zal\u00e9kkal voltak magasabbak az egy \u00e9vvel kor\u00e1bbiakn\u00e1l, ami 1,0 sz\u00e1zal\u00e9kponttal magasabb az el\u0151z\u0151 havin\u00e1l. Az export\u00e1rak 9,7 sz\u00e1zal\u00e9kkal emelkedtek a m\u00e1jusi 9,6 sz\u00e1zal\u00e9kot k\u00f6vet\u0151en. Egy\u00fcttesen az ipari termel\u0151i \u00e1rak \u00e1tlagosan 11,6 sz\u00e1zal\u00e9kkal magasabbak voltak, mint tavaly j\u00faniusban. Az \u00e1remelked\u00e9s \u00fctem\u00e9t els\u0151sorban a nyers- \u00e9s alapanyagok dr\u00e1gul\u00e1sa, valamint a forint eur\u00f3val szembeni \u00e1rfolyamv\u00e1ltoz\u00e1sa befoly\u00e1solta. Az els\u0151 f\u00e9l \u00e9vben a belf\u00f6ldi \u00e9rt\u00e9kes\u00edt\u00e9s \u00e1rai 9,7 sz\u00e1zal\u00e9kkal, az export\u00e9rt\u00e9kes\u00edt\u00e9s \u00e1rai 9,4, az ipari termel\u0151i \u00e1rak \u00f6sszess\u00e9g\u00e9ben 9,5 sz\u00e1zal\u00e9kkal n\u0151ttek a m\u00falt \u00e9v azonos id\u0151szak\u00e1hoz viszony\u00edtva.<br \/>\n<div class=\"ads-in-post2\"><script async src=\"https:\/\/pagead2.googlesyndication.com\/pagead\/js\/adsbygoogle.js\"><\/script>\r\n<ins class=\"adsbygoogle\"\r\n     style=\"display:block\"\r\n     data-ad-format=\"fluid\"\r\n     data-ad-layout-key=\"-6t+ed+2i-1n-4w\"\r\n     data-ad-client=\"ca-pub-1959107119989764\"\r\n     data-ad-slot=\"4008251320\"><\/ins>\r\n<script>\r\n     (adsbygoogle = window.adsbygoogle || []).push({});\r\n<\/script><\/div>\n    P\u00e9nteken adja ki a KSH a kiskereskedelem j\u00faliusi adatair\u00f3l sz\u00f3l\u00f3 statisztik\u00e1t. J\u00faniusban a nyers adat szerint 6,2 sz\u00e1zal\u00e9kkal, napt\u00e1rhat\u00e1st\u00f3l megtiszt\u00edtva 5,8 sz\u00e1zal\u00e9kkal n\u0151tt a kiskereskedelemi forgalom volumene az el\u0151z\u0151 \u00e9v azonos id\u0151szak\u00e1hoz k\u00e9pest. Ezzel a m\u00e1sodik negyed\u00e9vben a nyers \u00e9s a kiigaz\u00edtott adatok szerint egyar\u00e1nt 7,2 sz\u00e1zal\u00e9kkal n\u0151tt a forgalom az els\u0151 negyed\u00e9vi 3,2 sz\u00e1zal\u00e9kos cs\u00f6kken\u00e9s ut\u00e1n. Az idei els\u0151 f\u00e9l \u00e9vben a v\u00e1ltozatlan \u00e1ron sz\u00e1molt kiskereskedelmi forgalom 2,0 sz\u00e1zal\u00e9kkal nagyobb volt, mint az el\u0151z\u0151 \u00e9v azonos id\u0151szak\u00e1ban, a nyers \u00e9s a napt\u00e1rhat\u00e1st\u00f3l megtiszt\u00edtott adatok szerint egyar\u00e1nt. J\u00faniusban az \u00e9lelmiszer- \u00e9s \u00e9lelmiszer jelleg\u0171 vegyes \u00fczletekben 7,2, a nem \u00e9lelmiszer-kiskereskedelemben 3,0 sz\u00e1zal\u00e9kkal, az \u00fczemanyag-kiskereskedelemben 8,6 sz\u00e1zal\u00e9kkal n\u0151tt az \u00e9rt\u00e9kes\u00edt\u00e9s napt\u00e1rhat\u00e1st\u00f3l megtiszt\u00edtott volumene az egy \u00e9vvel kor\u00e1bbihoz viszony\u00edtva.(MTI)<\/p>\n","protected":false},"excerpt":{"rendered":"<p>T\u00f6bb statisztikai adat is megjelenik a k\u00f6vetkez\u0151 h\u00e9ten, k\u00f6zt\u00fck a brutt\u00f3 hazai term\u00e9k (GDP) \u00e9s a beruh\u00e1z\u00e1sok m\u00e1sodik negyed\u00e9vi, valamint a kiskereskedelem j\u00faliusi mutat\u00f3i.<\/p>\n","protected":false},"author":1001005,"featured_media":0,"comment_status":"open","ping_status":"open","sticky":false,"template":"","format":"standard","meta":[],"categories":[19],"tags":[],"_links":{"self":[{"href":"https:\/\/gazdasagportal.hu\/index.php\/wp-json\/wp\/v2\/posts\/137649"}],"collection":[{"href":"https:\/\/gazdasagportal.hu\/index.php\/wp-json\/wp\/v2\/posts"}],"about":[{"href":"https:\/\/gazdasagportal.hu\/index.php\/wp-json\/wp\/v2\/types\/post"}],"author":[{"embeddable":true,"href":"https:\/\/gazdasagportal.hu\/index.php\/wp-json\/wp\/v2\/users\/1001005"}],"replies":[{"embeddable":true,"href":"https:\/\/gazdasagportal.hu\/index.php\/wp-json\/wp\/v2\/comments?post=137649"}],"version-history":[{"count":1,"href":"https:\/\/gazdasagportal.hu\/index.php\/wp-json\/wp\/v2\/posts\/137649\/revisions"}],"predecessor-version":[{"id":137650,"href":"https:\/\/gazdasagportal.hu\/index.php\/wp-json\/wp\/v2\/posts\/137649\/revisions\/137650"}],"wp:attachment":[{"href":"https:\/\/gazdasagportal.hu\/index.php\/wp-json\/wp\/v2\/media?parent=137649"}],"wp:term":[{"taxonomy":"category","embeddable":true,"href":"https:\/\/gazdasagportal.hu\/index.php\/wp-json\/wp\/v2\/categories?post=137649"},{"taxonomy":"post_tag","embeddable":true,"href":"https:\/\/gazdasagportal.hu\/index.php\/wp-json\/wp\/v2\/tags?post=137649"}],"curies":[{"name":"wp","href":"https:\/\/api.w.org\/{rel}","templated":true}]}}