{"id":137608,"date":"2021-08-26T08:58:28","date_gmt":"2021-08-26T06:58:28","guid":{"rendered":"https:\/\/gazdasagportal.hu\/?p=137608"},"modified":"2021-08-26T08:58:28","modified_gmt":"2021-08-26T06:58:28","slug":"tozsdenyitas-elott-bizonytalanul-indulhat-a-kereskedes-a-tozsden-az-elemzo-szerint-2","status":"publish","type":"post","link":"https:\/\/gazdasagportal.hu\/index.php\/tozsdenyitas-elott-bizonytalanul-indulhat-a-kereskedes-a-tozsden-az-elemzo-szerint-2\/","title":{"rendered":"T\u0151zsdenyit\u00e1s el\u0151tt &#8211; Bizonytalanul indulhat a keresked\u00e9s a t\u0151zsd\u00e9n az elemz\u0151 szerint"},"content":{"rendered":"<p><strong>Bizonytalanul indulhat cs\u00fct\u00f6rt\u00f6k\u00f6n a Budapesti \u00c9rt\u00e9kt\u0151zsde (B\u00c9T), mivel Eur\u00f3p\u00e1ban negat\u00edv nyit\u00e1sra sz\u00e1m\u00edt az Equilor Befektet\u00e9si Zrt. senior elemz\u0151je.<\/strong><!--more--><\/p>\n<div class=\"ads-in-post2\"><script async src=\"https:\/\/pagead2.googlesyndication.com\/pagead\/js\/adsbygoogle.js\"><\/script>\r\n<ins class=\"adsbygoogle\"\r\n     style=\"display:block\"\r\n     data-ad-format=\"fluid\"\r\n     data-ad-layout-key=\"-6t+ed+2i-1n-4w\"\r\n     data-ad-client=\"ca-pub-1959107119989764\"\r\n     data-ad-slot=\"4008251320\"><\/ins>\r\n<script>\r\n     (adsbygoogle = window.adsbygoogle || []).push({});\r\n<\/script><\/div>\n<p>    Varga Zolt\u00e1n az MTI-nek k\u00fcld\u00f6tt komment\u00e1rj\u00e1ban k\u00f6z\u00f6lte, borong\u00f3s a hangulat a hazai r\u00e9szv\u00e9nypiacon, ahol szerd\u00e1n folytat\u00f3dott a negat\u00edv korrekci\u00f3, a BUX index grafikonj\u00e1n 51 ezer, majd 50 ezer pontn\u00e1l h\u00faz\u00f3dnak fontosabb t\u00e1maszok.<br \/>\n    Az elemz\u0151 szerint a vezet\u0151 r\u00e9szv\u00e9nyek k\u00f6z\u00fcl az OTP-n\u00e9l 17 ezer forintn\u00e1l h\u00faz\u00f3dik meghat\u00e1roz\u00f3 t\u00e1masz, erre \u00e9rdemes figyelni a k\u00f6vetkez\u0151 napokban. A Richter \u00e1rfolyama is lefel\u00e9 korrig\u00e1l, fontos t\u00e1masz 8800 forintn\u00e1l tal\u00e1lhat\u00f3.<br \/>\n    Hozz\u00e1tette, a Mol \u00e1rfolyama tov\u00e1bbra is a 2350-2450 forintos szintek k\u00f6z\u00f6tt mozoghat. A Magyar Telekom jegyz\u00e9s\u00e9ben nincs v\u00e1ltoz\u00e1s, 430 forintn\u00e1l tal\u00e1lhat\u00f3 meghat\u00e1roz\u00f3 szint.<br \/>\n    Arr\u00f3l is besz\u00e1molt, hogy k\u00f6z\u00f6s holdingot hoz l\u00e9tre a 4iG az \u00e1llammal. A v\u00e1llalat szerd\u00e1n jelentette be, hogy meg\u00e1llapodtak a nemzeti vagyon kezel\u00e9s\u00e9\u00e9rt felel\u0151s t\u00e1rca n\u00e9lk\u00fcli miniszterrel az Antenna Hung\u00e1ria Zrt. tulajdonr\u00e9sz\u00e9nek apporttal megval\u00f3sul\u00f3 t\u0151keemel\u00e9s eredm\u00e9nyek\u00e9nt t\u00f6rt\u00e9n\u0151 megszerz\u00e9s\u00e9r\u0151l. A meg\u00e1llapod\u00e1s \u00e9rtelm\u00e9ben a 4iG tulajdon\u00e1ba ker\u00fcl\u0151 t\u00e1vk\u00f6zl\u00e9si profillal m\u0171k\u00f6d\u0151 t\u00e1rsas\u00e1gokat apport\u00e1lja az \u00e1llammal k\u00f6z\u00f6s t\u00e1rsas\u00e1gba, \u00e9s a holdingban a 4iG t\u00f6bbs\u00e9gi tulajdont szerezhet. A meg\u00e1llapod\u00e1st okt\u00f3ber ut\u00e1n v\u00e9gleges\u00edtik, addig lezajlik a vagyon\u00e9rt\u00e9kel\u00e9s.<br \/>\n<div class=\"ads-in-post2\"><script async src=\"https:\/\/pagead2.googlesyndication.com\/pagead\/js\/adsbygoogle.js\"><\/script>\r\n<ins class=\"adsbygoogle\"\r\n     style=\"display:block\"\r\n     data-ad-format=\"fluid\"\r\n     data-ad-layout-key=\"-6t+ed+2i-1n-4w\"\r\n     data-ad-client=\"ca-pub-1959107119989764\"\r\n     data-ad-slot=\"4008251320\"><\/ins>\r\n<script>\r\n     (adsbygoogle = window.adsbygoogle || []).push({});\r\n<\/script><\/div>\n    A Budapesti \u00c9rt\u00e9kt\u0151zsde r\u00e9szv\u00e9nyindexe, a BUX 540,05 pontos, 1,05 sz\u00e1zal\u00e9kos cs\u00f6kken\u00e9ssel, 51 093,80 ponton z\u00e1rt szerd\u00e1n, a r\u00e9szv\u00e9nypiac forgalma 11,3 milli\u00e1rd forint volt. A Mol 6 forinttal, 0,25 sz\u00e1zal\u00e9kkal 2406 forintra er\u0151s\u00f6d\u00f6tt, 1,4 milli\u00e1rd forintos forgalomban. Az OTP-r\u00e9szv\u00e9nyek \u00e1ra 365 forinttal, 2,07 sz\u00e1zal\u00e9kkal 17 235 forintra cs\u00f6kkent, forgalmuk 6,5 milli\u00e1rd forintot tett ki. A Magyar Telekom \u00e1rfolyama 4,0 forinttal, 0,92 sz\u00e1zal\u00e9kkal 430,50 forintra esett, forgalma 299,0 milli\u00f3 forint volt. A Richter-pap\u00edrok \u00e1rfolyama 80 forinttal, 0,89 sz\u00e1zal\u00e9kkal 8900 forintra gyeng\u00fclt, a r\u00e9szv\u00e9nyek forgalma 2,0 milli\u00e1rd forintot \u00e9rt el.(MTI)<\/p>\n","protected":false},"excerpt":{"rendered":"<p>Bizonytalanul indulhat cs\u00fct\u00f6rt\u00f6k\u00f6n a Budapesti \u00c9rt\u00e9kt\u0151zsde (B\u00c9T), mivel Eur\u00f3p\u00e1ban negat\u00edv nyit\u00e1sra sz\u00e1m\u00edt az Equilor Befektet\u00e9si Zrt. senior elemz\u0151je.<\/p>\n","protected":false},"author":1001005,"featured_media":0,"comment_status":"open","ping_status":"open","sticky":false,"template":"","format":"standard","meta":[],"categories":[7],"tags":[],"_links":{"self":[{"href":"https:\/\/gazdasagportal.hu\/index.php\/wp-json\/wp\/v2\/posts\/137608"}],"collection":[{"href":"https:\/\/gazdasagportal.hu\/index.php\/wp-json\/wp\/v2\/posts"}],"about":[{"href":"https:\/\/gazdasagportal.hu\/index.php\/wp-json\/wp\/v2\/types\/post"}],"author":[{"embeddable":true,"href":"https:\/\/gazdasagportal.hu\/index.php\/wp-json\/wp\/v2\/users\/1001005"}],"replies":[{"embeddable":true,"href":"https:\/\/gazdasagportal.hu\/index.php\/wp-json\/wp\/v2\/comments?post=137608"}],"version-history":[{"count":1,"href":"https:\/\/gazdasagportal.hu\/index.php\/wp-json\/wp\/v2\/posts\/137608\/revisions"}],"predecessor-version":[{"id":137609,"href":"https:\/\/gazdasagportal.hu\/index.php\/wp-json\/wp\/v2\/posts\/137608\/revisions\/137609"}],"wp:attachment":[{"href":"https:\/\/gazdasagportal.hu\/index.php\/wp-json\/wp\/v2\/media?parent=137608"}],"wp:term":[{"taxonomy":"category","embeddable":true,"href":"https:\/\/gazdasagportal.hu\/index.php\/wp-json\/wp\/v2\/categories?post=137608"},{"taxonomy":"post_tag","embeddable":true,"href":"https:\/\/gazdasagportal.hu\/index.php\/wp-json\/wp\/v2\/tags?post=137608"}],"curies":[{"name":"wp","href":"https:\/\/api.w.org\/{rel}","templated":true}]}}