{"id":137432,"date":"2021-08-14T17:10:24","date_gmt":"2021-08-14T15:10:24","guid":{"rendered":"https:\/\/gazdasagportal.hu\/?p=137432"},"modified":"2021-08-14T13:11:18","modified_gmt":"2021-08-14T11:11:18","slug":"pm-a-standardpoors-is-megerositette-magyarorszag-adosbesorolasat","status":"publish","type":"post","link":"https:\/\/gazdasagportal.hu\/index.php\/pm-a-standardpoors-is-megerositette-magyarorszag-adosbesorolasat\/","title":{"rendered":"PM: a Standard&#038;Poor&#8217;s is meger\u0151s\u00edtette Magyarorsz\u00e1g ad\u00f3sbesorol\u00e1s\u00e1t"},"content":{"rendered":"<p><strong>A h\u00e1rom nagy hitelmin\u0151s\u00edt\u0151 k\u00f6z\u00fcl a Standard&#038;Poor&#8217;s (S&#038;P) fel\u00fclvizsg\u00e1lta eddigi besorol\u00e1s\u00e1t, \u00e9s meger\u0151s\u00edtette a BBB besorol\u00e1st, valamint a stabilnak min\u0151s\u00edtett kil\u00e1t\u00e1st: a Fitch-hez hasonl\u00f3an a v\u00e1ls\u00e1g k\u00f6zepette is er\u0151snek \u00edt\u00e9lte meg a hitelmin\u0151s\u00edt\u0151 haz\u00e1nk teljes\u00edtm\u00e9ny\u00e9t, stabilit\u00e1s\u00e1t \u00e9s v\u00e1ls\u00e1gkezel\u00e9si strat\u00e9gi\u00e1j\u00e1t &#8211; k\u00f6z\u00f6lte a P\u00e9nz\u00fcgyminiszt\u00e9rium szombaton az MTI-vel.<\/strong><!--more--><\/p>\n<div class=\"ads-in-post2\"><script async src=\"https:\/\/pagead2.googlesyndication.com\/pagead\/js\/adsbygoogle.js\"><\/script>\r\n<ins class=\"adsbygoogle\"\r\n     style=\"display:block\"\r\n     data-ad-format=\"fluid\"\r\n     data-ad-layout-key=\"-6t+ed+2i-1n-4w\"\r\n     data-ad-client=\"ca-pub-1959107119989764\"\r\n     data-ad-slot=\"4008251320\"><\/ins>\r\n<script>\r\n     (adsbygoogle = window.adsbygoogle || []).push({});\r\n<\/script><\/div>\n<p>    A k\u00f6zlem\u00e9ny szerint a p\u00e9ntek este kiadott \u00e9rt\u00e9kel\u00e9s\u00e9ben a S&#038;P elemz\u0151i elismert\u00e9k Magyarorsz\u00e1g 2021-ben megval\u00f3sult lend\u00fcletes gazdas\u00e1gi visszapattan\u00e1s\u00e1t, amelyet gazdas\u00e1gi \u00e9s k\u00f6lts\u00e9gvet\u00e9si t\u00e9nyez\u0151k, valamint a kedvez\u0151 k\u00fcls\u0151 poz\u00edci\u00f3 is er\u0151s\u00edt. Az elemz\u0151k m\u00e9ltatj\u00e1k a magyar vakcinab\u0151s\u00e9get \u00e9s a hat\u00e9kony olt\u00e1si programot, melyek hozz\u00e1j\u00e1rulnak a j\u00e1rv\u00e1ny elleni v\u00e9dekez\u00e9shez \u00e9s a gazdas\u00e1g \u00fajraind\u00edt\u00e1s\u00e1hoz.<br \/>\n    A S&#038;P elemz\u0151i r\u00f6gz\u00edtik: felmin\u0151s\u00edt\u00e9st hozhat, amennyiben a magyar gazdas\u00e1gi n\u00f6veked\u00e9s tov\u00e1bbra is nemzetk\u00f6zileg kiemelked\u0151 szinten teljes\u00edt. Mint \u00edrj\u00e1k: ehhez mindenk\u00e9pp az uni\u00f3s forr\u00e1sok hat\u00e9kony felhaszn\u00e1l\u00e1s\u00e1ra van sz\u00fcks\u00e9g, a gazdas\u00e1gi t\u00falhev\u00fcl\u00e9s, valamint a k\u00fcls\u0151 egyens\u00falytalans\u00e1g elker\u00fcl\u00e9se mellett. A fentieken t\u00fal az \u00e1llamh\u00e1ztart\u00e1si kiad\u00e1sok dinamikus konszolid\u00e1ci\u00f3ja is el\u0151rel\u00e9p\u00e9st hozhat Magyarorsz\u00e1g hitelmin\u0151s\u00edt\u0151i meg\u00edt\u00e9l\u00e9s\u00e9ben &#8211; hangs\u00falyozta a p\u00e9nz\u00fcgyi t\u00e1rca.<br \/>\n<div class=\"ads-in-post2\"><script async src=\"https:\/\/pagead2.googlesyndication.com\/pagead\/js\/adsbygoogle.js\"><\/script>\r\n<ins class=\"adsbygoogle\"\r\n     style=\"display:block\"\r\n     data-ad-format=\"fluid\"\r\n     data-ad-layout-key=\"-6t+ed+2i-1n-4w\"\r\n     data-ad-client=\"ca-pub-1959107119989764\"\r\n     data-ad-slot=\"4008251320\"><\/ins>\r\n<script>\r\n     (adsbygoogle = window.adsbygoogle || []).push({});\r\n<\/script><\/div>\n    A hitelmin\u0151s\u00edt\u0151 kiemeli, hogy mivel a jelenlegi k\u00f6lts\u00e9gvet\u00e9si stimulus r\u00f6vidt\u00e1von, az eur\u00f3pai uni\u00f3s forr\u00e1sok j\u00f3 \u00fctem\u0171 \u00e9rkez\u00e9se pedig k\u00f6z\u00e9pt\u00e1von j\u00e1rul hozz\u00e1 a n\u00f6veked\u00e9shez, biztat\u00f3 fejl\u0151d\u00e9si p\u00e1lya lehet\u0151s\u00e9ge el\u0151tt \u00e1ll a magyar gazdas\u00e1g &#8211; \u00edrta a PM.(MTI)<\/p>\n","protected":false},"excerpt":{"rendered":"<p>A h\u00e1rom nagy hitelmin\u0151s\u00edt\u0151 k\u00f6z\u00fcl a Standard&#038;Poor&#8217;s (S&#038;P) fel\u00fclvizsg\u00e1lta eddigi besorol\u00e1s\u00e1t, \u00e9s meger\u0151s\u00edtette a BBB besorol\u00e1st, valamint a stabilnak min\u0151s\u00edtett kil\u00e1t\u00e1st: a Fitch-hez hasonl\u00f3an a v\u00e1ls\u00e1g k\u00f6zepette is er\u0151snek \u00edt\u00e9lte meg a hitelmin\u0151s\u00edt\u0151 haz\u00e1nk teljes\u00edtm\u00e9ny\u00e9t, stabilit\u00e1s\u00e1t \u00e9s v\u00e1ls\u00e1gkezel\u00e9si strat\u00e9gi\u00e1j\u00e1t &#8211; k\u00f6z\u00f6lte a P\u00e9nz\u00fcgyminiszt\u00e9rium szombaton az MTI-vel.<\/p>\n","protected":false},"author":1001005,"featured_media":0,"comment_status":"open","ping_status":"open","sticky":false,"template":"","format":"standard","meta":[],"categories":[19],"tags":[],"_links":{"self":[{"href":"https:\/\/gazdasagportal.hu\/index.php\/wp-json\/wp\/v2\/posts\/137432"}],"collection":[{"href":"https:\/\/gazdasagportal.hu\/index.php\/wp-json\/wp\/v2\/posts"}],"about":[{"href":"https:\/\/gazdasagportal.hu\/index.php\/wp-json\/wp\/v2\/types\/post"}],"author":[{"embeddable":true,"href":"https:\/\/gazdasagportal.hu\/index.php\/wp-json\/wp\/v2\/users\/1001005"}],"replies":[{"embeddable":true,"href":"https:\/\/gazdasagportal.hu\/index.php\/wp-json\/wp\/v2\/comments?post=137432"}],"version-history":[{"count":2,"href":"https:\/\/gazdasagportal.hu\/index.php\/wp-json\/wp\/v2\/posts\/137432\/revisions"}],"predecessor-version":[{"id":137434,"href":"https:\/\/gazdasagportal.hu\/index.php\/wp-json\/wp\/v2\/posts\/137432\/revisions\/137434"}],"wp:attachment":[{"href":"https:\/\/gazdasagportal.hu\/index.php\/wp-json\/wp\/v2\/media?parent=137432"}],"wp:term":[{"taxonomy":"category","embeddable":true,"href":"https:\/\/gazdasagportal.hu\/index.php\/wp-json\/wp\/v2\/categories?post=137432"},{"taxonomy":"post_tag","embeddable":true,"href":"https:\/\/gazdasagportal.hu\/index.php\/wp-json\/wp\/v2\/tags?post=137432"}],"curies":[{"name":"wp","href":"https:\/\/api.w.org\/{rel}","templated":true}]}}