{"id":137418,"date":"2021-08-13T13:17:05","date_gmt":"2021-08-13T11:17:05","guid":{"rendered":"https:\/\/gazdasagportal.hu\/?p=137418"},"modified":"2021-08-13T10:20:52","modified_gmt":"2021-08-13T08:20:52","slug":"elhunyt-egy-beteg-104-uj-fertozottet-talaltak-magyarorszagon","status":"publish","type":"post","link":"https:\/\/gazdasagportal.hu\/index.php\/elhunyt-egy-beteg-104-uj-fertozottet-talaltak-magyarorszagon\/","title":{"rendered":"Elhunyt egy beteg, 104 \u00faj fert\u0151z\u00f6ttet tal\u00e1ltak Magyarorsz\u00e1gon"},"content":{"rendered":"<p><strong>Meghalt egy beteg, \u00e9s \u00fajabb 104 magyar \u00e1llampolg\u00e1rn\u00e1l mutatt\u00e1k ki a koronav\u00edrus-fert\u0151z\u00e9st &#8211; k\u00f6z\u00f6lte a koronavirus.gov.hu p\u00e9nteken, kiemelve: eddig 5 668 993 embert oltottak be Magyarorsz\u00e1gon, k\u00f6z\u00fcl\u00fck 5 498 222-en a m\u00e1sodik adag vakcin\u00e1t is megkapt\u00e1k.<\/strong><!--more--><\/p>\n<div class=\"ads-in-post2\"><script async src=\"https:\/\/pagead2.googlesyndication.com\/pagead\/js\/adsbygoogle.js\"><\/script>\r\n<ins class=\"adsbygoogle\"\r\n     style=\"display:block\"\r\n     data-ad-format=\"fluid\"\r\n     data-ad-layout-key=\"-6t+ed+2i-1n-4w\"\r\n     data-ad-client=\"ca-pub-1959107119989764\"\r\n     data-ad-slot=\"4008251320\"><\/ins>\r\n<script>\r\n     (adsbygoogle = window.adsbygoogle || []).push({});\r\n<\/script><\/div>\n<p>    A korm\u00e1nyzati port\u00e1lon azt \u00edrt\u00e1k: a j\u00e1rv\u00e1ny kezdete \u00f3ta 810 316-ra n\u0151tt az azonos\u00edtott fert\u0151z\u00f6ttek sz\u00e1ma, az elhunytak\u00e9 30 038-ra emelkedett. A gy\u00f3gyultak sz\u00e1ma 765 952.<br \/>\n    K\u00f3rh\u00e1zban 83 koronav\u00edrusos beteget \u00e1polnak, k\u00f6z\u00fcl\u00fck 14-en vannak l\u00e9legeztet\u0151g\u00e9pen. Az akt\u00edv fert\u0151z\u00f6ttek sz\u00e1ma 14 326.<br \/>\n    Hat\u00f3s\u00e1gi h\u00e1zi karant\u00e9nban 1085-en vannak, a mintav\u00e9telek sz\u00e1ma 6 423 992.<br \/>\n    K\u00f6z\u00f6lt\u00e9k: a koronav\u00edrus delta vari\u00e1nsa t\u00f6bb eur\u00f3pai orsz\u00e1gban \u00e9s m\u00e1r Magyarorsz\u00e1gon is terjed. Hozz\u00e1tett\u00e9k: a delta v\u00edrusmut\u00e1ns terjed\u00e9se a m\u00e9g be nem oltottakat vesz\u00e9lyezteti a legink\u00e1bb, ez\u00e9rt azt k\u00e9rik, hogy aki m\u00e9g nem oltatta be mag\u00e1t, tegye meg.<br \/>\n    Kiemelt\u00e9k: Eur\u00f3p\u00e1ban els\u0151k\u00e9nt Magyarorsz\u00e1g teszi lehet\u0151v\u00e9 a koronav\u00edrus elleni harmadik v\u00e9d\u0151olt\u00e1st, amelyre az eeszt.gov.hu honlapon m\u00e1r lehet id\u0151pontot foglalni vagy a h\u00e1ziorvosn\u00e1l is k\u00e9rhet\u0151. Hozz\u00e1tett\u00e9k, 96 ezren m\u00e1r meg is kapt\u00e1k a harmadik olt\u00e1sukat. Az id\u0151seknek, kr\u00f3nikus \u00e9s legyeng\u00fclt immunrendszer\u0171 betegeknek k\u00fcl\u00f6n\u00f6sen aj\u00e1nlott a harmadik olt\u00e1s &#8211; jegyezt\u00e9k meg.<br \/>\n<div class=\"ads-in-post2\"><script async src=\"https:\/\/pagead2.googlesyndication.com\/pagead\/js\/adsbygoogle.js\"><\/script>\r\n<ins class=\"adsbygoogle\"\r\n     style=\"display:block\"\r\n     data-ad-format=\"fluid\"\r\n     data-ad-layout-key=\"-6t+ed+2i-1n-4w\"\r\n     data-ad-client=\"ca-pub-1959107119989764\"\r\n     data-ad-slot=\"4008251320\"><\/ins>\r\n<script>\r\n     (adsbygoogle = window.adsbygoogle || []).push({});\r\n<\/script><\/div>\n    Az iskola k\u00f6zeledt\u00e9vel felh\u00edvj\u00e1k a sz\u00fcl\u0151k figyelem\u00e9t, hogy a 12 \u00e9ven fel\u00fcli gyermeket automatikusan lehet regisztr\u00e1lni olt\u00e1sra \u00e9s sz\u00e1mukra is nyitva van az id\u0151pontfoglal\u00f3. Mint \u00edrt\u00e1k, Magyarorsz\u00e1g az els\u0151k k\u00f6z\u00f6tt tette lehet\u0151v\u00e9 a 12 \u00e9v feletti gyermekek olt\u00e1s\u00e1t, ennek k\u00f6sz\u00f6nhet\u0151en m\u00e1r 200 ezer 12-17 \u00e9v k\u00f6z\u00f6tti di\u00e1kot regisztr\u00e1ltak olt\u00e1sra \u00e9s 81 sz\u00e1zal\u00e9kukat m\u00e1r be is oltott\u00e1k.<br \/>\n    Az a sz\u00fcl\u0151, aki az iskolakezd\u00e9sre szeretn\u00e9 beoltatni gyermek\u00e9t, legegyszer\u0171bben internetes regisztr\u00e1ci\u00f3val \u00e9s id\u0151pontfoglal\u00e1ssal teheti meg. Az \u00e9rv\u00e9nyes regisztr\u00e1ci\u00f3 ut\u00e1n a www.eeszt.gov.hu honlapon automatikusan lehet id\u0151pontot foglalni a k\u00f3rh\u00e1zi olt\u00f3pontra, de a h\u00e1ziorvosn\u00e1l, h\u00e1zi gyermekorvosn\u00e1l is k\u00e9rhet\u0151 az olt\u00e1s. Jelenleg k\u00e9t vakcina alkalmazhat\u00f3 a 12-18 \u00e9vesek olt\u00e1s\u00e1ra: a Pfizer\u00e9 \u00e9s a Modern\u00e1\u00e9 &#8211; \u00edrt\u00e1k.<br \/>\n<div class=\"ads-in-post2\"><script async src=\"https:\/\/pagead2.googlesyndication.com\/pagead\/js\/adsbygoogle.js\"><\/script>\r\n<ins class=\"adsbygoogle\"\r\n     style=\"display:block\"\r\n     data-ad-format=\"fluid\"\r\n     data-ad-layout-key=\"-6t+ed+2i-1n-4w\"\r\n     data-ad-client=\"ca-pub-1959107119989764\"\r\n     data-ad-slot=\"4008251320\"><\/ins>\r\n<script>\r\n     (adsbygoogle = window.adsbygoogle || []).push({});\r\n<\/script><\/div>\n    Magyarorsz\u00e1g biztos\u00edtja az olt\u00e1s lehet\u0151s\u00e9g\u00e9t a k\u00f6z\u00f6s hat\u00e1rok ment\u00e9n \u00e9l\u0151knek is, tov\u00e1bb n\u00f6velve ezzel a j\u00e1rv\u00e1ny elleni v\u00e9detts\u00e9get &#8211; tudatt\u00e1k. A K\u00e1rp\u00e1talj\u00e1n \u00e9l\u0151k a barab\u00e1si \u00e9s a z\u00e1honyi hat\u00e1r\u00e1tkel\u0151kn\u00e9l kihelyezett olt\u00f3pontokon, a t\u00f6bbi szomsz\u00e9dos orsz\u00e1gb\u00f3l &#8211; Rom\u00e1ni\u00e1b\u00f3l, Horv\u00e1torsz\u00e1gb\u00f3l, Szlov\u00e9ni\u00e1b\u00f3l, Szlov\u00e1ki\u00e1b\u00f3l, Ausztri\u00e1b\u00f3l &#8211; \u00e9rkez\u0151k az erre a c\u00e9lra kijel\u00f6lt k\u00f3rh\u00e1zak olt\u00f3pontjain oltathatj\u00e1k be magukat.<br \/>\n    Eml\u00e9keztettek arra, m\u00e9g tart a nemzeti konzult\u00e1ci\u00f3, amellyel a korm\u00e1ny kik\u00e9ri az emberek v\u00e9lem\u00e9ny\u00e9t a j\u00e1rv\u00e1ny ut\u00e1ni \u00e9letr\u0151l, a t\u00f6bbi k\u00f6z\u00f6tt a gazdas\u00e1g \u00fajraind\u00edt\u00e1s\u00e1t, a munkahelyek v\u00e9delm\u00e9t \u00e9s a csal\u00e1dok tov\u00e1bbi t\u00e1mogat\u00e1s\u00e1t \u00e9rint\u0151 k\u00e9rd\u00e9sekben. A konzult\u00e1ci\u00f3s k\u00e9rd\u0151\u00edv online is kit\u00f6lthet\u0151.<br \/>\n    Az Eur\u00f3pai Uni\u00f3n bel\u00fcli utaz\u00e1sokhoz el\u00e9rhet\u0151 az uni\u00f3s olt\u00e1si igazol\u00e1s &#8211; \u00edrt\u00e1k. Azoknak, akik uni\u00f3n bel\u00fcli utaz\u00e1st terveznek, \u00e9rdemes let\u00f6lteni\u00fck vagy az eeszt lakoss\u00e1gi port\u00e1lra bel\u00e9pve kinyomtatniuk az uni\u00f3s Covid-igazol\u00e1st.<br \/>\n<div class=\"ads-in-post2\"><script async src=\"https:\/\/pagead2.googlesyndication.com\/pagead\/js\/adsbygoogle.js\"><\/script>\r\n<ins class=\"adsbygoogle\"\r\n     style=\"display:block\"\r\n     data-ad-format=\"fluid\"\r\n     data-ad-layout-key=\"-6t+ed+2i-1n-4w\"\r\n     data-ad-client=\"ca-pub-1959107119989764\"\r\n     data-ad-slot=\"4008251320\"><\/ins>\r\n<script>\r\n     (adsbygoogle = window.adsbygoogle || []).push({});\r\n<\/script><\/div>\n    Az oldal t\u00e9rk\u00e9pe szerint eddig Budapesten (144 856) \u00e9s Pest megy\u00e9ben (112 379) regisztr\u00e1lt\u00e1k a legt\u00f6bb fert\u0151z\u00f6ttet. Ezt k\u00f6veti Borsod-Aba\u00faj-Zempl\u00e9n (46 818), Gy\u0151r-Moson-Sopron (44 554) \u00e9s Hajd\u00fa-Bihar megye (42 674). A fert\u0151z\u00e9sben legkev\u00e9sb\u00e9 \u00e9rintett megye tov\u00e1bbra is Tolna, 17 806 fert\u0151z\u00f6ttel.(MTI)<\/p>\n","protected":false},"excerpt":{"rendered":"<p>Meghalt egy beteg, \u00e9s \u00fajabb 104 magyar \u00e1llampolg\u00e1rn\u00e1l mutatt\u00e1k ki a koronav\u00edrus-fert\u0151z\u00e9st &#8211; k\u00f6z\u00f6lte a koronavirus.gov.hu p\u00e9nteken, kiemelve: eddig 5 668 993 embert oltottak be Magyarorsz\u00e1gon, k\u00f6z\u00fcl\u00fck 5 498 222-en a m\u00e1sodik adag vakcin\u00e1t is megkapt\u00e1k.<\/p>\n","protected":false},"author":1001005,"featured_media":0,"comment_status":"open","ping_status":"open","sticky":false,"template":"","format":"standard","meta":[],"categories":[427],"tags":[],"_links":{"self":[{"href":"https:\/\/gazdasagportal.hu\/index.php\/wp-json\/wp\/v2\/posts\/137418"}],"collection":[{"href":"https:\/\/gazdasagportal.hu\/index.php\/wp-json\/wp\/v2\/posts"}],"about":[{"href":"https:\/\/gazdasagportal.hu\/index.php\/wp-json\/wp\/v2\/types\/post"}],"author":[{"embeddable":true,"href":"https:\/\/gazdasagportal.hu\/index.php\/wp-json\/wp\/v2\/users\/1001005"}],"replies":[{"embeddable":true,"href":"https:\/\/gazdasagportal.hu\/index.php\/wp-json\/wp\/v2\/comments?post=137418"}],"version-history":[{"count":1,"href":"https:\/\/gazdasagportal.hu\/index.php\/wp-json\/wp\/v2\/posts\/137418\/revisions"}],"predecessor-version":[{"id":137419,"href":"https:\/\/gazdasagportal.hu\/index.php\/wp-json\/wp\/v2\/posts\/137418\/revisions\/137419"}],"wp:attachment":[{"href":"https:\/\/gazdasagportal.hu\/index.php\/wp-json\/wp\/v2\/media?parent=137418"}],"wp:term":[{"taxonomy":"category","embeddable":true,"href":"https:\/\/gazdasagportal.hu\/index.php\/wp-json\/wp\/v2\/categories?post=137418"},{"taxonomy":"post_tag","embeddable":true,"href":"https:\/\/gazdasagportal.hu\/index.php\/wp-json\/wp\/v2\/tags?post=137418"}],"curies":[{"name":"wp","href":"https:\/\/api.w.org\/{rel}","templated":true}]}}