{"id":137416,"date":"2021-08-13T11:39:35","date_gmt":"2021-08-13T09:39:35","guid":{"rendered":"https:\/\/gazdasagportal.hu\/?p=137416"},"modified":"2021-08-13T10:10:20","modified_gmt":"2021-08-13T08:10:20","slug":"koronavirus-mar-az-otven-ev-folottiek-is-felvehetik-hamarosan-a-harmadik-oltast-izraelben","status":"publish","type":"post","link":"https:\/\/gazdasagportal.hu\/index.php\/koronavirus-mar-az-otven-ev-folottiek-is-felvehetik-hamarosan-a-harmadik-oltast-izraelben\/","title":{"rendered":"Koronav\u00edrus &#8211; M\u00e1r az \u00f6tven \u00e9v f\u00f6l\u00f6ttiek is felvehetik hamarosan a harmadik olt\u00e1st Izraelben"},"content":{"rendered":"<p><strong>Izraelben az eg\u00e9szs\u00e9g\u00fcgyi tan\u00e1csad\u00f3 bizotts\u00e1g a koronav\u00edrus elleni harmadik olt\u00e1s korhat\u00e1r\u00e1nak 50 \u00e9vre t\u00f6rt\u00e9n\u0151 lesz\u00e1ll\u00edt\u00e1s\u00e1t javasolja &#8211; jelentette a helyi m\u00e9dia p\u00e9nteken.<\/strong><!--more--><\/p>\n<div class=\"ads-in-post2\"><script async src=\"https:\/\/pagead2.googlesyndication.com\/pagead\/js\/adsbygoogle.js\"><\/script>\r\n<ins class=\"adsbygoogle\"\r\n     style=\"display:block\"\r\n     data-ad-format=\"fluid\"\r\n     data-ad-layout-key=\"-6t+ed+2i-1n-4w\"\r\n     data-ad-client=\"ca-pub-1959107119989764\"\r\n     data-ad-slot=\"4008251320\"><\/ins>\r\n<script>\r\n     (adsbygoogle = window.adsbygoogle || []).push({});\r\n<\/script><\/div>\n<p>    A j\u00e1rv\u00e1nykezel\u0151 szak\u00e9rt\u0151i csoport tagjai az olt\u00e1si kamp\u00e1ny kiterjeszt\u00e9se mellett szavaztak cs\u00fct\u00f6rt\u00f6k \u00e9jszakai megbesz\u00e9l\u00e9s\u00fck\u00f6n. A csaknem sz\u00e1z eg\u00e9szs\u00e9g\u00fcgyi szakemberb\u0151l \u00e1ll\u00f3 gr\u00e9mium az 50 \u00e9vn\u00e9l id\u0151sebbek, az eg\u00e9szs\u00e9g\u00fcgyi szem\u00e9lyzet, a valamilyen alapbetegs\u00e9gben szenved\u0151k, a rabok \u00e9s a b\u00fcntet\u00e9sv\u00e9grehajt\u00e1si alkalmazottak harmadik olt\u00e1s\u00e1t javasolta.<br \/>\n    Az eg\u00e9szs\u00e9gbiztos\u00edt\u00f3 p\u00e9nzt\u00e1rakn\u00e1l m\u00e1r p\u00e9nteken lehet id\u0151pontot k\u00e9rni az olt\u00e1shoz. Az el\u0151zetes adatok szerint a harmadik adag bead\u00e1sa ut\u00e1n az emberek immunrendszer\u00e9nek v\u00e9delmi szintje k\u00f6zel megdupl\u00e1z\u00f3dik a koronav\u00edrussal szemben.<br \/>\n    A sz\u00e1mokb\u00f3l az is kider\u00fclt, hogy a harmadszor is beoltottak k\u00f6z\u00fcl csak feleannyian kapt\u00e1k el a v\u00edrus k\u00fcl\u00f6n\u00f6sen fert\u0151z\u0151 delta v\u00e1ltozat\u00e1t, mint a csak k\u00e9tszer beoltottak, de Saron Elroj-Prajsz, az eg\u00e9szs\u00e9g\u00fcgyi miniszt\u00e9rium k\u00f6zeg\u00e9szs\u00e9g\u00fcgyi oszt\u00e1ly\u00e1nak vezet\u0151je szerint ezt az olt\u00e1st harmadszor is felvettek fokozottabb \u00f3vatoss\u00e1ga is okozhatta.<br \/>\n<div class=\"ads-in-post2\"><script async src=\"https:\/\/pagead2.googlesyndication.com\/pagead\/js\/adsbygoogle.js\"><\/script>\r\n<ins class=\"adsbygoogle\"\r\n     style=\"display:block\"\r\n     data-ad-format=\"fluid\"\r\n     data-ad-layout-key=\"-6t+ed+2i-1n-4w\"\r\n     data-ad-client=\"ca-pub-1959107119989764\"\r\n     data-ad-slot=\"4008251320\"><\/ins>\r\n<script>\r\n     (adsbygoogle = window.adsbygoogle || []).push({});\r\n<\/script><\/div>\n    Szuliman Zarka j\u00e1rv\u00e1ny\u00fcgyi korm\u00e1nybiztos elmondta, hogy jelent\u0151s er\u0151fesz\u00edt\u00e9seket tesznek a m\u00e9g oltatlan, mintegy egymilli\u00f3, 12 \u00e9vn\u00e9l id\u0151sebb izraeli beolt\u00e1sa \u00e9rdek\u00e9ben. Vizsg\u00e1lj\u00e1k t\u00e1volmarad\u00e1suk okait, \u00e9s \u00fagy t\u0171nik a k\u00f6z\u00f6mb\u00f6ss\u00e9g mellett m\u00e1sik k\u00f6z\u00f6s nevez\u0151j\u00fck az illet\u0151knek alacsony t\u00e1rsadalmi-gazdas\u00e1gi st\u00e1tusuk &#8211; \u00e9rtes\u00fclt a Jedi\u00f3t Ahron\u00f3t c\u00edm\u0171 \u00fajs\u00e1g h\u00edrport\u00e1lja, a ynet.<br \/>\n    A bizotts\u00e1g d\u00f6nt\u00e9se ut\u00e1n Naftali Bennett minisztereln\u00f6k arra biztatott minden \u00fajraolthat\u00f3 izraelit, hogy m\u00e1r p\u00e9ntek reggel iratkozzon fel a harmadik olt\u00e1sra, \u00e9s hangs\u00falyozta, hogy rendelkez\u00e9sre \u00e1ll a sz\u00fcks\u00e9ges mennyis\u00e9g\u0171 olt\u00f3anyag.<br \/>\n    Az eg\u00e9szs\u00e9g\u00fcgyi miniszt\u00e9rium honlapja szerint p\u00e9ntekig a 60 \u00e9vn\u00e9l id\u0151sebb izraeliek k\u00f6z\u00fcl 754 989-en vett\u00e9k fel az olt\u00e1st a k\u00f6zel k\u00e9t hete elkezd\u0151d\u00f6tt kamp\u00e1nyban. A kilencven f\u00f6l\u00f6ttiek k\u00f6zel fel\u00e9t, a 80 \u00e9s 90 \u00e9v k\u00f6z\u00f6ttiek 54,4 sz\u00e1zal\u00e9k\u00e1t, a 70 \u00e9s 80 \u00e9v k\u00f6z\u00f6ttiek 59,2 sz\u00e1zal\u00e9k\u00e1t, \u00e9s a 60 \u00e9s 70 \u00e9v k\u00f6z\u00f6ttiek 41,4 sz\u00e1zal\u00e9k\u00e1t m\u00e1r \u00fajraoltott\u00e1k.<br \/>\n<div class=\"ads-in-post2\"><script async src=\"https:\/\/pagead2.googlesyndication.com\/pagead\/js\/adsbygoogle.js\"><\/script>\r\n<ins class=\"adsbygoogle\"\r\n     style=\"display:block\"\r\n     data-ad-format=\"fluid\"\r\n     data-ad-layout-key=\"-6t+ed+2i-1n-4w\"\r\n     data-ad-client=\"ca-pub-1959107119989764\"\r\n     data-ad-slot=\"4008251320\"><\/ins>\r\n<script>\r\n     (adsbygoogle = window.adsbygoogle || []).push({});\r\n<\/script><\/div>\n    A december v\u00e9g\u00e9n kezd\u0151d\u00f6tt olt\u00e1si kamp\u00e1nyban Izrael mintegy 9,3 milli\u00f3 lakos\u00e1b\u00f3l eddig 5 831 931 tizenk\u00e9t \u00e9vn\u00e9l id\u0151sebb embert m\u00e1r legal\u00e1bb egyszer beoltottak a Pfizer vakcin\u00e1j\u00e1val. Ez az orsz\u00e1g lakoss\u00e1g\u00e1nak 62,74 sz\u00e1zal\u00e9ka.<br \/>\n    K\u00e9t alkalommal 5 409 378-an vett\u00e9k fel az olt\u00e1st, ami 58,17 sz\u00e1zal\u00e9kos ar\u00e1nyt jelent, \u00e9s a lakoss\u00e1g 8,33 sz\u00e1zal\u00e9k\u00e1t m\u00e1r harmadszor is beoltott\u00e1k, azonban ez eddig nem bizonyult el\u00e9gnek a SARS-CoV-2 koronav\u00edrus er\u0151sen fert\u0151z\u0151 delta vari\u00e1nsa \u00e1ltal okozott \u00fajabb j\u00e1rv\u00e1nyhull\u00e1m megf\u00e9kez\u00e9s\u00e9re. Izraelben az orsz\u00e1gos v\u00e9detts\u00e9g el\u00e9r\u00e9s\u00e9vel, \u00e9s ehhez az olt\u00e1si kamp\u00e1ny kiterjeszt\u00e9s\u00e9vel pr\u00f3b\u00e1lj\u00e1k lek\u00fczdeni a j\u00e1rv\u00e1nyt.(MTI)<\/p>\n","protected":false},"excerpt":{"rendered":"<p>Izraelben az eg\u00e9szs\u00e9g\u00fcgyi tan\u00e1csad\u00f3 bizotts\u00e1g a koronav\u00edrus elleni harmadik olt\u00e1s korhat\u00e1r\u00e1nak 50 \u00e9vre t\u00f6rt\u00e9n\u0151 lesz\u00e1ll\u00edt\u00e1s\u00e1t javasolja &#8211; jelentette a helyi m\u00e9dia p\u00e9nteken.<\/p>\n","protected":false},"author":1001005,"featured_media":0,"comment_status":"open","ping_status":"open","sticky":false,"template":"","format":"standard","meta":[],"categories":[427],"tags":[],"_links":{"self":[{"href":"https:\/\/gazdasagportal.hu\/index.php\/wp-json\/wp\/v2\/posts\/137416"}],"collection":[{"href":"https:\/\/gazdasagportal.hu\/index.php\/wp-json\/wp\/v2\/posts"}],"about":[{"href":"https:\/\/gazdasagportal.hu\/index.php\/wp-json\/wp\/v2\/types\/post"}],"author":[{"embeddable":true,"href":"https:\/\/gazdasagportal.hu\/index.php\/wp-json\/wp\/v2\/users\/1001005"}],"replies":[{"embeddable":true,"href":"https:\/\/gazdasagportal.hu\/index.php\/wp-json\/wp\/v2\/comments?post=137416"}],"version-history":[{"count":1,"href":"https:\/\/gazdasagportal.hu\/index.php\/wp-json\/wp\/v2\/posts\/137416\/revisions"}],"predecessor-version":[{"id":137417,"href":"https:\/\/gazdasagportal.hu\/index.php\/wp-json\/wp\/v2\/posts\/137416\/revisions\/137417"}],"wp:attachment":[{"href":"https:\/\/gazdasagportal.hu\/index.php\/wp-json\/wp\/v2\/media?parent=137416"}],"wp:term":[{"taxonomy":"category","embeddable":true,"href":"https:\/\/gazdasagportal.hu\/index.php\/wp-json\/wp\/v2\/categories?post=137416"},{"taxonomy":"post_tag","embeddable":true,"href":"https:\/\/gazdasagportal.hu\/index.php\/wp-json\/wp\/v2\/tags?post=137416"}],"curies":[{"name":"wp","href":"https:\/\/api.w.org\/{rel}","templated":true}]}}