{"id":13734,"date":"2013-08-12T19:25:31","date_gmt":"2013-08-12T17:25:31","guid":{"rendered":"http:\/\/stockportal.hu\/?p=13734"},"modified":"2013-08-12T19:26:13","modified_gmt":"2013-08-12T17:26:13","slug":"weltauto-az-olcso-kocsik-szegmense-bovul-a-legjobban-a-hasznaltauto-piacon","status":"publish","type":"post","link":"https:\/\/gazdasagportal.hu\/index.php\/weltauto-az-olcso-kocsik-szegmense-bovul-a-legjobban-a-hasznaltauto-piacon\/","title":{"rendered":"Weltauto: az olcs\u00f3 kocsik szegmense b\u0151v\u00fcl a legjobban a haszn\u00e1ltaut\u00f3-piacon"},"content":{"rendered":"<p><strong>A magyarorsz\u00e1gi haszn\u00e1ltaut\u00f3-piac tov\u00e1bb b\u0151v\u00fclt az idei m\u00e1sodik negyed\u00e9vben, a legnagyobb \u00e9rdekl\u0151d\u00e9s tov\u00e1bbra is az olcs\u00f3bb aut\u00f3k szegmens\u00e9ben mutatkozik &#8211; ismertette a Weltauto m\u00e1rkakeresked\u0151i k\u00f6r\u00e9ben v\u00e9gzett felm\u00e9r\u00e9se alapj\u00e1n h\u00e9tf\u0151n.<!--more--><\/strong><\/p>\n<p>A Datahouse Kft. adatait id\u00e9zve a k\u00f6zlem\u00e9ny r\u00e1mutat: a m\u00e1sodik negyed\u00e9vben 12,2 sz\u00e1zal\u00e9kkal n\u0151ttek a haszn\u00e1ltaut\u00f3-elad\u00e1sok, m\u00edg az els\u0151 h\u00e1rom h\u00f3napban 10,4 sz\u00e1zal\u00e9kkal. Az id\u00e9n az els\u0151 f\u00e9l\u00e9vben 215 733 aut\u00f3t v\u00e1s\u00e1roltak haszn\u00e1ltan, 11,4 sz\u00e1zal\u00e9kkal t\u00f6bbet, mint 2012 hasonl\u00f3 id\u0151szak\u00e1ban.<br \/>\nA n\u00f6veked\u00e9s j\u00f3l \u00e9rz\u00e9kelhet\u0151, a keresked\u00e9sek azt tapasztalj\u00e1k, hogy jelenleg nem l\u00e9tezik eladhatatlan aut\u00f3 a piacon. Ez k\u00fcl\u00f6n\u00f6sen a dr\u00e1g\u00e1bb, jobban felszerelt, min\u0151s\u00e9gi aut\u00f3k\u00edn\u00e1latra igaz, amelyb\u0151l egyre nagyobb a hi\u00e1ny &#8211; \u00e1llap\u00edtotta meg Horv\u00e1th Zolt\u00e1n, a Weltauto m\u00e1rkaigazgat\u00f3ja a k\u00f6zlem\u00e9nyben.<br \/>\nHozz\u00e1tette: mivel kev\u00e9s \u00faj aut\u00f3 ker\u00fcl vissza a piaci k\u00f6rforg\u00e1sba, a vev\u0151k gyakran v\u00e1lasztj\u00e1k tov\u00e1bbra is az importot, amely k\u00e9zenfekv\u0151, azonban kock\u00e1zatos megold\u00e1s. A m\u00e1rkaigazgat\u00f3 jelezte: a m\u00e1sodik negyed\u00e9vben 16 577 g\u00e9pkocsit hoztak be Magyarorsz\u00e1gra az orsz\u00e1ghat\u00e1ron t\u00falr\u00f3l, ez az els\u0151 f\u00e9l\u00e9vre vet\u00edtve 22,6 sz\u00e1zal\u00e9kos n\u00f6veked\u00e9s.<br \/>\nAz \u00e9v els\u0151 hat h\u00f3napj\u00e1ban a hazai piac kereslet\u00e9nek megfelel\u0151en az als\u00f3-k\u00f6z\u00e9p kateg\u00f3ria volt a legn\u00e9pszer\u0171bb (69 349 aut\u00f3), az import\u00e1lt kocsik k\u00f6r\u00e9ben pedig a fels\u0151-k\u00f6z\u00e9pkateg\u00f3ria (8223 aut\u00f3).<br \/>\nA haszn\u00e1ltaut\u00f3-piacon a legkeresettebb m\u00e1rka az Opel, a Suzuki \u00e9s a Volkswagen, az importn\u00e1l felker\u00fcl a list\u00e1ra a BMW is.<br \/>\nA Weltauto a Porsche Hungaria haszn\u00e1ltaut\u00f3-\u00fczlet\u00e1ga, amely 2001 \u00f3ta m\u0171k\u00f6dik. A haszn\u00e1ltaut\u00f3-keresked\u0151k k\u00f6z\u00fcl egyed\u00fclik\u00e9nt rendelkezik &#8211; jelenleg 38 tag\u00fa &#8211; orsz\u00e1gos \u00e9rt\u00e9kes\u00edt\u0151i h\u00e1l\u00f3zattal.(MTI)<\/p>\n","protected":false},"excerpt":{"rendered":"<p>A magyarorsz\u00e1gi haszn\u00e1ltaut\u00f3-piac tov\u00e1bb b\u0151v\u00fclt az idei m\u00e1sodik negyed\u00e9vben, a legnagyobb \u00e9rdekl\u0151d\u00e9s tov\u00e1bbra is az olcs\u00f3bb aut\u00f3k szegmens\u00e9ben mutatkozik &#8211; ismertette a Weltauto m\u00e1rkakeresked\u0151i k\u00f6r\u00e9ben v\u00e9gzett felm\u00e9r\u00e9se alapj\u00e1n h\u00e9tf\u0151n.<\/p>\n","protected":false},"author":1,"featured_media":0,"comment_status":"open","ping_status":"closed","sticky":false,"template":"","format":"standard","meta":[],"categories":[19],"tags":[],"_links":{"self":[{"href":"https:\/\/gazdasagportal.hu\/index.php\/wp-json\/wp\/v2\/posts\/13734"}],"collection":[{"href":"https:\/\/gazdasagportal.hu\/index.php\/wp-json\/wp\/v2\/posts"}],"about":[{"href":"https:\/\/gazdasagportal.hu\/index.php\/wp-json\/wp\/v2\/types\/post"}],"author":[{"embeddable":true,"href":"https:\/\/gazdasagportal.hu\/index.php\/wp-json\/wp\/v2\/users\/1"}],"replies":[{"embeddable":true,"href":"https:\/\/gazdasagportal.hu\/index.php\/wp-json\/wp\/v2\/comments?post=13734"}],"version-history":[{"count":3,"href":"https:\/\/gazdasagportal.hu\/index.php\/wp-json\/wp\/v2\/posts\/13734\/revisions"}],"predecessor-version":[{"id":13736,"href":"https:\/\/gazdasagportal.hu\/index.php\/wp-json\/wp\/v2\/posts\/13734\/revisions\/13736"}],"wp:attachment":[{"href":"https:\/\/gazdasagportal.hu\/index.php\/wp-json\/wp\/v2\/media?parent=13734"}],"wp:term":[{"taxonomy":"category","embeddable":true,"href":"https:\/\/gazdasagportal.hu\/index.php\/wp-json\/wp\/v2\/categories?post=13734"},{"taxonomy":"post_tag","embeddable":true,"href":"https:\/\/gazdasagportal.hu\/index.php\/wp-json\/wp\/v2\/tags?post=13734"}],"curies":[{"name":"wp","href":"https:\/\/api.w.org\/{rel}","templated":true}]}}