{"id":137338,"date":"2021-08-08T19:08:47","date_gmt":"2021-08-08T17:08:47","guid":{"rendered":"https:\/\/gazdasagportal.hu\/?p=137338"},"modified":"2021-08-08T19:08:47","modified_gmt":"2021-08-08T17:08:47","slug":"meleg-napsuteses-ido-varhato-a-jovo-heten","status":"publish","type":"post","link":"https:\/\/gazdasagportal.hu\/index.php\/meleg-napsuteses-ido-varhato-a-jovo-heten\/","title":{"rendered":"Meleg, naps\u00fct\u00e9ses id\u0151 v\u00e1rhat\u00f3 a j\u00f6v\u0151 h\u00e9ten"},"content":{"rendered":"<p><strong>Meleg, naps\u00fct\u00e9ses id\u0151 v\u00e1rhat\u00f3 a j\u00f6v\u0151 h\u00e9ten, csak helyenk\u00e9nt lehetnek z\u00e1porok. A cs\u00facs\u00e9rt\u00e9kek jellemz\u0151en eg\u00e9sz h\u00e9ten 30 Celsius-fok k\u00f6r\u00fcl alakulnak &#8211; der\u00fcl ki az Orsz\u00e1gos Meteorol\u00f3giai Szolg\u00e1lat orsz\u00e1gos, k\u00f6z\u00e9pt\u00e1v\u00fa el\u0151rejelz\u00e9s\u00e9b\u0151l, amelyet vas\u00e1rnap juttattak el az MTI-hez.<\/strong><!--more--><\/p>\n<div class=\"ads-in-post2\"><script async src=\"https:\/\/pagead2.googlesyndication.com\/pagead\/js\/adsbygoogle.js\"><\/script>\r\n<ins class=\"adsbygoogle\"\r\n     style=\"display:block\"\r\n     data-ad-format=\"fluid\"\r\n     data-ad-layout-key=\"-6t+ed+2i-1n-4w\"\r\n     data-ad-client=\"ca-pub-1959107119989764\"\r\n     data-ad-slot=\"4008251320\"><\/ins>\r\n<script>\r\n     (adsbygoogle = window.adsbygoogle || []).push({});\r\n<\/script><\/div>\n<p>    H\u00e9tf\u0151n \u00e1ltal\u00e1ban napos id\u0151 lesz a jellemz\u0151, majd els\u0151sorban az \u00e9szakkeleti megy\u00e9kben k\u00e9pz\u0151dhetnek ism\u00e9t gomolyfelh\u0151k, ott n\u00e9hol kialakulhat z\u00e1por, zivatar. A leghidegebb \u00f3r\u00e1kban 14-21 fok lesz, a cs\u00facsh\u0151m\u00e9rs\u00e9klet 27 \u00e9s 32 fok k\u00f6z\u00f6tt v\u00e1rhat\u00f3.<br \/>\n    Kedden is naps\u00fct\u00e9ses lesz az id\u0151, legfeljebb n\u00e9hol lehet z\u00e1por, zivatar. A h\u0151m\u00e9rs\u00e9klet hajnalban 13 \u00e9s 19, a legmelegebb d\u00e9lut\u00e1ni \u00f3r\u00e1kban 28 \u00e9s 32 fok k\u00f6z\u00f6tt alakul.<br \/>\n    Szerd\u00e1n a sok naps\u00fct\u00e9s mellett helyenk\u00e9nt er\u0151teljesebb lesz a gomolyfelh\u0151-k\u00e9pz\u0151d\u00e9s, \u00e9s \u00e9szakkeleten, \u00e9szakon, illetve nyugaton, d\u00e9lnyugaton sz\u00f3rv\u00e1nyosan, m\u00e1sutt n\u00e9hol val\u00f3sz\u00edn\u0171 z\u00e1por, zivatar. Zivatar t\u00e9rs\u00e9g\u00e9ben \u00e1tmenetileg viharos sz\u00e9ll\u00f6k\u00e9sek is lehetnek. A legalacsonyabb h\u0151m\u00e9rs\u00e9klet 14-20, a legmagasabb h\u0151m\u00e9rs\u00e9klet 28-33 fok k\u00f6z\u00f6tt v\u00e1rhat\u00f3.<br \/>\n    Cs\u00fct\u00f6rt\u00f6k\u00f6n \u00e9s p\u00e9nteken napos id\u0151 v\u00e1rhat\u00f3. Cs\u00fct\u00f6rt\u00f6k\u00f6n el\u0151fordulhat egy-egy z\u00e1por, p\u00e9nteken nem val\u00f3sz\u00edn\u0171 csapad\u00e9k. Cs\u00fct\u00f6rt\u00f6k\u00f6n hajnalban 12-19, p\u00e9nteken 11-19 fok lesz.<br \/>\n<div class=\"ads-in-post2\"><script async src=\"https:\/\/pagead2.googlesyndication.com\/pagead\/js\/adsbygoogle.js\"><\/script>\r\n<ins class=\"adsbygoogle\"\r\n     style=\"display:block\"\r\n     data-ad-format=\"fluid\"\r\n     data-ad-layout-key=\"-6t+ed+2i-1n-4w\"\r\n     data-ad-client=\"ca-pub-1959107119989764\"\r\n     data-ad-slot=\"4008251320\"><\/ins>\r\n<script>\r\n     (adsbygoogle = window.adsbygoogle || []).push({});\r\n<\/script><\/div>\n A maximumok mindk\u00e9t nap 26 \u00e9s 31 fok k\u00f6z\u00f6tt alakulnak.<br \/>\n    Szombaton is naps\u00fct\u00e9ses lesz az id\u0151, de \u00e9szakon \u00e9s nyugaton lehet helyenk\u00e9nt z\u00e1por, zivatar. A legalacsonyabb h\u0151m\u00e9rs\u00e9klet 12-20, a legmagasabb h\u0151m\u00e9rs\u00e9klet 28-33 fok k\u00f6z\u00f6tt val\u00f3sz\u00edn\u0171.<br \/>\n    Vas\u00e1rnap is sok naps\u00fct\u00e9sre van kil\u00e1t\u00e1s, helyenk\u00e9nt kialakulhat z\u00e1por, zivatar. A minimumh\u0151m\u00e9rs\u00e9klet 15-22 fok k\u00f6z\u00f6tt v\u00e1rhat\u00f3. A nappali maximumok 28-33 fok k\u00f6z\u00f6tt alakulnak &#8211; olvashat\u00f3 az el\u0151rejelz\u00e9sben.(MTI)<\/p>\n","protected":false},"excerpt":{"rendered":"<p>Meleg, naps\u00fct\u00e9ses id\u0151 v\u00e1rhat\u00f3 a j\u00f6v\u0151 h\u00e9ten, csak helyenk\u00e9nt lehetnek z\u00e1porok. A cs\u00facs\u00e9rt\u00e9kek jellemz\u0151en eg\u00e9sz h\u00e9ten 30 Celsius-fok k\u00f6r\u00fcl alakulnak &#8211; der\u00fcl ki az Orsz\u00e1gos Meteorol\u00f3giai Szolg\u00e1lat orsz\u00e1gos, k\u00f6z\u00e9pt\u00e1v\u00fa el\u0151rejelz\u00e9s\u00e9b\u0151l, amelyet vas\u00e1rnap juttattak el az MTI-hez.<\/p>\n","protected":false},"author":1001006,"featured_media":0,"comment_status":"open","ping_status":"open","sticky":false,"template":"","format":"standard","meta":[],"categories":[438],"tags":[],"_links":{"self":[{"href":"https:\/\/gazdasagportal.hu\/index.php\/wp-json\/wp\/v2\/posts\/137338"}],"collection":[{"href":"https:\/\/gazdasagportal.hu\/index.php\/wp-json\/wp\/v2\/posts"}],"about":[{"href":"https:\/\/gazdasagportal.hu\/index.php\/wp-json\/wp\/v2\/types\/post"}],"author":[{"embeddable":true,"href":"https:\/\/gazdasagportal.hu\/index.php\/wp-json\/wp\/v2\/users\/1001006"}],"replies":[{"embeddable":true,"href":"https:\/\/gazdasagportal.hu\/index.php\/wp-json\/wp\/v2\/comments?post=137338"}],"version-history":[{"count":1,"href":"https:\/\/gazdasagportal.hu\/index.php\/wp-json\/wp\/v2\/posts\/137338\/revisions"}],"predecessor-version":[{"id":137339,"href":"https:\/\/gazdasagportal.hu\/index.php\/wp-json\/wp\/v2\/posts\/137338\/revisions\/137339"}],"wp:attachment":[{"href":"https:\/\/gazdasagportal.hu\/index.php\/wp-json\/wp\/v2\/media?parent=137338"}],"wp:term":[{"taxonomy":"category","embeddable":true,"href":"https:\/\/gazdasagportal.hu\/index.php\/wp-json\/wp\/v2\/categories?post=137338"},{"taxonomy":"post_tag","embeddable":true,"href":"https:\/\/gazdasagportal.hu\/index.php\/wp-json\/wp\/v2\/tags?post=137338"}],"curies":[{"name":"wp","href":"https:\/\/api.w.org\/{rel}","templated":true}]}}