{"id":137315,"date":"2021-08-06T14:44:55","date_gmt":"2021-08-06T12:44:55","guid":{"rendered":"https:\/\/gazdasagportal.hu\/?p=137315"},"modified":"2021-08-06T14:44:55","modified_gmt":"2021-08-06T12:44:55","slug":"koronavirus-ukrajnaban-is-egyre-terjed-a-delta-varians","status":"publish","type":"post","link":"https:\/\/gazdasagportal.hu\/index.php\/koronavirus-ukrajnaban-is-egyre-terjed-a-delta-varians\/","title":{"rendered":"Koronav\u00edrus &#8211; Ukrajn\u00e1ban is egyre terjed a delta vari\u00e1ns"},"content":{"rendered":"<p><strong>Ukrajn\u00e1ban is egyre terjed a koronav\u00edrus k\u00fcl\u00f6n\u00f6sen vesz\u00e9lyes, el\u0151sz\u00f6r Indi\u00e1ban megjelent delta vari\u00e1nsa, amelyet m\u00e1r csaknem 150 betegn\u00e9l igazoltak &#8211; hozta nyilv\u00e1noss\u00e1gra Ihor Kuzin orsz\u00e1gos tisztif\u0151orvos, az eg\u00e9szs\u00e9g\u00fcgyi miniszter helyettese.<\/strong><!--more--><\/p>\n<div class=\"ads-in-post2\"><script async src=\"https:\/\/pagead2.googlesyndication.com\/pagead\/js\/adsbygoogle.js\"><\/script>\r\n<ins class=\"adsbygoogle\"\r\n     style=\"display:block\"\r\n     data-ad-format=\"fluid\"\r\n     data-ad-layout-key=\"-6t+ed+2i-1n-4w\"\r\n     data-ad-client=\"ca-pub-1959107119989764\"\r\n     data-ad-slot=\"4008251320\"><\/ins>\r\n<script>\r\n     (adsbygoogle = window.adsbygoogle || []).push({});\r\n<\/script><\/div>\n<p>    Egy r\u00e1di\u00f3interj\u00faban kifejtette, hogy m\u00edg p\u00e1r h\u00e9ttel ezel\u0151tt m\u00e9g csak 17 esetn\u00e9l er\u0151s\u00edtett\u00e9k meg a laborat\u00f3riumi vizsg\u00e1latok a v\u00edrus delta vari\u00e1ns\u00e1t, addig mostanra m\u00e1r 143-at regisztr\u00e1ltak. Ter\u00fcletileg a legt\u00f6bb esetben a nyugati orsz\u00e1gr\u00e9szben Voliny, Ternopil, Ivano-Frankivszk megy\u00e9kben, d\u00e9len Odessza megy\u00e9ben, valamint a f\u0151v\u00e1rosban, Kijevben igazolt\u00e1k.<br \/>\n    Az eg\u00e9szs\u00e9g\u00fcgyi miniszt\u00e9rium Ternopil megyei region\u00e1lis betegs\u00e9gmegel\u0151z\u00e9si k\u00f6zpontja az UNIAN h\u00edr\u00fcgyn\u00f6ks\u00e9g szerint arr\u00f3l sz\u00e1molt be, hogy a r\u00e9gi\u00f3ban 94 pozit\u00edv mint\u00e1b\u00f3l 52-n\u00e9l a v\u00edrus delta vari\u00e1ns\u00e1t azonos\u00edtott\u00e1k. Kor\u00e1bban a megy\u00e9ben t\u00falnyom\u00f3r\u00e9szt a brit v\u00edrusv\u00e1ltozat terjedt.<br \/>\n    Viktor Ljasko eg\u00e9szs\u00e9g\u00fcgyi miniszter egy p\u00e9ntek reggeli t\u00e9v\u00e9m\u0171sorban \u00edg\u00e9retet tett arra, hogy a szokott m\u00f3don folyhat az oktat\u00e1s szeptembert\u0151l minden olyan iskol\u00e1ban, amelyben a pedag\u00f3gusok legal\u00e1bb 80 sz\u00e1zal\u00e9ka felvette a v\u00e9d\u0151olt\u00e1st, m\u00e9g akkor is, ha az adott r\u00e9gi\u00f3 a j\u00e1rv\u00e1nyhelyzet szerinti legs\u00falyosabb, &#8222;v\u00f6r\u00f6s&#8221; besorol\u00e1sba ker\u00fcl. Hozz\u00e1tette, hogy ugyanez vonatkozik a kultur\u00e1lis int\u00e9zm\u00e9nyekre. A d\u00e9l-ukrajnai Herszon megy\u00e9ben azonban az iskol\u00e1k z\u00f6m\u00e9ben bizonyosan t\u00e1voktat\u00e1sban indul el a tan\u00edt\u00e1s szeptemberben, mert rendk\u00edv\u00fcl kev\u00e9s pedag\u00f3gus van beoltva. Az iskol\u00e1k kevesebb mint h\u00fasz sz\u00e1zal\u00e9k\u00e1ban teljes\u00edtett\u00e9k eddig a beoltotts\u00e1gra vonatkoz\u00f3 el\u0151\u00edr\u00e1st &#8211; \u00edrta az UNIAN.<br \/>\n<div class=\"ads-in-post2\"><script async src=\"https:\/\/pagead2.googlesyndication.com\/pagead\/js\/adsbygoogle.js\"><\/script>\r\n<ins class=\"adsbygoogle\"\r\n     style=\"display:block\"\r\n     data-ad-format=\"fluid\"\r\n     data-ad-layout-key=\"-6t+ed+2i-1n-4w\"\r\n     data-ad-client=\"ca-pub-1959107119989764\"\r\n     data-ad-slot=\"4008251320\"><\/ins>\r\n<script>\r\n     (adsbygoogle = window.adsbygoogle || []).push({});\r\n<\/script><\/div>\n    A h\u00edr\u00fcgyn\u00f6ks\u00e9g adatai alapj\u00e1n Ukrajn\u00e1ban fokozatosan gyorsul az olt\u00e1si kamp\u00e1ny, az elm\u00falt h\u00e9ten 15 sz\u00e1zal\u00e9kkal t\u00f6bb v\u00e9d\u0151olt\u00e1st adtak be, mint a megel\u0151z\u0151 h\u00e9ten, \u00e1tlagosan napi 117 ezret. A lakoss\u00e1g \u00e1toltotts\u00e1ga viszont m\u00e9g mindig j\u00f3val alulmarad az eur\u00f3pai orsz\u00e1gok\u00e9t\u00f3l, ahol m\u00e1r az els\u0151 d\u00f3zist a lakosok fele megkapta, m\u00edg Ukrajn\u00e1ban ez csup\u00e1n 9,5 sz\u00e1zal\u00e9k.<br \/>\n    Az eg\u00e9szs\u00e9g\u00fcgyi t\u00e1rca legfrissebb adatai szerint eddig 3 953 542-en kapt\u00e1k meg valamely v\u00e9d\u0151olt\u00e1s els\u0151, 2 284 166-an pedig m\u00e1r a m\u00e1sodik d\u00f3zis\u00e1t is a mintegy 42 milli\u00f3 lakos\u00fa Ukrajn\u00e1ban. Cs\u00fct\u00f6rt\u00f6k\u00f6n 167 383 embert oltottak be az orsz\u00e1gban, ami \u00faj rekordnak sz\u00e1m\u00edt.<br \/>\n    Az \u00c1llami Turisztikai Fejleszt\u00e9si \u00dcgyn\u00f6ks\u00e9g javasolta a sz\u00e1llod\u00e1knak, hogy az ott dolgoz\u00f3 alkalmazottak vegy\u00e9k fel a v\u00e9d\u0151olt\u00e1st. Azok a sz\u00e1llod\u00e1k, amelyekben a teljes szem\u00e9lyzet be van oltva, privil\u00e9giumokkal j\u00e1r\u00f3 &#8222;biztons\u00e1gos hotel&#8221; min\u0151s\u00edt\u00e9st kapnak.<br \/>\n<div class=\"ads-in-post2\"><script async src=\"https:\/\/pagead2.googlesyndication.com\/pagead\/js\/adsbygoogle.js\"><\/script>\r\n<ins class=\"adsbygoogle\"\r\n     style=\"display:block\"\r\n     data-ad-format=\"fluid\"\r\n     data-ad-layout-key=\"-6t+ed+2i-1n-4w\"\r\n     data-ad-client=\"ca-pub-1959107119989764\"\r\n     data-ad-slot=\"4008251320\"><\/ins>\r\n<script>\r\n     (adsbygoogle = window.adsbygoogle || []).push({});\r\n<\/script><\/div>\n    Ukrajn\u00e1ban a h\u00e9ten ism\u00e9t napr\u00f3l napra gyorsult a j\u00e1rv\u00e1ny terjed\u00e9se: p\u00e9ntekre a hivatalos adatok szerint 1081-gyel 2 257 478-re n\u0151tt az azonos\u00edtott fert\u0151z\u00f6ttek sz\u00e1ma, az elhunytak\u00e9 pedig 16-tal 53 065-re. Eddig 2 189 293-an gy\u00f3gyultak meg, ugyanakkor az akt\u00edv betegek sz\u00e1ma tov\u00e1bb n\u0151tt csaknem hatsz\u00e1zzal, meghaladva a 15 ezret.(MTI)<\/p>\n","protected":false},"excerpt":{"rendered":"<p>Ukrajn\u00e1ban is egyre terjed a koronav\u00edrus k\u00fcl\u00f6n\u00f6sen vesz\u00e9lyes, el\u0151sz\u00f6r Indi\u00e1ban megjelent delta vari\u00e1nsa, amelyet m\u00e1r csaknem 150 betegn\u00e9l igazoltak &#8211; hozta nyilv\u00e1noss\u00e1gra Ihor Kuzin orsz\u00e1gos tisztif\u0151orvos, az eg\u00e9szs\u00e9g\u00fcgyi miniszter helyettese.<\/p>\n","protected":false},"author":1001005,"featured_media":0,"comment_status":"open","ping_status":"open","sticky":false,"template":"","format":"standard","meta":[],"categories":[427],"tags":[],"_links":{"self":[{"href":"https:\/\/gazdasagportal.hu\/index.php\/wp-json\/wp\/v2\/posts\/137315"}],"collection":[{"href":"https:\/\/gazdasagportal.hu\/index.php\/wp-json\/wp\/v2\/posts"}],"about":[{"href":"https:\/\/gazdasagportal.hu\/index.php\/wp-json\/wp\/v2\/types\/post"}],"author":[{"embeddable":true,"href":"https:\/\/gazdasagportal.hu\/index.php\/wp-json\/wp\/v2\/users\/1001005"}],"replies":[{"embeddable":true,"href":"https:\/\/gazdasagportal.hu\/index.php\/wp-json\/wp\/v2\/comments?post=137315"}],"version-history":[{"count":1,"href":"https:\/\/gazdasagportal.hu\/index.php\/wp-json\/wp\/v2\/posts\/137315\/revisions"}],"predecessor-version":[{"id":137316,"href":"https:\/\/gazdasagportal.hu\/index.php\/wp-json\/wp\/v2\/posts\/137315\/revisions\/137316"}],"wp:attachment":[{"href":"https:\/\/gazdasagportal.hu\/index.php\/wp-json\/wp\/v2\/media?parent=137315"}],"wp:term":[{"taxonomy":"category","embeddable":true,"href":"https:\/\/gazdasagportal.hu\/index.php\/wp-json\/wp\/v2\/categories?post=137315"},{"taxonomy":"post_tag","embeddable":true,"href":"https:\/\/gazdasagportal.hu\/index.php\/wp-json\/wp\/v2\/tags?post=137315"}],"curies":[{"name":"wp","href":"https:\/\/api.w.org\/{rel}","templated":true}]}}