{"id":137288,"date":"2021-08-05T15:20:51","date_gmt":"2021-08-05T13:20:51","guid":{"rendered":"https:\/\/gazdasagportal.hu\/?p=137288"},"modified":"2021-08-05T15:20:51","modified_gmt":"2021-08-05T13:20:51","slug":"tobb-napsutes-es-melegedes-varhato-a-hetvegen","status":"publish","type":"post","link":"https:\/\/gazdasagportal.hu\/index.php\/tobb-napsutes-es-melegedes-varhato-a-hetvegen\/","title":{"rendered":"T\u00f6bb naps\u00fct\u00e9s \u00e9s meleged\u00e9s v\u00e1rhat\u00f3 a h\u00e9tv\u00e9g\u00e9n"},"content":{"rendered":"<p><strong>A h\u00e9tv\u00e9g\u00e9n ism\u00e9t t\u00f6bb lesz a naps\u00fct\u00e9s, sz\u00e1razabb \u00e9s melegebb id\u0151 v\u00e1rhat\u00f3, vas\u00e1rnap n\u00e9hol 36 Celsius-fokot is m\u00e9rhetnek &#8211; der\u00fcl ki az Orsz\u00e1gos Meteorol\u00f3giai Szolg\u00e1lat orsz\u00e1gos, k\u00f6z\u00e9pt\u00e1v\u00fa el\u0151rejelz\u00e9s\u00e9b\u0151l, amelyet cs\u00fct\u00f6rt\u00f6k\u00f6n juttattak el az MTI-hez.<\/strong><!--more--><\/p>\n<div class=\"ads-in-post2\"><script async src=\"https:\/\/pagead2.googlesyndication.com\/pagead\/js\/adsbygoogle.js\"><\/script>\r\n<ins class=\"adsbygoogle\"\r\n     style=\"display:block\"\r\n     data-ad-format=\"fluid\"\r\n     data-ad-layout-key=\"-6t+ed+2i-1n-4w\"\r\n     data-ad-client=\"ca-pub-1959107119989764\"\r\n     data-ad-slot=\"4008251320\"><\/ins>\r\n<script>\r\n     (adsbygoogle = window.adsbygoogle || []).push({});\r\n<\/script><\/div>\n<p>    P\u00e9nteken napos, gomolyfelh\u0151s id\u0151 v\u00e1rhat\u00f3, de f\u0151leg \u00e9szakkeleten, valamint a Dun\u00e1nt\u00falon kialakulhat elsz\u00f3rtan z\u00e1por, n\u00e9hol zivatar. M\u00e1shol kisebb a csapad\u00e9k val\u00f3sz\u00edn\u0171s\u00e9ge. T\u00f6bbfel\u00e9 er\u0151s lesz a sz\u00e9l. A hajnali 11-17 fokr\u00f3l d\u00e9lut\u00e1n 22-28 fokig melegszik a leveg\u0151.<br \/>\n    Szombaton is sok lesz a naps\u00fct\u00e9s, de a nyugati \u00e9s \u00e9szakkeleti hat\u00e1rvid\u00e9ken ekkor is el\u0151fordulhat kis es\u00e9llyel fut\u00f3 z\u00e1por. A legalacsonyabb h\u0151m\u00e9rs\u00e9klet 12-17, a legmagasabb h\u0151m\u00e9rs\u00e9klet 27-32 fok k\u00f6z\u00f6tt alakul.<br \/>\n    Vas\u00e1rnap is nagyr\u00e9szt gomolyfelh\u0151s, napos id\u0151 v\u00e1rhat\u00f3.<br \/>\n<div class=\"ads-in-post2\"><script async src=\"https:\/\/pagead2.googlesyndication.com\/pagead\/js\/adsbygoogle.js\"><\/script>\r\n<ins class=\"adsbygoogle\"\r\n     style=\"display:block\"\r\n     data-ad-format=\"fluid\"\r\n     data-ad-layout-key=\"-6t+ed+2i-1n-4w\"\r\n     data-ad-client=\"ca-pub-1959107119989764\"\r\n     data-ad-slot=\"4008251320\"><\/ins>\r\n<script>\r\n     (adsbygoogle = window.adsbygoogle || []).push({});\r\n<\/script><\/div>\n Estig csak nyugaton \u00e9s \u00e9szakon lehet elv\u00e9tve csapad\u00e9k. Est\u00e9t\u0151l azonban \u00e9szaknyugat fel\u0151l m\u00e1r t\u00f6bb helyen val\u00f3sz\u00edn\u0171 z\u00e1por, zivatar, tov\u00e1bb\u00e1 a sz\u00e9l is meger\u0151s\u00f6dik. A minimumh\u0151m\u00e9rs\u00e9klet 15-22, a maximumh\u0151m\u00e9rs\u00e9klet 27-36 fok k\u00f6z\u00f6tt val\u00f3sz\u00edn\u0171; a Dun\u00e1nt\u00fal \u00e9szaknyugati r\u00e9szein lesz h\u0171v\u00f6sebb &#8211; olvashat\u00f3 az el\u0151rejelz\u00e9sben.(MTI)<\/p>\n","protected":false},"excerpt":{"rendered":"<p>A h\u00e9tv\u00e9g\u00e9n ism\u00e9t t\u00f6bb lesz a naps\u00fct\u00e9s, sz\u00e1razabb \u00e9s melegebb id\u0151 v\u00e1rhat\u00f3, vas\u00e1rnap n\u00e9hol 36 Celsius-fokot is m\u00e9rhetnek &#8211; der\u00fcl ki az Orsz\u00e1gos Meteorol\u00f3giai Szolg\u00e1lat orsz\u00e1gos, k\u00f6z\u00e9pt\u00e1v\u00fa el\u0151rejelz\u00e9s\u00e9b\u0151l, amelyet cs\u00fct\u00f6rt\u00f6k\u00f6n juttattak el az MTI-hez.<\/p>\n","protected":false},"author":1001005,"featured_media":0,"comment_status":"open","ping_status":"open","sticky":false,"template":"","format":"standard","meta":[],"categories":[438],"tags":[],"_links":{"self":[{"href":"https:\/\/gazdasagportal.hu\/index.php\/wp-json\/wp\/v2\/posts\/137288"}],"collection":[{"href":"https:\/\/gazdasagportal.hu\/index.php\/wp-json\/wp\/v2\/posts"}],"about":[{"href":"https:\/\/gazdasagportal.hu\/index.php\/wp-json\/wp\/v2\/types\/post"}],"author":[{"embeddable":true,"href":"https:\/\/gazdasagportal.hu\/index.php\/wp-json\/wp\/v2\/users\/1001005"}],"replies":[{"embeddable":true,"href":"https:\/\/gazdasagportal.hu\/index.php\/wp-json\/wp\/v2\/comments?post=137288"}],"version-history":[{"count":1,"href":"https:\/\/gazdasagportal.hu\/index.php\/wp-json\/wp\/v2\/posts\/137288\/revisions"}],"predecessor-version":[{"id":137289,"href":"https:\/\/gazdasagportal.hu\/index.php\/wp-json\/wp\/v2\/posts\/137288\/revisions\/137289"}],"wp:attachment":[{"href":"https:\/\/gazdasagportal.hu\/index.php\/wp-json\/wp\/v2\/media?parent=137288"}],"wp:term":[{"taxonomy":"category","embeddable":true,"href":"https:\/\/gazdasagportal.hu\/index.php\/wp-json\/wp\/v2\/categories?post=137288"},{"taxonomy":"post_tag","embeddable":true,"href":"https:\/\/gazdasagportal.hu\/index.php\/wp-json\/wp\/v2\/tags?post=137288"}],"curies":[{"name":"wp","href":"https:\/\/api.w.org\/{rel}","templated":true}]}}