{"id":137286,"date":"2021-08-05T14:49:03","date_gmt":"2021-08-05T12:49:03","guid":{"rendered":"https:\/\/gazdasagportal.hu\/?p=137286"},"modified":"2021-08-05T14:49:03","modified_gmt":"2021-08-05T12:49:03","slug":"koronavirus-belgiumban-ismet-novekedett-az-uj-fertozottek-szama","status":"publish","type":"post","link":"https:\/\/gazdasagportal.hu\/index.php\/koronavirus-belgiumban-ismet-novekedett-az-uj-fertozottek-szama\/","title":{"rendered":"Koronav\u00edrus &#8211; Belgiumban ism\u00e9t n\u00f6vekedett az \u00faj fert\u0151z\u00f6ttek sz\u00e1ma"},"content":{"rendered":"<p><strong>Belgiumban a m\u00falt h\u00e9ten napi \u00e1tlagban 1063 embert fert\u0151z\u0151d\u00f6tt meg koronav\u00edrussal, 9 sz\u00e1zal\u00e9kkal t\u00f6bb, mint az azt megel\u0151z\u0151 h\u00e9ten, a hal\u00e1lesetek sz\u00e1ma pedig 57 sz\u00e1zal\u00e9kkal emelkedett &#8211; k\u00f6z\u00f6lte cs\u00fct\u00f6rt\u00f6k\u00f6n a belga n\u00e9peg\u00e9szs\u00e9g\u00fcgyi int\u00e9zet (Sciensano).<\/strong><!--more--><\/p>\n<div class=\"ads-in-post2\"><script async src=\"https:\/\/pagead2.googlesyndication.com\/pagead\/js\/adsbygoogle.js\"><\/script>\r\n<ins class=\"adsbygoogle\"\r\n     style=\"display:block\"\r\n     data-ad-format=\"fluid\"\r\n     data-ad-layout-key=\"-6t+ed+2i-1n-4w\"\r\n     data-ad-client=\"ca-pub-1959107119989764\"\r\n     data-ad-slot=\"4008251320\"><\/ins>\r\n<script>\r\n     (adsbygoogle = window.adsbygoogle || []).push({});\r\n<\/script><\/div>\n<p>    Az int\u00e9zet legfrissebb statisztik\u00e1ib\u00f3l kider\u00fcl, hogy naponta k\u00f6r\u00fclbel\u00fcl hatvanezer tesztet v\u00e9geztek az utols\u00f3 h\u00e9t napban, k\u00f6z\u00fcl\u00fck 3,2 sz\u00e1zal\u00e9k bizonyult pozit\u00edvnak, ami h\u00f3napok \u00f3ta a legmagasabb \u00e9rt\u00e9k. Emellett j\u00falius 29. \u00e9s augusztus 4. k\u00f6z\u00f6tt naponta \u00e1tlagosan 38,4 \u00faj k\u00f3rh\u00e1zi felv\u00e9tel t\u00f6rt\u00e9nt, ami 21 sz\u00e1zal\u00e9kos n\u00f6veked\u00e9st jelent a kor\u00e1bbihoz k\u00e9pest.<br \/>\n    Jelenleg 369 beteg szorul k\u00f3rh\u00e1zi kezel\u00e9sre, k\u00f6z\u00fcl\u00fck 92-en intenz\u00edv r\u00e9szlegen vannak. A k\u00f3rh\u00e1zba ker\u00fcltek t\u00f6bbs\u00e9ge a jelent\u00e9sek szerint nem volt teljesen beoltva. T\u00f6bb mint h\u00e9tmilli\u00f3 ember &#8211; Belgium feln\u0151tt lakoss\u00e1g\u00e1nak 75,2 sz\u00e1zal\u00e9ka &#8211; kapta meg eddig a m\u00e1sodik adag vakcin\u00e1t.<br \/>\n    A Het Nieuwsblad c\u00edm\u0171 napilap szerint a flamand \u00e9s vallon t\u00e9rs\u00e9gben 77, illetve 73 sz\u00e1zal\u00e9kos az \u00e1toltotts\u00e1g, m\u00edg a br\u00fcsszeli r\u00e9gi\u00f3ban csak 62. Jan Jambon flamand minisztereln\u00f6k azt mondta az \u00fajs\u00e1gnak, hogy szeretn\u00e9 felgyors\u00edtani a korl\u00e1toz\u00f3 int\u00e9zked\u00e9sek visszavon\u00e1s\u00e1t, \u00e9s nem v\u00e1rna a f\u0151v\u00e1rosi r\u00e9gi\u00f3ra. Mint mondta, szeptemberre a flamand lakoss\u00e1g 90 sz\u00e1zal\u00e9ka megkapja mindk\u00e9t adag olt\u00e1st, \u00edgy nincs \u00e9rtelme tov\u00e1bb v\u00e1rni a laz\u00edt\u00e1sokkal.<br \/>\n<div class=\"ads-in-post2\"><script async src=\"https:\/\/pagead2.googlesyndication.com\/pagead\/js\/adsbygoogle.js\"><\/script>\r\n<ins class=\"adsbygoogle\"\r\n     style=\"display:block\"\r\n     data-ad-format=\"fluid\"\r\n     data-ad-layout-key=\"-6t+ed+2i-1n-4w\"\r\n     data-ad-client=\"ca-pub-1959107119989764\"\r\n     data-ad-slot=\"4008251320\"><\/ins>\r\n<script>\r\n     (adsbygoogle = window.adsbygoogle || []).push({});\r\n<\/script><\/div>\n    Marc Van Ranst, Belgium legismertebb virol\u00f3gus szak\u00e9rt\u0151je szerint nem felt\u00e9tlen\u00fcl aj\u00e1nlott, hogy Flandria k\u00fcl\u00f6n szab\u00e1lyokat vezessen be, azonban ez egy bizonyos ponton \u00e9szszer\u0171v\u00e9 v\u00e1lhat. Emellett \u00fagy v\u00e9lte, ha a flamand t\u00e9rs\u00e9g el\u0151bb vezet be enyh\u00edt\u00e9seket, az tal\u00e1n \u00f6szt\u00f6n\u00f6zheti a t\u00f6bbi r\u00e9gi\u00f3 vezet\u0151j\u00e9t, hogy m\u00e9g sikeresebb olt\u00e1si kamp\u00e1nyt szorgalmazzanak.(MTI)<\/p>\n","protected":false},"excerpt":{"rendered":"<p>Belgiumban a m\u00falt h\u00e9ten napi \u00e1tlagban 1063 embert fert\u0151z\u0151d\u00f6tt meg koronav\u00edrussal, 9 sz\u00e1zal\u00e9kkal t\u00f6bb, mint az azt megel\u0151z\u0151 h\u00e9ten, a hal\u00e1lesetek sz\u00e1ma pedig 57 sz\u00e1zal\u00e9kkal emelkedett &#8211; k\u00f6z\u00f6lte cs\u00fct\u00f6rt\u00f6k\u00f6n a belga n\u00e9peg\u00e9szs\u00e9g\u00fcgyi int\u00e9zet (Sciensano).<\/p>\n","protected":false},"author":1001005,"featured_media":0,"comment_status":"open","ping_status":"open","sticky":false,"template":"","format":"standard","meta":[],"categories":[427],"tags":[],"_links":{"self":[{"href":"https:\/\/gazdasagportal.hu\/index.php\/wp-json\/wp\/v2\/posts\/137286"}],"collection":[{"href":"https:\/\/gazdasagportal.hu\/index.php\/wp-json\/wp\/v2\/posts"}],"about":[{"href":"https:\/\/gazdasagportal.hu\/index.php\/wp-json\/wp\/v2\/types\/post"}],"author":[{"embeddable":true,"href":"https:\/\/gazdasagportal.hu\/index.php\/wp-json\/wp\/v2\/users\/1001005"}],"replies":[{"embeddable":true,"href":"https:\/\/gazdasagportal.hu\/index.php\/wp-json\/wp\/v2\/comments?post=137286"}],"version-history":[{"count":1,"href":"https:\/\/gazdasagportal.hu\/index.php\/wp-json\/wp\/v2\/posts\/137286\/revisions"}],"predecessor-version":[{"id":137287,"href":"https:\/\/gazdasagportal.hu\/index.php\/wp-json\/wp\/v2\/posts\/137286\/revisions\/137287"}],"wp:attachment":[{"href":"https:\/\/gazdasagportal.hu\/index.php\/wp-json\/wp\/v2\/media?parent=137286"}],"wp:term":[{"taxonomy":"category","embeddable":true,"href":"https:\/\/gazdasagportal.hu\/index.php\/wp-json\/wp\/v2\/categories?post=137286"},{"taxonomy":"post_tag","embeddable":true,"href":"https:\/\/gazdasagportal.hu\/index.php\/wp-json\/wp\/v2\/tags?post=137286"}],"curies":[{"name":"wp","href":"https:\/\/api.w.org\/{rel}","templated":true}]}}