{"id":137240,"date":"2021-08-04T14:09:45","date_gmt":"2021-08-04T12:09:45","guid":{"rendered":"https:\/\/gazdasagportal.hu\/?p=137240"},"modified":"2021-08-04T14:09:45","modified_gmt":"2021-08-04T12:09:45","slug":"romaniaban-tobb-mint-13-szazalekkal-nott-a-kiskereskedelmi-forgalom-az-elso-fel-evben","status":"publish","type":"post","link":"https:\/\/gazdasagportal.hu\/index.php\/romaniaban-tobb-mint-13-szazalekkal-nott-a-kiskereskedelmi-forgalom-az-elso-fel-evben\/","title":{"rendered":"Rom\u00e1ni\u00e1ban t\u00f6bb mint 13 sz\u00e1zal\u00e9kkal n\u0151tt a kiskereskedelmi forgalom az els\u0151 f\u00e9l \u00e9vben"},"content":{"rendered":"<p><strong>Rom\u00e1ni\u00e1ban 13,4 sz\u00e1zal\u00e9kkal n\u0151tt a kiskereskedelmi forgalom volumene az idei \u00e9v els\u0151 hat h\u00f3napj\u00e1ban a tavalyi \u00e9v azonos id\u0151szak\u00e1hoz viszony\u00edtva &#8211; k\u00f6z\u00f6lte szerd\u00e1n az orsz\u00e1gos statisztikai int\u00e9zet.<\/strong><!--more--><\/p>\n<div class=\"ads-in-post1\"><div id=\"gazdasagportal.hu_fullbanner_wideboard\"><\/div>\r\n<\/div>\n<p>    A nyers adatokb\u00f3l kisz\u00e1m\u00edtott n\u00f6veked\u00e9s az aut\u00f3k \u00e9s motorker\u00e9kp\u00e1rok \u00e9rt\u00e9kes\u00edt\u00e9s\u00e9t nem tartalmazza.<br \/>\n    A szezon\u00e1lis \u00e9s napt\u00e1rhat\u00e1ssal kiigaz\u00edtott \u00e9rt\u00e9k szerint a b\u0151v\u00fcl\u00e9s 11,6 sz\u00e1zal\u00e9kos volt.<br \/>\n    A n\u00f6veked\u00e9s f\u0151leg a nem \u00e9lelmiszereknek tulajdon\u00edthat\u00f3: ezekb\u0151l (a nyers adatok szerint) 21,4 sz\u00e1zal\u00e9kkal t\u00f6bbet adtak el. Az \u00fczemanyagok \u00e9rt\u00e9kes\u00edt\u00e9se 14,7 sz\u00e1zal\u00e9kkal, az \u00e9lelmiszerek\u00e9 pedig 4,9 sz\u00e1zal\u00e9kkal n\u0151tt a tavalyi \u00e9v els\u0151 fel\u00e9hez k\u00e9pest.<br \/>\n    A viszony\u00edt\u00e1si id\u0151szak mag\u00e1ba foglalja azt a (2020 m\u00e1rcius k\u00f6zep\u00e9t\u0151l m\u00e1jus k\u00f6zep\u00e9ig tart\u00f3) k\u00e9th\u00f3napos id\u0151szakot is, amikor a koronav\u00edrus-j\u00e1rv\u00e1ny miatt elrendelt rendk\u00edv\u00fcli \u00e1llapot miatt a kiskereskedelmi forgalom volumene (els\u0151sorban az \u00fczemanyag-\u00e9rt\u00e9kes\u00edt\u00e9s megtorpan\u00e1sa miatt) mintegy 20 sz\u00e1zal\u00e9kkal, az \u00f6t \u00e9vvel kor\u00e1bbi szintre esett vissza.<br \/>\n<div class=\"ads-in-post2\"><script async src=\"https:\/\/pagead2.googlesyndication.com\/pagead\/js\/adsbygoogle.js\"><\/script>\r\n<ins class=\"adsbygoogle\"\r\n     style=\"display:block\"\r\n     data-ad-format=\"fluid\"\r\n     data-ad-layout-key=\"-6t+ed+2i-1n-4w\"\r\n     data-ad-client=\"ca-pub-1959107119989764\"\r\n     data-ad-slot=\"4008251320\"><\/ins>\r\n<script>\r\n     (adsbygoogle = window.adsbygoogle || []).push({});\r\n<\/script><\/div>\n    Id\u00e9n j\u00faniusban a rom\u00e1n kiskereskedelmi forgalom volumene a nyers adatok szerint (az aut\u00f3- \u00e9s motorker\u00e9kp\u00e1r-\u00e9rt\u00e9kes\u00edt\u00e9s n\u00e9lk\u00fcl) 12,1 sz\u00e1zal\u00e9kkal b\u0151v\u00fclt 2020 j\u00fanius\u00e1hoz viszony\u00edtva. A szezon\u00e1lis \u00e9s napt\u00e1rhat\u00e1ssal kiigaz\u00edtott \u00e9rt\u00e9k szerint a b\u0151v\u00fcl\u00e9s 13,6 sz\u00e1zal\u00e9kos volt. Az el\u0151z\u0151 h\u00f3naphoz, m\u00e1jushoz k\u00e9pest a nyers adatok szerint 3,2 sz\u00e1zal\u00e9kkal n\u0151tt, a kiigaz\u00edtott \u00e9rt\u00e9k szerint viszont 0,1 sz\u00e1zal\u00e9kkal cs\u00f6kkent a forgalom.<br \/>\n    Rom\u00e1ni\u00e1ban tavaly \u00e9ves szinten 2,2 sz\u00e1zal\u00e9kkal n\u0151tt a kiskereskedelmi forgalom volumene az el\u0151z\u0151 \u00e9vhez m\u00e9rten.(MTI)<\/p>\n","protected":false},"excerpt":{"rendered":"<p>Rom\u00e1ni\u00e1ban 13,4 sz\u00e1zal\u00e9kkal n\u0151tt a kiskereskedelmi forgalom volumene az idei \u00e9v els\u0151 hat h\u00f3napj\u00e1ban a tavalyi \u00e9v azonos id\u0151szak\u00e1hoz viszony\u00edtva &#8211; k\u00f6z\u00f6lte szerd\u00e1n az orsz\u00e1gos statisztikai int\u00e9zet.<\/p>\n","protected":false},"author":1001006,"featured_media":0,"comment_status":"open","ping_status":"open","sticky":false,"template":"","format":"standard","meta":[],"categories":[19],"tags":[],"_links":{"self":[{"href":"https:\/\/gazdasagportal.hu\/index.php\/wp-json\/wp\/v2\/posts\/137240"}],"collection":[{"href":"https:\/\/gazdasagportal.hu\/index.php\/wp-json\/wp\/v2\/posts"}],"about":[{"href":"https:\/\/gazdasagportal.hu\/index.php\/wp-json\/wp\/v2\/types\/post"}],"author":[{"embeddable":true,"href":"https:\/\/gazdasagportal.hu\/index.php\/wp-json\/wp\/v2\/users\/1001006"}],"replies":[{"embeddable":true,"href":"https:\/\/gazdasagportal.hu\/index.php\/wp-json\/wp\/v2\/comments?post=137240"}],"version-history":[{"count":1,"href":"https:\/\/gazdasagportal.hu\/index.php\/wp-json\/wp\/v2\/posts\/137240\/revisions"}],"predecessor-version":[{"id":137241,"href":"https:\/\/gazdasagportal.hu\/index.php\/wp-json\/wp\/v2\/posts\/137240\/revisions\/137241"}],"wp:attachment":[{"href":"https:\/\/gazdasagportal.hu\/index.php\/wp-json\/wp\/v2\/media?parent=137240"}],"wp:term":[{"taxonomy":"category","embeddable":true,"href":"https:\/\/gazdasagportal.hu\/index.php\/wp-json\/wp\/v2\/categories?post=137240"},{"taxonomy":"post_tag","embeddable":true,"href":"https:\/\/gazdasagportal.hu\/index.php\/wp-json\/wp\/v2\/tags?post=137240"}],"curies":[{"name":"wp","href":"https:\/\/api.w.org\/{rel}","templated":true}]}}