{"id":137234,"date":"2021-08-04T10:48:05","date_gmt":"2021-08-04T08:48:05","guid":{"rendered":"https:\/\/gazdasagportal.hu\/?p=137234"},"modified":"2021-08-04T10:48:05","modified_gmt":"2021-08-04T08:48:05","slug":"mekh-juniusban-europa-szerte-emelkedtek-a-villamosenergia-arak","status":"publish","type":"post","link":"https:\/\/gazdasagportal.hu\/index.php\/mekh-juniusban-europa-szerte-emelkedtek-a-villamosenergia-arak\/","title":{"rendered":"MEKH: j\u00faniusban Eur\u00f3pa-szerte emelkedtek a villamosenergia-\u00e1rak"},"content":{"rendered":"<p><strong>A n\u00f6vekv\u0151 kereslet, az emelked\u0151 k\u00f6lts\u00e9gek \u00e9s az alacsony sz\u00e9ler\u0151m\u0171vi termel\u00e9s miatt j\u00faniusban folytat\u00f3dott a villamos energia \u00e1r\u00e1nak emelked\u00e9se mind az eur\u00f3pai, mind a belf\u00f6ldi piacokon &#8211; der\u00fcl ki a Magyar Energetikai \u00e9s K\u00f6zm\u0171-szab\u00e1lyoz\u00e1si Hivatal (MEKH) j\u00faniusi piacmonitoring riportj\u00e1b\u00f3l.<\/strong><!--more--><\/p>\n<div class=\"ads-in-post1\"><div id=\"gazdasagportal.hu_fullbanner_wideboard\"><\/div>\r\n<\/div>\n<p>A ny\u00e1r els\u0151 h\u00f3napj\u00e1ban a magyarorsz\u00e1gi termel\u00e9s ennek ellen\u00e9re jelent\u0151sen n\u0151tt tavaly j\u00faniushoz k\u00e9pest.<br \/>\nAz \u00e1remelked\u00e9skiv\u00e1lt\u00f3 els\u0151 t\u00e9nyez\u0151 a magasabb kereslet volt, ami nagyr\u00e9szt a kedvez\u0151 n\u00f6veked\u00e9si kil\u00e1t\u00e1soknak k\u00f6sz\u00f6nhet\u0151. R\u00f6vid t\u00e1von a h\u0151hull\u00e1mok fogyaszt\u00e1sra gyakorolt hat\u00e1sa is jelent\u0151s volt, a hivatal becsl\u00e9se szerint a magas h\u0151m\u00e9rs\u00e9klet\u0171 napokon 5 sz\u00e1zal\u00e9kkal is megemelkedik a belf\u00f6ldi villamosenergia-kereslet. A nagyobb naper\u0151m\u0171vi termel\u00e9s napk\u00f6zben visszafogta az \u00e1rak emelked\u00e9s\u00e9t, az esti \u00f3r\u00e1kban azonban jelent\u0151s &#8222;\u00e1rt\u00fcsk\u00e9k&#8221; jelentkeztek a nagyon meleg napokon &#8211; \u00edrta k\u00f6zlem\u00e9ny\u00e9ben a MEKH.<br \/>\nAz \u00e1remel\u00e9s m\u00e1sodik ok\u00e1t a &#8222;t\u00e9nyez\u0151\u00e1rak&#8221; jelentett\u00e9k. Ebben a h\u00f3napban legink\u00e1bb a g\u00e1z\u00e1rak emelked\u00e9se h\u00fazta felfel\u00e9 az \u00e1ram\u00e1rakat, a spot \u00e1rak az el\u0151z\u0151 h\u00f3naphoz k\u00e9pest 15 sz\u00e1zal\u00e9kkal n\u0151ttek, tavaly j\u00faniushoz viszony\u00edtva k\u00f6zel n\u00e9gyszeres az \u00e1rak emelked\u00e9se. A j\u00f6v\u0151 \u00e9vi g\u00e1zterm\u00e9k \u00e1ra is 20 sz\u00e1zal\u00e9kkal emelkedett a h\u00f3nap sor\u00e1n.<br \/>\nA sz\u00e9n- \u00e9s a sz\u00e9ndioxid-kv\u00f3ta\u00e1rak is tov\u00e1bb n\u0151ttek, ami fokozta a k\u00f6lts\u00e9goldali \u00e1rnyom\u00e1st. A magyar piacon a m\u00e1snapi \u00e1rak \u00e1tlaga 78 eur\u00f3ra k\u00faszott megawatt\u00f3r\u00e1nk\u00e9nt (MWh), t\u00f6bb olyan nap is volt, amikor a m\u00e1snapi zsin\u00f3r\u00e1r meghaladta a 100 eur\u00f3\/MWh-t. A j\u00f6v\u0151 \u00e9vi zsin\u00f3r\u00e1rak is megawattonk\u00e9nt 74 eur\u00f3ra emelkedtek, ami 50 sz\u00e1zal\u00e9kkal magasabb, mint a tavaly j\u00faniusi \u00e9rt\u00e9k.<br \/>\n<div class=\"ads-in-post2\"><script async src=\"https:\/\/pagead2.googlesyndication.com\/pagead\/js\/adsbygoogle.js\"><\/script>\r\n<ins class=\"adsbygoogle\"\r\n     style=\"display:block\"\r\n     data-ad-format=\"fluid\"\r\n     data-ad-layout-key=\"-6t+ed+2i-1n-4w\"\r\n     data-ad-client=\"ca-pub-1959107119989764\"\r\n     data-ad-slot=\"4008251320\"><\/ins>\r\n<script>\r\n     (adsbygoogle = window.adsbygoogle || []).push({});\r\n<\/script><\/div>\nAz Eur\u00f3pa-szerte alacsony sz\u00e9ler\u0151m\u0171vi termel\u00e9s is hozz\u00e1j\u00e1rult a magas \u00e1rakhoz, amelynek hely\u00e9re a fosszilis termel\u00e9s l\u00e9pett. A legnagyobb eur\u00f3pai piacokon csaknem 50 sz\u00e1zal\u00e9kkal volt magasabb a sz\u00e9n- \u00e9s g\u00e1zt\u00fczel\u00e9s\u0171 er\u0151m\u0171vek termel\u00e9se, mint egy \u00e9vvel kor\u00e1bban.<br \/>\nA magyarorsz\u00e1gi termel\u00e9s csaknem 30 sz\u00e1zal\u00e9kkal emelkedett az egy \u00e9vvel kor\u00e1bbi szinthez k\u00e9pest. A nukle\u00e1ris termel\u00e9s a karbantart\u00e1sok elt\u00e9r\u0151 \u00fctemez\u00e9se, a naper\u0151m\u0171vek termel\u00e9se, a be\u00e9p\u00edtett kapacit\u00e1s emelked\u00e9se, a fosszilis termel\u00e9s pedig a kedvez\u0151 \u00e1ralakul\u00e1s miatt emelkedett. A naper\u0151m\u0171vek s\u00falya 12,6 sz\u00e1zal\u00e9kos volt a termel\u00e9sben.(MTI)<\/p>\n","protected":false},"excerpt":{"rendered":"<p>A n\u00f6vekv\u0151 kereslet, az emelked\u0151 k\u00f6lts\u00e9gek \u00e9s az alacsony sz\u00e9ler\u0151m\u0171vi termel\u00e9s miatt j\u00faniusban folytat\u00f3dott a villamos energia \u00e1r\u00e1nak emelked\u00e9se mind az eur\u00f3pai, mind a belf\u00f6ldi piacokon &#8211; der\u00fcl ki a Magyar Energetikai \u00e9s K\u00f6zm\u0171-szab\u00e1lyoz\u00e1si Hivatal (MEKH) j\u00faniusi piacmonitoring riportj\u00e1b\u00f3l.<\/p>\n","protected":false},"author":1001006,"featured_media":0,"comment_status":"open","ping_status":"open","sticky":false,"template":"","format":"standard","meta":[],"categories":[19],"tags":[],"_links":{"self":[{"href":"https:\/\/gazdasagportal.hu\/index.php\/wp-json\/wp\/v2\/posts\/137234"}],"collection":[{"href":"https:\/\/gazdasagportal.hu\/index.php\/wp-json\/wp\/v2\/posts"}],"about":[{"href":"https:\/\/gazdasagportal.hu\/index.php\/wp-json\/wp\/v2\/types\/post"}],"author":[{"embeddable":true,"href":"https:\/\/gazdasagportal.hu\/index.php\/wp-json\/wp\/v2\/users\/1001006"}],"replies":[{"embeddable":true,"href":"https:\/\/gazdasagportal.hu\/index.php\/wp-json\/wp\/v2\/comments?post=137234"}],"version-history":[{"count":1,"href":"https:\/\/gazdasagportal.hu\/index.php\/wp-json\/wp\/v2\/posts\/137234\/revisions"}],"predecessor-version":[{"id":137235,"href":"https:\/\/gazdasagportal.hu\/index.php\/wp-json\/wp\/v2\/posts\/137234\/revisions\/137235"}],"wp:attachment":[{"href":"https:\/\/gazdasagportal.hu\/index.php\/wp-json\/wp\/v2\/media?parent=137234"}],"wp:term":[{"taxonomy":"category","embeddable":true,"href":"https:\/\/gazdasagportal.hu\/index.php\/wp-json\/wp\/v2\/categories?post=137234"},{"taxonomy":"post_tag","embeddable":true,"href":"https:\/\/gazdasagportal.hu\/index.php\/wp-json\/wp\/v2\/tags?post=137234"}],"curies":[{"name":"wp","href":"https:\/\/api.w.org\/{rel}","templated":true}]}}