{"id":137212,"date":"2021-08-03T15:59:00","date_gmt":"2021-08-03T13:59:00","guid":{"rendered":"https:\/\/gazdasagportal.hu\/?p=137212"},"modified":"2021-08-03T15:30:41","modified_gmt":"2021-08-03T13:30:41","slug":"gyorsult-az-inflacio-torokorszagban-juliusban","status":"publish","type":"post","link":"https:\/\/gazdasagportal.hu\/index.php\/gyorsult-az-inflacio-torokorszagban-juliusban\/","title":{"rendered":"Gyorsult az infl\u00e1ci\u00f3 T\u00f6r\u00f6korsz\u00e1gban j\u00faliusban"},"content":{"rendered":"<p><strong>T\u00f6bb mint k\u00e9t\u00e9ves cs\u00facsra gyorsult a fogyaszt\u00f3i \u00e1rak emelked\u00e9s\u00e9nek \u00e9ves \u00f6sszevet\u00e9s\u0171 \u00fcteme T\u00f6r\u00f6korsz\u00e1gban j\u00faliusban.<\/strong><!--more--><\/p>\n<div class=\"ads-in-post1\"><div id=\"gazdasagportal.hu_fullbanner_wideboard\"><\/div>\r\n<\/div>\n<p>    A t\u00f6r\u00f6k statisztikai hivatal kedden k\u00f6z\u00f6lte, hogy j\u00faliusban 18,95 sz\u00e1zal\u00e9kkal emelkedtek a fogyaszt\u00f3i \u00e1rak az egy \u00e9vvel kor\u00e1bbihoz k\u00e9pest, ami 2019 \u00e1prilisa \u00f3ta a legmagasabb \u00e9rt\u00e9k, \u00e9s alig marad el a jegybanki alapkamat 19 sz\u00e1zal\u00e9kos szintj\u00e9t\u0151l.<br \/>\n    Elemz\u0151k jobb adatra, 18,5 sz\u00e1zal\u00e9kra sz\u00e1m\u00edtottak a j\u00faniusban m\u00e9rt 17,53 sz\u00e1zal\u00e9k ut\u00e1n.<br \/>\n    Havi \u00f6sszevet\u00e9sben 1,8 sz\u00e1zal\u00e9kkal mentek feljebb az \u00e1rak, ami ugyancsak meghaladta az elemz\u0151k \u00e1ltal v\u00e1rt 1,54 sz\u00e1zal\u00e9kot. J\u00faniusban 1,94 sz\u00e1zal\u00e9kos emelked\u00e9st m\u00e9rtek az el\u0151z\u0151 h\u00f3naphoz k\u00e9pest.<br \/>\n    A feldolgozatlan \u00e9lelmiszerek, az energia, az alkoholos italok, a doh\u00e1ny \u00e9s az arany gyakran v\u00e1ltoz\u00e9kony \u00e1r\u00e1t nem sz\u00e1molva j\u00faniushoz k\u00e9pest 1,00 sz\u00e1zal\u00e9kkal, tavaly j\u00faliushoz viszony\u00edtva pedig 18,51 sz\u00e1zal\u00e9kkal n\u0151ttek a fogyaszt\u00f3i \u00e1rak.<br \/>\n    Az ut\u00f3bbi t\u00f6bb mint n\u00e9gy \u00e9vben, 2017 febru\u00e1rja \u00f3ta szinte minden h\u00f3napban k\u00e9tsz\u00e1mjegy\u0171 volt az \u00e9ves \u00f6sszevet\u00e9s\u0171 infl\u00e1ci\u00f3. A t\u00f6r\u00f6k l\u00edra gyenges\u00e9ge \u00e9s a nyersanyag\u00e1rak elszabadul\u00e1sa mellett f\u0171t\u00f6tte az infl\u00e1ci\u00f3t a monet\u00e1ris politika hiteless\u00e9g\u00e9nek megfogyatkoz\u00e1sa is.<br \/>\n    A piacok rosszul fogadt\u00e1k, hogy Recep Tayyip Erdogan t\u00f6r\u00f6k eln\u00f6k m\u00e1rciusban v\u00e1ratlanul menesztette Naci Agbalt, a jegybank addigi korm\u00e1nyz\u00f3j\u00e1t a drasztikus kamatemel\u00e9sek k\u00f6vetkezm\u00e9nyek\u00e9nt.<br \/>\n<div class=\"ads-in-post2\"><script async src=\"https:\/\/pagead2.googlesyndication.com\/pagead\/js\/adsbygoogle.js\"><\/script>\r\n<ins class=\"adsbygoogle\"\r\n     style=\"display:block\"\r\n     data-ad-format=\"fluid\"\r\n     data-ad-layout-key=\"-6t+ed+2i-1n-4w\"\r\n     data-ad-client=\"ca-pub-1959107119989764\"\r\n     data-ad-slot=\"4008251320\"><\/ins>\r\n<script>\r\n     (adsbygoogle = window.adsbygoogle || []).push({});\r\n<\/script><\/div>\n    A kamatemel\u00e9si ciklus tavaly szeptemberben indult, akkor 2 sz\u00e1zal\u00e9kponttal, 10,25 sz\u00e1zal\u00e9kra, novemberben 15 sz\u00e1zal\u00e9kra, decemberben 17,00 sz\u00e1zal\u00e9kra, m\u00e1rciusban pedig 19,00 sz\u00e1zal\u00e9kra h\u00fazta fel a jegybank az egyhetes repokamatot, hogy er\u0151s\u00edtse a t\u00f6r\u00f6k l\u00edr\u00e1t \u00e9s ez\u00e1ltal lass\u00edtsa az infl\u00e1ci\u00f3t.<br \/>\n    A k\u00f6zponti bank \u00faj vezet\u0151je, Sahap Kavcioglu kor\u00e1bban tagja volt az Erdogan vezette korm\u00e1nyz\u00f3 p\u00e1rtnak, az Igazs\u00e1g \u00e9s Fejl\u0151d\u00e9s P\u00e1rtj\u00e1nak. K\u00e9t \u00e9v leforg\u00e1sa alatt \u0151 m\u00e1r a negyedik jegybanki korm\u00e1nyz\u00f3, \u00e9s az eln\u00f6k \u00e1ltal vallott unortodox gazdas\u00e1gi n\u00e9zetek t\u00e1mogat\u00f3ja.<br \/>\n    Erdogan a kamatcs\u00f6kkent\u00e9sek h\u00edve, mert szerinte a magas kamatok megfojtj\u00e1k a gazdas\u00e1gi n\u00f6veked\u00e9st. A piacok viszont kamatemel\u00e9sre \u00f6szt\u00f6k\u00e9lik a jegybankot az infl\u00e1ci\u00f3 megf\u00e9kez\u00e9s\u00e9nek \u00e9rdek\u00e9ben.<br \/>\n    A jegybank monet\u00e1ris politikai bizotts\u00e1ga j\u00faniusban m\u00e1r a harmadik egym\u00e1st k\u00f6vet\u0151 kamatd\u00f6nt\u0151 \u00fcl\u00e9s\u00e9n hagyta 19 sz\u00e1zal\u00e9kon az ir\u00e1nyad\u00f3, egyhetes repokamatot, de 14,1 sz\u00e1zal\u00e9kra h\u00fazta fel az \u00e9v v\u00e9g\u00e9re v\u00e1rhat\u00f3 infl\u00e1ci\u00f3ra vonatkoz\u00f3 el\u0151rejelz\u00e9s\u00e9t, ami m\u00e9g mindig alacsonyabb a piaci v\u00e1rakoz\u00e1sokn\u00e1l. A jegybank hivatalos infl\u00e1ci\u00f3s c\u00e9lja 5 sz\u00e1zal\u00e9k.<br \/>\n<div class=\"ads-in-post2\"><script async src=\"https:\/\/pagead2.googlesyndication.com\/pagead\/js\/adsbygoogle.js\"><\/script>\r\n<ins class=\"adsbygoogle\"\r\n     style=\"display:block\"\r\n     data-ad-format=\"fluid\"\r\n     data-ad-layout-key=\"-6t+ed+2i-1n-4w\"\r\n     data-ad-client=\"ca-pub-1959107119989764\"\r\n     data-ad-slot=\"4008251320\"><\/ins>\r\n<script>\r\n     (adsbygoogle = window.adsbygoogle || []).push({});\r\n<\/script><\/div>\n    J\u00faliusban a nemzeti fizet\u0151eszk\u00f6z gyenges\u00e9ge \u00e9s a dr\u00e1ga nyersanyagimport 44,92 sz\u00e1zal\u00e9kra l\u00f6kte fel a termel\u0151i \u00e1rak n\u00f6veked\u00e9s\u00e9nek \u00e9ves \u00fctem\u00e9t, jelezve, hogy a k\u00f6vetkez\u0151 h\u00f3napokban tov\u00e1bb gyorsulhat a fogyaszt\u00f3i \u00e1rak emelked\u00e9s\u00e9nek \u00fcteme. Havi \u00f6sszevet\u00e9sben 2,46 sz\u00e1zal\u00e9kkal ugrottak meg a termel\u0151i \u00e1rak. Az el\u0151z\u0151 h\u00f3napban, j\u00faniusban 42,89, illetve 4,01 sz\u00e1zal\u00e9kra r\u00fagott az emelked\u00e9s \u00fcteme.(MTI)<\/p>\n","protected":false},"excerpt":{"rendered":"<p>T\u00f6bb mint k\u00e9t\u00e9ves cs\u00facsra gyorsult a fogyaszt\u00f3i \u00e1rak emelked\u00e9s\u00e9nek \u00e9ves \u00f6sszevet\u00e9s\u0171 \u00fcteme T\u00f6r\u00f6korsz\u00e1gban j\u00faliusban.<\/p>\n","protected":false},"author":1001005,"featured_media":0,"comment_status":"open","ping_status":"open","sticky":false,"template":"","format":"standard","meta":[],"categories":[19,246],"tags":[],"_links":{"self":[{"href":"https:\/\/gazdasagportal.hu\/index.php\/wp-json\/wp\/v2\/posts\/137212"}],"collection":[{"href":"https:\/\/gazdasagportal.hu\/index.php\/wp-json\/wp\/v2\/posts"}],"about":[{"href":"https:\/\/gazdasagportal.hu\/index.php\/wp-json\/wp\/v2\/types\/post"}],"author":[{"embeddable":true,"href":"https:\/\/gazdasagportal.hu\/index.php\/wp-json\/wp\/v2\/users\/1001005"}],"replies":[{"embeddable":true,"href":"https:\/\/gazdasagportal.hu\/index.php\/wp-json\/wp\/v2\/comments?post=137212"}],"version-history":[{"count":1,"href":"https:\/\/gazdasagportal.hu\/index.php\/wp-json\/wp\/v2\/posts\/137212\/revisions"}],"predecessor-version":[{"id":137213,"href":"https:\/\/gazdasagportal.hu\/index.php\/wp-json\/wp\/v2\/posts\/137212\/revisions\/137213"}],"wp:attachment":[{"href":"https:\/\/gazdasagportal.hu\/index.php\/wp-json\/wp\/v2\/media?parent=137212"}],"wp:term":[{"taxonomy":"category","embeddable":true,"href":"https:\/\/gazdasagportal.hu\/index.php\/wp-json\/wp\/v2\/categories?post=137212"},{"taxonomy":"post_tag","embeddable":true,"href":"https:\/\/gazdasagportal.hu\/index.php\/wp-json\/wp\/v2\/tags?post=137212"}],"curies":[{"name":"wp","href":"https:\/\/api.w.org\/{rel}","templated":true}]}}