{"id":137163,"date":"2021-08-02T22:24:38","date_gmt":"2021-08-02T20:24:38","guid":{"rendered":"https:\/\/gazdasagportal.hu\/?p=137163"},"modified":"2021-08-01T22:52:08","modified_gmt":"2021-08-01T20:52:08","slug":"a-flottanoveles-utan-zonat-is-bovit-a-greengo","status":"publish","type":"post","link":"https:\/\/gazdasagportal.hu\/index.php\/a-flottanoveles-utan-zonat-is-bovit-a-greengo\/","title":{"rendered":"A flottan\u00f6vel\u00e9s ut\u00e1n z\u00f3n\u00e1t is b\u0151v\u00edt a GreenGo"},"content":{"rendered":"<p><strong>Id\u00e9n \u00faj elektromos \u0160koda Citigo e iV modellekkel b\u0151v\u00fclt a flotta, \u00edgy szolg\u00e1ltat\u00e1si ter\u00fcletet is b\u0151v\u00edt Budapesten a GreenGo.<\/strong><!--more--><\/p>\n<div class=\"ads-in-post2\"><script async src=\"https:\/\/pagead2.googlesyndication.com\/pagead\/js\/adsbygoogle.js\"><\/script>\r\n<ins class=\"adsbygoogle\"\r\n     style=\"display:block\"\r\n     data-ad-format=\"fluid\"\r\n     data-ad-layout-key=\"-6t+ed+2i-1n-4w\"\r\n     data-ad-client=\"ca-pub-1959107119989764\"\r\n     data-ad-slot=\"4008251320\"><\/ins>\r\n<script>\r\n     (adsbygoogle = window.adsbygoogle || []).push({});\r\n<\/script><\/div>\n<p>J\u00falius utols\u00f3 napjaiban megv\u00e1ltozott a GreenGo t\u00e9rk\u00e9p: megk\u00f6zel\u00edt\u0151leg 8 n\u00e9gyzetkilom\u00e9terrel kijjebb h\u00fazt\u00e1k a z\u00f3nahat\u00e1rokat. A b\u0151v\u00edt\u00e9s \u00e9rinti p\u00e9ld\u00e1ul Csillaghegy, Albertfalva \u00e9s Vir\u00e1nyos egyes r\u00e9szeit, de z\u00f6ld sz\u00ednt kapott eg\u00e9sz Wekerletelep, s\u0151t, mostant\u00f3l ak\u00e1r a K\u00d6KI Termin\u00e1lig is elgreeng\u00f3zhatnak a felhaszn\u00e1l\u00f3k. A GreenGo flotta 320 aut\u00f3j\u00e1val az al\u00e1bbi ter\u00fcleteken lehet mostant\u00f3l b\u00e9rl\u00e9st ind\u00edtani \u00e9s z\u00e1rni is:<\/p>\n<ul>\n<li>A II. ker\u00fcletben kijjebb tolt\u00e1k a z\u00f3nahat\u00e1rt a Budakeszi \u00faton<\/li>\n<li>A III. ker\u00fcletben Csillaghegyen b\u0151v\u00edtett\u00e9k a z\u00f3n\u00e1t<\/li>\n<li>A XI. ker\u00fcletben Mad\u00e1rhegy \u00e9s Albertfalva szolg\u00e1ltat\u00e1si ter\u00fclete n\u0151tt<\/li>\n<li>A XII. ker\u00fcletben Vir\u00e1nyosn\u00e1l, Orb\u00e1nhegyen \u00e9s M\u00e1rtonhegy k\u00f6rny\u00e9k\u00e9n t\u00f6rt\u00e9nt v\u00e1ltoz\u00e1s<\/li>\n<li>Tov\u00e1bb gurulhatunk az \u00dcll\u0151i \u00faton, s\u0151t mostant\u00f3l eg\u00e9szen a K\u00d6KI Termin\u00e1lig mer\u00e9szkedhet\u00fcnk a XIX. ker\u00fcletben<\/li>\n<li>A XIX. ker\u00fcletben bez\u00f6ld\u00fclt Wekerletelep is<\/li>\n<li>A IV. ker\u00fcletben a Megyeri-V\u00e1ci-F\u00f3ti utak \u00e1ltal hat\u00e1rolt ter\u00fcletsziget is z\u00f6ld sz\u00ednt kapott a t\u00e9rk\u00e9pen<\/li>\n<\/ul>\n<p>A szolg\u00e1ltat\u00e1si ter\u00fclet pontos hat\u00e1rai megn\u00e9zhet\u0151ek az appban!<\/p><div id=\"gazda-3396174235\" class=\"gazda-tartalomban gazda-entity-placement\"><script async src=\"https:\/\/pagead2.googlesyndication.com\/pagead\/js\/adsbygoogle.js\"><\/script>\r\n<ins class=\"adsbygoogle\"\r\n     style=\"display:block\"\r\n     data-ad-format=\"fluid\"\r\n     data-ad-layout-key=\"-6t+ed+2i-1n-4w\"\r\n     data-ad-client=\"ca-pub-1959107119989764\"\r\n     data-ad-slot=\"4008251320\"><\/ins>\r\n<script>\r\n     (adsbygoogle = window.adsbygoogle || []).push({});\r\n<\/script><\/div>\n<div class=\"ads-in-post2\"><script async src=\"https:\/\/pagead2.googlesyndication.com\/pagead\/js\/adsbygoogle.js\"><\/script>\r\n<ins class=\"adsbygoogle\"\r\n     style=\"display:block\"\r\n     data-ad-format=\"fluid\"\r\n     data-ad-layout-key=\"-6t+ed+2i-1n-4w\"\r\n     data-ad-client=\"ca-pub-1959107119989764\"\r\n     data-ad-slot=\"4008251320\"><\/ins>\r\n<script>\r\n     (adsbygoogle = window.adsbygoogle || []).push({});\r\n<\/script><\/div>\n&nbsp;<\/p>\n<p><strong>A\u202fGreenGor\u00f3l\u202fr\u00f6viden:\u202f\u202f\u00a0<\/strong><\/p>\n<p>A\u00a0GreenGo\u00a02016 november\u00e9ben indult budapesti aut\u00f3megoszt\u00f3 szolg\u00e1ltat\u00e1s, amely akkor \u00e9s m\u00e1ig is az egyetlen, kiz\u00e1r\u00f3lag elektromos flott\u00e1val m\u0171k\u00f6d\u0151 h\u00e1l\u00f3zat a f\u0151v\u00e1rosban.\u00a0A ma m\u00e1r 318 aut\u00f3b\u00f3l \u00e1ll\u00f3 flotta percalapon b\u00e9relhet\u0151, amelyet a felhaszn\u00e1l\u00f3k egy mobilapplik\u00e1ci\u00f3n kereszt\u00fcl tudnak k\u00e9nyelmesen int\u00e9zni.\u00a0A mobilalkalmaz\u00e1sban a b\u00e9rl\u0151k lefoglalhatj\u00e1k a nekik tetsz\u0151 aut\u00f3t, v\u00e1laszthatnak a t\u00f6lt\u00f6tts\u00e9gi szint alapj\u00e1n, ha nagyobb t\u00e1vols\u00e1gra menn\u00e9nek. Az applik\u00e1ci\u00f3ban a kor\u00e1bbi b\u00e9rl\u00e9sek visszaellen\u0151rizhet\u0151k, \u00edgy teljesen transzparens a felhaszn\u00e1l\u00e1s \u00e9s a sz\u00e1ml\u00e1z\u00e1s.<\/p>\n<p>A Nemzeti N\u00e9peg\u00e9szs\u00e9g\u00fcgyi K\u00f6zpont l\u00e9gszennyezetts\u00e9gi adatai alapj\u00e1n hiszik, hogy Budapest sz\u00e1m\u00e1ra fontos, hogy min\u00e9l gyorsabban \u00e9s min\u00e9l nagyobb m\u00e9rt\u00e9kben terjedjen el az elektromos aut\u00f3z\u00e1s. Ennek a leghat\u00e9konyabb eszk\u00f6ze ma a\u202fGreenGo\u202fszolg\u00e1ltat\u00e1sa, amely m\u00e1r percenk\u00e9nt 65 forintt\u00f3l teszi lehet\u0151v\u00e9, hogy b\u00e1rki \u00e9lvezze a v\u00e1rosbar\u00e1t \u00e9s k\u00e9nyelmes elektromos aut\u00f3z\u00e1s el\u0151nyeit, szemben a t\u00f6bb milli\u00f3 forint \u00e9rt\u00e9k\u0171 egy\u00e9ni befektet\u00e9ssel, amit egy elektromos aut\u00f3 megv\u00e1s\u00e1rl\u00e1sa jelent.<\/p>\n<p>A c\u00e9g megtette az els\u0151 l\u00e9p\u00e9st a k\u00fclf\u00f6ldi piac fel\u00e9: 2019 utols\u00f3 negyed\u00e9v\u00e9ben elind\u00edtotta az itthonival szinte teljesen megegyez\u0151 szolg\u00e1ltat\u00e1s tesztel\u00e9s\u00e9t, majd 2020 febru\u00e1rj\u00e1ban el\u00e9rhet\u0151v\u00e9 is tette mindenki sz\u00e1m\u00e1ra Pr\u00e1g\u00e1ban.\u202fA\u202fGreenGo\u202fsz\u00e1m\u00e1ra fontos a szolg\u00e1ltat\u00e1s\u00e1nak folyamatos fejleszt\u00e9se. Innovat\u00edv tev\u00e9kenys\u00e9ge miatt 2019 szeptember\u00e9ben Kiv\u00e1l\u00f3s\u00e1gi d\u00edjat kapott a Fenntarthat\u00f3s\u00e1gi Innov\u00e1ci\u00f3 kateg\u00f3ri\u00e1j\u00e1ban a vil\u00e1g legnagyobb \u00fczleti \u00e9s technol\u00f3giai rendezv\u00e9ny\u00e9n, a San\u00a0Francisc\u00f3ban\u00a0megrendezett Oracle OpenWorld 2019 konferenci\u00e1n.<\/p>\n<p>&nbsp;<\/p>\n","protected":false},"excerpt":{"rendered":"<p>Id\u00e9n \u00faj elektromos \u0160koda Citigo e iV modellekkel b\u0151v\u00fclt a flotta, \u00edgy szolg\u00e1ltat\u00e1si ter\u00fcletet is b\u0151v\u00edt Budapesten a GreenGo.<\/p>\n","protected":false},"author":1001006,"featured_media":0,"comment_status":"open","ping_status":"open","sticky":false,"template":"","format":"standard","meta":[],"categories":[19],"tags":[],"_links":{"self":[{"href":"https:\/\/gazdasagportal.hu\/index.php\/wp-json\/wp\/v2\/posts\/137163"}],"collection":[{"href":"https:\/\/gazdasagportal.hu\/index.php\/wp-json\/wp\/v2\/posts"}],"about":[{"href":"https:\/\/gazdasagportal.hu\/index.php\/wp-json\/wp\/v2\/types\/post"}],"author":[{"embeddable":true,"href":"https:\/\/gazdasagportal.hu\/index.php\/wp-json\/wp\/v2\/users\/1001006"}],"replies":[{"embeddable":true,"href":"https:\/\/gazdasagportal.hu\/index.php\/wp-json\/wp\/v2\/comments?post=137163"}],"version-history":[{"count":1,"href":"https:\/\/gazdasagportal.hu\/index.php\/wp-json\/wp\/v2\/posts\/137163\/revisions"}],"predecessor-version":[{"id":137164,"href":"https:\/\/gazdasagportal.hu\/index.php\/wp-json\/wp\/v2\/posts\/137163\/revisions\/137164"}],"wp:attachment":[{"href":"https:\/\/gazdasagportal.hu\/index.php\/wp-json\/wp\/v2\/media?parent=137163"}],"wp:term":[{"taxonomy":"category","embeddable":true,"href":"https:\/\/gazdasagportal.hu\/index.php\/wp-json\/wp\/v2\/categories?post=137163"},{"taxonomy":"post_tag","embeddable":true,"href":"https:\/\/gazdasagportal.hu\/index.php\/wp-json\/wp\/v2\/tags?post=137163"}],"curies":[{"name":"wp","href":"https:\/\/api.w.org\/{rel}","templated":true}]}}