{"id":137151,"date":"2021-07-31T12:58:06","date_gmt":"2021-07-31T10:58:06","guid":{"rendered":"https:\/\/gazdasagportal.hu\/?p=137151"},"modified":"2021-07-31T12:58:06","modified_gmt":"2021-07-31T10:58:06","slug":"hitelminosites-stabil-kilatassal-megerositette-a-magyar-allamados-osztalyzatot-a-fitch-ratings","status":"publish","type":"post","link":"https:\/\/gazdasagportal.hu\/index.php\/hitelminosites-stabil-kilatassal-megerositette-a-magyar-allamados-osztalyzatot-a-fitch-ratings\/","title":{"rendered":"Hitelmin\u0151s\u00edt\u00e9s &#8211; Stabil kil\u00e1t\u00e1ssal meger\u0151s\u00edtette a magyar \u00e1llamad\u00f3s-oszt\u00e1lyzatot a Fitch Ratings"},"content":{"rendered":"<p><strong>V\u00e1ltozatlan stabil kil\u00e1t\u00e1ssal meger\u0151s\u00edtette Magyarorsz\u00e1g deviz\u00e1ban fenn\u00e1ll\u00f3 hossz\u00fa lej\u00e1rat\u00fa \u00e1llamad\u00f3ss\u00e1g-k\u00f6telezetts\u00e9geinek &#8222;BBB&#8221; szint\u0171, befektet\u00e9si aj\u00e1nl\u00e1s\u00fa oszt\u00e1lyzat\u00e1t a Fitch Ratings.<\/strong><!--more--><\/p>\n<div class=\"ads-in-post2\"><script async src=\"https:\/\/pagead2.googlesyndication.com\/pagead\/js\/adsbygoogle.js\"><\/script>\r\n<ins class=\"adsbygoogle\"\r\n     style=\"display:block\"\r\n     data-ad-format=\"fluid\"\r\n     data-ad-layout-key=\"-6t+ed+2i-1n-4w\"\r\n     data-ad-client=\"ca-pub-1959107119989764\"\r\n     data-ad-slot=\"4008251320\"><\/ins>\r\n<script>\r\n     (adsbygoogle = window.adsbygoogle || []).push({});\r\n<\/script><\/div>\n<p>    A nemzetk\u00f6zi hitelmin\u0151s\u00edt\u0151 a p\u00e9ntek \u00e9jjel Londonban bejelentett d\u00f6nt\u00e9s indokl\u00e1s\u00e1ban kiemelte: a &#8222;BBB&#8221; szuver\u00e9n besorol\u00e1s t\u00fckr\u00f6zi a magyar gazdas\u00e1g er\u0151teljes szerkezeti jelz\u0151sz\u00e1mait \u00e9s a beruh\u00e1z\u00e1sok t\u00e1pl\u00e1lta stabil n\u00f6veked\u00e9st.<br \/>\n    A Fitch szerint a min\u0151s\u00edt\u00e9s m\u00e9rlegeli m\u00e1sr\u00e9szr\u0151l a magas \u00e1llamad\u00f3ss\u00e1got \u00e9s a kor\u00e1bbi unortodox szakpolitikai l\u00e9p\u00e9seket is, valamint azt, hogy az ut\u00f3bbi \u00e9vekben romlottak a korm\u00e1nyzati jelz\u0151sz\u00e1mok.<br \/>\n    A magyar \u00e1llamad\u00f3s-oszt\u00e1lyzat stabil kil\u00e1t\u00e1sa ugyanakkor a Fitch azon v\u00e1rakoz\u00e1s\u00e1t t\u00fckr\u00f6zi, hogy fenntarthat\u00f3 lesz a magyar gazdas\u00e1g kil\u00e1bal\u00e1si folyamata, \u00e9s enyhe m\u00e9rt\u00e9k\u0171 k\u00f6lts\u00e9gvet\u00e9si konszolid\u00e1ci\u00f3 is v\u00e1rhat\u00f3, amely lehet\u0151v\u00e9 teszi 2021-t\u0151l az \u00e1llamad\u00f3ss\u00e1g-r\u00e1ta lass\u00fa cs\u00f6kken\u00e9s\u00e9t &#8211; hangs\u00falyozza a hitelmin\u0151s\u00edt\u0151.<br \/>\n    A Fitch Ratings londoni elemz\u0151i kiemelik, hogy a magyar gazdas\u00e1g m\u00e1r kil\u00e1bal\u00f3ban van a koronav\u00edrus-vil\u00e1gj\u00e1rv\u00e1ny okozta sokkb\u00f3l, \u00e9s a n\u00f6veked\u00e9st t\u00e1mogat\u00f3 t\u00e9nyez\u0151k k\u00f6z\u00f6tt szerepel a tov\u00e1bbra is laza k\u00f6lts\u00e9gvet\u00e9si politika, az ellen\u00e1ll\u00f3k\u00e9pesnek bizonyult ipari termel\u00e9s, a stabil beruh\u00e1z\u00e1si kil\u00e1t\u00e1sok, valamint az ugyancsak fellend\u00fcl\u0151ben l\u00e9v\u0151 k\u00fcls\u0151 kereslet.<br \/>\n    A c\u00e9g k\u00f6z\u00f6lte: el\u0151rejelz\u00e9se szerint a magyar hazai \u00f6sszterm\u00e9k (GDP) az id\u00e9n 6,5 sz\u00e1zal\u00e9kkal, 2022-2023-ban \u00e9vi \u00e1tlagban 4,8 sz\u00e1zal\u00e9kkal n\u00f6vekszik re\u00e1l\u00e9rt\u00e9ken sz\u00e1molva.<br \/>\n    A hitelmin\u0151s\u00edt\u0151 kiemeli, hogy ezek a n\u00f6veked\u00e9si \u00fctemek jelent\u0151sen meghaladj\u00e1k a magyar gazdas\u00e1g n\u00f6veked\u00e9si potenci\u00e1lj\u00e1t.<br \/>\n<div class=\"ads-in-post2\"><script async src=\"https:\/\/pagead2.googlesyndication.com\/pagead\/js\/adsbygoogle.js\"><\/script>\r\n<ins class=\"adsbygoogle\"\r\n     style=\"display:block\"\r\n     data-ad-format=\"fluid\"\r\n     data-ad-layout-key=\"-6t+ed+2i-1n-4w\"\r\n     data-ad-client=\"ca-pub-1959107119989764\"\r\n     data-ad-slot=\"4008251320\"><\/ins>\r\n<script>\r\n     (adsbygoogle = window.adsbygoogle || []).push({});\r\n<\/script><\/div>\n    A Fitch elemz\u0151i hangs\u00falyozt\u00e1k, hogy el\u0151rejelz\u00e9seikbe be\u00e9p\u00edtett\u00e9k az Eur\u00f3pai Uni\u00f3 \u00e1ltal a koronav\u00edrus-j\u00e1rv\u00e1ny gazdas\u00e1gi hat\u00e1sainak enyh\u00edt\u00e9s\u00e9re Next Generation EU (NGEU) n\u00e9ven meghirdetett helyre\u00e1ll\u00edt\u00e1si alap finansz\u00edroz\u00e1sait is, amelyek v\u00e1rakoz\u00e1suk szerint 2022-t\u0151l jelent\u0151s n\u00f6veked\u00e9si \u00f6szt\u00f6nz\u00e9st jelentenek majd.<br \/>\n    A c\u00e9g progn\u00f3zisa szerint a gyermekes csal\u00e1doknak ny\u00fajtand\u00f3, tervezett ad\u00f3visszat\u00e9r\u00edt\u00e9s a GDP ar\u00e1ny\u00e1ban 1,1 sz\u00e1zal\u00e9kpontnyi felhajt\u00f3er\u0151t ad a h\u00e1ztart\u00e1si szektor fogyaszt\u00e1si kiad\u00e1sainak.<br \/>\n    A Fitch Ratings meg\u00edt\u00e9l\u00e9se szerint lefel\u00e9 hat\u00f3 kock\u00e1zatot jelent az, hogy az Eur\u00f3pai Bizotts\u00e1g val\u00f3sz\u00edn\u0171leg k\u00e9slelteti az uni\u00f3s Helyre\u00e1ll\u00edt\u00e1si \u00e9s Ellen\u00e1ll\u00f3k\u00e9pess\u00e9gi Eszk\u00f6z (RRF) keret\u00e9ben beterjesztett magyar helyre\u00e1ll\u00edt\u00e1si terv j\u00f3v\u00e1hagy\u00e1s\u00e1t.<br \/>\n    A hitelmin\u0151s\u00edt\u0151 ugyanakkor val\u00f3sz\u00edn\u0171tlennek tartja, hogy az Eur\u00f3pai Bizotts\u00e1ggal jog\u00e1llamis\u00e1gi k\u00e9rd\u00e9sekben kialakult n\u00e9zetelt\u00e9r\u00e9sek teljes m\u00e9rt\u00e9kben vesz\u00e9lybe sodorn\u00e1k Magyarorsz\u00e1g hozz\u00e1f\u00e9r\u00e9s\u00e9t az RRF-finansz\u00edroz\u00e1shoz.<br \/>\n    Ugyancsak lefel\u00e9 hat\u00f3 kock\u00e1zatokkal terheln\u00e9 a Fitch el\u0151rejelz\u00e9seit a koronav\u00edrus-vil\u00e1gj\u00e1rv\u00e1ny esetleges kedvez\u0151tlen ir\u00e1ny\u00fa tov\u00e1bbi alakul\u00e1sa, vagy az, ha a lakoss\u00e1g jelent\u0151s r\u00e9sze vonakodna a koronav\u00edrus elleni olt\u00e1sok beadat\u00e1s\u00e1t\u00f3l &#8211; \u00e1ll a Fitch elemz\u00e9s\u00e9ben.<br \/>\n<div class=\"ads-in-post2\"><script async src=\"https:\/\/pagead2.googlesyndication.com\/pagead\/js\/adsbygoogle.js\"><\/script>\r\n<ins class=\"adsbygoogle\"\r\n     style=\"display:block\"\r\n     data-ad-format=\"fluid\"\r\n     data-ad-layout-key=\"-6t+ed+2i-1n-4w\"\r\n     data-ad-client=\"ca-pub-1959107119989764\"\r\n     data-ad-slot=\"4008251320\"><\/ins>\r\n<script>\r\n     (adsbygoogle = window.adsbygoogle || []).push({});\r\n<\/script><\/div>\n    A c\u00e9g kiemeli ugyanakkor, hogy a j\u00falius 28-i \u00e1llapot alapj\u00e1n a magyar lakoss\u00e1g 56 sz\u00e1zal\u00e9ka mindk\u00e9t olt\u00e1si d\u00f3zist megkapta, vagyis Magyarorsz\u00e1g j\u00f3val a 47,4 sz\u00e1zal\u00e9kos EU-\u00e1tlag el\u0151tt j\u00e1r a teljes \u00e1toltotts\u00e1gi ar\u00e1nyt tekintve.<br \/>\n    A Fitch Ratings el\u0151rejelz\u00e9se szerint a GDP-ar\u00e1nyos magyar \u00e1llamh\u00e1ztart\u00e1si deficit az id\u00e9n el\u00e9ri a 7,0 sz\u00e1zal\u00e9kot, de j\u00f6v\u0151re 5,7 sz\u00e1zal\u00e9kra, 2023-ban 4,1 sz\u00e1zal\u00e9kra cs\u00f6kken.<br \/>\n    A c\u00e9g \u00e1ltal a &#8222;BBB&#8221; kateg\u00f3ri\u00e1ba sorolt \u00e1llamad\u00f3sok el\u0151re jelzett medi\u00e1ndeficitje 2,9 sz\u00e1zal\u00e9k.<br \/>\n    A Fitch a magyar szuver\u00e9n min\u0151s\u00edt\u00e9s gyenges\u00e9gei k\u00f6z\u00f6tt tartja sz\u00e1mon a hasonl\u00f3 besorol\u00e1s\u00fa t\u00e1rs\u00e1llamok\u00e9hoz k\u00e9pest magas brutt\u00f3 \u00e1llamad\u00f3ss\u00e1g-r\u00e1t\u00e1t, amely a c\u00e9g adatai szerint tavaly csaknem 15 sz\u00e1zal\u00e9kponttal a hazai \u00f6sszterm\u00e9k 80,4 sz\u00e1zal\u00e9k\u00e1ra emelkedett.<br \/>\n    A hitelmin\u0151s\u00edt\u0151 el\u0151rejelz\u00e9se szerint a magyar \u00e1llamad\u00f3ss\u00e1g-r\u00e1ta 2023 v\u00e9g\u00e9ig 76 sz\u00e1zal\u00e9kra cs\u00f6kken, vagyis m\u00e9g akkor is j\u00f3val a c\u00e9g list\u00e1j\u00e1n &#8222;BBB&#8221; oszt\u00e1lyzattal szerepl\u0151 \u00e1llamad\u00f3sok el\u0151re jelzett 59,9 sz\u00e1zal\u00e9kos medi\u00e1nja felett lesz.<br \/>\n    A magas ad\u00f3ss\u00e1gszintb\u0151l ered\u0151 kock\u00e1zatokat ugyanakkor bizonyos r\u00e9szben enyh\u00edti a kedvez\u0151 ad\u00f3ss\u00e1gprofil: az \u00e1llamad\u00f3ss\u00e1gon bel\u00fcl az idei \u00e9v els\u0151 fel\u00e9ben mind\u00f6ssze 17,7 sz\u00e1zal\u00e9k volt a devizaad\u00f3ss\u00e1g-h\u00e1nyad.<br \/>\n<div class=\"ads-in-post2\"><script async src=\"https:\/\/pagead2.googlesyndication.com\/pagead\/js\/adsbygoogle.js\"><\/script>\r\n<ins class=\"adsbygoogle\"\r\n     style=\"display:block\"\r\n     data-ad-format=\"fluid\"\r\n     data-ad-layout-key=\"-6t+ed+2i-1n-4w\"\r\n     data-ad-client=\"ca-pub-1959107119989764\"\r\n     data-ad-slot=\"4008251320\"><\/ins>\r\n<script>\r\n     (adsbygoogle = window.adsbygoogle || []).push({});\r\n<\/script><\/div>\n    A Fitch kiemeli, hogy a &#8222;BBB&#8221; besorol\u00e1s\u00fa szuver\u00e9n ad\u00f3sok medi\u00e1nszintje ugyanebben az id\u0151szakban 33,7 sz\u00e1zal\u00e9k volt.<br \/>\n    A hazai lakoss\u00e1gi befektet\u00e9sek a forintban denomin\u00e1lt teljes \u00e1llampap\u00edr-\u00e1llom\u00e1ny 32,6 sz\u00e1zal\u00e9k\u00e1t tett\u00e9k ki, \u00e9s e befektet\u0151i k\u00f6r jelent\u0151s r\u00e9sz\u00e9re jellemz\u0151, hogy lej\u00e1ratig megtartja ezeket a pap\u00edrokat &#8211; \u00e1ll a Fitch Ratings elemz\u00e9s\u00e9ben.(MTI)<\/p>\n","protected":false},"excerpt":{"rendered":"<p>V\u00e1ltozatlan stabil kil\u00e1t\u00e1ssal meger\u0151s\u00edtette Magyarorsz\u00e1g deviz\u00e1ban fenn\u00e1ll\u00f3 hossz\u00fa lej\u00e1rat\u00fa \u00e1llamad\u00f3ss\u00e1g-k\u00f6telezetts\u00e9geinek &#8222;BBB&#8221; szint\u0171, befektet\u00e9si aj\u00e1nl\u00e1s\u00fa oszt\u00e1lyzat\u00e1t a Fitch Ratings.<\/p>\n","protected":false},"author":1001006,"featured_media":0,"comment_status":"open","ping_status":"open","sticky":false,"template":"","format":"standard","meta":[],"categories":[19],"tags":[],"_links":{"self":[{"href":"https:\/\/gazdasagportal.hu\/index.php\/wp-json\/wp\/v2\/posts\/137151"}],"collection":[{"href":"https:\/\/gazdasagportal.hu\/index.php\/wp-json\/wp\/v2\/posts"}],"about":[{"href":"https:\/\/gazdasagportal.hu\/index.php\/wp-json\/wp\/v2\/types\/post"}],"author":[{"embeddable":true,"href":"https:\/\/gazdasagportal.hu\/index.php\/wp-json\/wp\/v2\/users\/1001006"}],"replies":[{"embeddable":true,"href":"https:\/\/gazdasagportal.hu\/index.php\/wp-json\/wp\/v2\/comments?post=137151"}],"version-history":[{"count":1,"href":"https:\/\/gazdasagportal.hu\/index.php\/wp-json\/wp\/v2\/posts\/137151\/revisions"}],"predecessor-version":[{"id":137152,"href":"https:\/\/gazdasagportal.hu\/index.php\/wp-json\/wp\/v2\/posts\/137151\/revisions\/137152"}],"wp:attachment":[{"href":"https:\/\/gazdasagportal.hu\/index.php\/wp-json\/wp\/v2\/media?parent=137151"}],"wp:term":[{"taxonomy":"category","embeddable":true,"href":"https:\/\/gazdasagportal.hu\/index.php\/wp-json\/wp\/v2\/categories?post=137151"},{"taxonomy":"post_tag","embeddable":true,"href":"https:\/\/gazdasagportal.hu\/index.php\/wp-json\/wp\/v2\/tags?post=137151"}],"curies":[{"name":"wp","href":"https:\/\/api.w.org\/{rel}","templated":true}]}}