{"id":137113,"date":"2021-07-29T14:00:00","date_gmt":"2021-07-29T12:00:00","guid":{"rendered":"https:\/\/gazdasagportal.hu\/?p=137113"},"modified":"2021-07-29T14:00:00","modified_gmt":"2021-07-29T12:00:00","slug":"elemzok-egyenlotlenul-oszlanak-meg-a-lakasepitesek-az-orszagban","status":"publish","type":"post","link":"https:\/\/gazdasagportal.hu\/index.php\/elemzok-egyenlotlenul-oszlanak-meg-a-lakasepitesek-az-orszagban\/","title":{"rendered":"Elemz\u0151k: egyenl\u0151tlen\u00fcl oszlanak meg a lak\u00e1s\u00e9p\u00edt\u00e9sek az orsz\u00e1gban"},"content":{"rendered":"<p><strong>A lak\u00e1s\u00e9p\u00edt\u00e9sek egyenl\u0151tlen\u00fcl oszlanak el az orsz\u00e1gban, Budapesten domin\u00e1l az \u00e1tadott lak\u00e1sok sz\u00e1ma &#8211; h\u00edvt\u00e1k fel a figyelmet az elemz\u0151k.<\/strong><!--more--><\/p>\n<div class=\"ads-in-post2\"><script async src=\"https:\/\/pagead2.googlesyndication.com\/pagead\/js\/adsbygoogle.js\"><\/script>\r\n<ins class=\"adsbygoogle\"\r\n     style=\"display:block\"\r\n     data-ad-format=\"fluid\"\r\n     data-ad-layout-key=\"-6t+ed+2i-1n-4w\"\r\n     data-ad-client=\"ca-pub-1959107119989764\"\r\n     data-ad-slot=\"4008251320\"><\/ins>\r\n<script>\r\n     (adsbygoogle = window.adsbygoogle || []).push({});\r\n<\/script><\/div>\n<p>    A KSH cs\u00fct\u00f6rt\u00f6k\u00f6n tette k\u00f6zz\u00e9, hogy az els\u0151 f\u00e9l \u00e9vben 9795 \u00faj lak\u00e1s \u00e9p\u00fclt, 12,8 sz\u00e1zal\u00e9kkal t\u00f6bb mint egy \u00e9vvel kor\u00e1bban. A kiadott \u00e9p\u00edt\u00e9si enged\u00e9lyek \u00e9s egyszer\u0171 bejelent\u00e9sek alapj\u00e1n \u00e9p\u00edtend\u0151 lak\u00e1sok sz\u00e1ma 15 274 volt, 22,4 sz\u00e1zal\u00e9kkal t\u00f6bb mint 2020 azonos id\u0151szak\u00e1ban. A haszn\u00e1latba vett lak\u00e1sok sz\u00e1ma ugr\u00e1sszer\u0171en n\u0151tt a f\u0151v\u00e1rosban \u00e9s cs\u00f6kkent vid\u00e9ken.<br \/>\n    Koji L\u00e1szl\u00f3, az \u00c9p\u00edt\u00e9si V\u00e1llalkoz\u00f3k Orsz\u00e1gos Szaksz\u00f6vets\u00e9ge (\u00c9vosz) eln\u00f6ke az MTI-nek elmonda, az \u00e1tadott lak\u00e1sok ter\u00fclet\u00e9n domin\u00e1ns Budapest, az \u00f6sszes haszn\u00e1latba adott lak\u00e1sok 46 sz\u00e1zal\u00e9ka a f\u0151v\u00e1rosban volt.<br \/>\n    Az \u00c9vosz eln\u00f6ke elmondta, a budapesti nagy ingatlanfejleszt\u0151k el vannak foglalva a kor\u00e1bban megkezdett projektek befejez\u00e9s\u00e9vel, kevesebb \u00e9p\u00edt\u00e9si bejelent\u00e9st tesznek. A hangs\u00faly \u00e1ttev\u0151dik vid\u00e9kre, ahol els\u0151sorban a lakoss\u00e1g \u00e9p\u00edt, \u0151ket kedvez\u0151 helyzetbe hozza a korm\u00e1ny csal\u00e1di otthonteremt\u00e9si t\u00e1mogat\u00e1sa.<br \/>\n<div class=\"ads-in-post2\"><script async src=\"https:\/\/pagead2.googlesyndication.com\/pagead\/js\/adsbygoogle.js\"><\/script>\r\n<ins class=\"adsbygoogle\"\r\n     style=\"display:block\"\r\n     data-ad-format=\"fluid\"\r\n     data-ad-layout-key=\"-6t+ed+2i-1n-4w\"\r\n     data-ad-client=\"ca-pub-1959107119989764\"\r\n     data-ad-slot=\"4008251320\"><\/ins>\r\n<script>\r\n     (adsbygoogle = window.adsbygoogle || []).push({});\r\n<\/script><\/div>\n    Koji L\u00e1szl\u00f3 felh\u00edvta a figyelmet arra is, hogy az ingatlanfejleszt\u0151k a tervalkot\u00e1s f\u00e1zis\u00e1ban vannak. Tavaly kiv\u00e1rt\u00e1k az \u00e1facs\u00f6kkent\u00e9st, miut\u00e1n 5 sz\u00e1zal\u00e9kos a lak\u00e1s \u00e1fa 2026 v\u00e9g\u00e9ig, \u00edgy komoly projekteket k\u00e9sz\u00edtenek el\u0151. Kiv\u00e1r\u00e1s volt atekintetben is, hogy a rozsda\u00f6vezetekben hogyan tudnak fejleszteni &#8211; tette hozz\u00e1.<br \/>\n    Kiemelte azt is, hogy a lak\u00e1s\u00e9p\u00edt\u00e9si bejelent\u00e9sek azt mutatj\u00e1k, hogy az ig\u00e9nyek eltol\u00f3dnak a kertes h\u00e1zak ir\u00e1ny\u00e1ba.<br \/>\n    Az \u00c9vosz eln\u00f6ke szerint a lak\u00e1s\u00e9p\u00edt\u00e9sek mellett a lak\u00e1sfel\u00faj\u00edt\u00e1sokr\u00f3l sem szabad megfeledkezni. Az elm\u00falt \u00e9vekben jelent\u0151sen n\u00f6vekedett a megsz\u0171nt lak\u00e1sok sz\u00e1ma, p\u00e9ldak\u00e9nt eml\u00edtette, hogy az id\u00e9n az els\u0151 f\u00e9l\u00e9vben mintegy 800 lak\u00e1s sz\u0171nt meg els\u0151sorban a k\u00f6zs\u00e9gekben, kisv\u00e1rosokban, amiatt, hogy a m\u0171szaki \u00e1llapotuk alapj\u00e1n m\u00e1r fel\u00faj\u00edtani sem \u00e9rdemes. Ez\u00e9rt javasolja azt, a sz\u00f6vets\u00e9g, hogy legyen forr\u00e1st\u00e1mogat\u00e1s ne csak \u00faj \u00e9p\u00edt\u00e9s\u0171 ingatlanokra, hanem a fel\u00faj\u00edt\u00e1sra is.<br \/>\n<div class=\"ads-in-post2\"><script async src=\"https:\/\/pagead2.googlesyndication.com\/pagead\/js\/adsbygoogle.js\"><\/script>\r\n<ins class=\"adsbygoogle\"\r\n     style=\"display:block\"\r\n     data-ad-format=\"fluid\"\r\n     data-ad-layout-key=\"-6t+ed+2i-1n-4w\"\r\n     data-ad-client=\"ca-pub-1959107119989764\"\r\n     data-ad-slot=\"4008251320\"><\/ins>\r\n<script>\r\n     (adsbygoogle = window.adsbygoogle || []).push({});\r\n<\/script><\/div>\n    Suppan Gergely, a Takar\u00e9kbank vezet\u0151 elemz\u0151je is arra h\u00edvta fel a figyelmet az MTI-nek k\u00fcld\u00f6tt komment\u00e1rj\u00e1ban, hogy a lak\u00e1s\u00e9p\u00edt\u00e9sek igen egyenl\u0151tlen\u00fcl oszlanak el az orsz\u00e1gban. Budapesten 4532 lak\u00e1st adtak \u00e1t, sereghajt\u00f3 itt N\u00f3gr\u00e1d 19, Tolna 13, Heves 26 \u00e1tadott lak\u00e1ssal.<br \/>\n    Tavaly m\u00e9g viszonylag magas volt a lak\u00e1s\u00e1tad\u00e1sok sz\u00e1ma a kor\u00e1bban \u00e9p\u00edt\u00e9si enged\u00e9lyt kapott, folyamatban lev\u0151 \u00e9p\u00edtkez\u00e9sek miatt. A kedvezm\u00e9nyes lak\u00e1s\u00e1fa kor\u00e1bban tervezett kivezet\u00e9s\u00e9nek hat\u00e1sa t\u00fckr\u00f6z\u0151d\u00f6tt az \u00e9p\u00edt\u00e9si enged\u00e9lyek tavalyi visszaes\u00e9s\u00e9ben, azonban a kedvezm\u00e9nyes lak\u00e1s\u00e1fa ism\u00e9telt bevezet\u00e9se, valamint a sz\u00e1mtalan a csal\u00e1dt\u00e1mogat\u00e1s \u00faj lend\u00fcletet adhat az \u00e9p\u00edtkez\u00e9seknek.<br \/>\n<div class=\"ads-in-post2\"><script async src=\"https:\/\/pagead2.googlesyndication.com\/pagead\/js\/adsbygoogle.js\"><\/script>\r\n<ins class=\"adsbygoogle\"\r\n     style=\"display:block\"\r\n     data-ad-format=\"fluid\"\r\n     data-ad-layout-key=\"-6t+ed+2i-1n-4w\"\r\n     data-ad-client=\"ca-pub-1959107119989764\"\r\n     data-ad-slot=\"4008251320\"><\/ins>\r\n<script>\r\n     (adsbygoogle = window.adsbygoogle || []).push({});\r\n<\/script><\/div>\n    Szerinte az id\u00e9n a tavaly visszaes\u0151 enged\u00e9lyek miatt lassulhat a lak\u00e1s\u00e9p\u00edt\u00e9sek n\u00f6veked\u00e9si \u00fcteme, ezt azonban ellens\u00falyozhatja a kor\u00e1bban \u00e9p\u00edt\u00e9si enged\u00e9lyt kapott, de eddig meg nem val\u00f3s\u00edtott lak\u00e1s\u00e9p\u00edt\u00e9sek, \u00e9p\u00edt\u00e9si tervek esetleges megval\u00f3s\u00edt\u00e1sa.<br \/>\n    Suppan Gergely kit\u00e9rt arra, hogy a v\u00e1ls\u00e1g el\u0151tti teljes\u00edtm\u00e9nyhez, a nemzetk\u00f6zi r\u00e1t\u00e1khoz, valamint a hazai lak\u00e1smeg\u00faj\u00edt\u00e1s k\u00edv\u00e1natos m\u00e9rt\u00e9k\u00e9hez k\u00e9pest a lak\u00e1s\u00e9p\u00edt\u00e9sek tov\u00e1bbra is elmaradnak.(MTI)<\/p>\n","protected":false},"excerpt":{"rendered":"<p>A lak\u00e1s\u00e9p\u00edt\u00e9sek egyenl\u0151tlen\u00fcl oszlanak el az orsz\u00e1gban, Budapesten domin\u00e1l az \u00e1tadott lak\u00e1sok sz\u00e1ma &#8211; h\u00edvt\u00e1k fel a figyelmet az elemz\u0151k.<\/p>\n","protected":false},"author":1001005,"featured_media":129879,"comment_status":"open","ping_status":"open","sticky":false,"template":"","format":"standard","meta":[],"categories":[19,436],"tags":[],"_links":{"self":[{"href":"https:\/\/gazdasagportal.hu\/index.php\/wp-json\/wp\/v2\/posts\/137113"}],"collection":[{"href":"https:\/\/gazdasagportal.hu\/index.php\/wp-json\/wp\/v2\/posts"}],"about":[{"href":"https:\/\/gazdasagportal.hu\/index.php\/wp-json\/wp\/v2\/types\/post"}],"author":[{"embeddable":true,"href":"https:\/\/gazdasagportal.hu\/index.php\/wp-json\/wp\/v2\/users\/1001005"}],"replies":[{"embeddable":true,"href":"https:\/\/gazdasagportal.hu\/index.php\/wp-json\/wp\/v2\/comments?post=137113"}],"version-history":[{"count":1,"href":"https:\/\/gazdasagportal.hu\/index.php\/wp-json\/wp\/v2\/posts\/137113\/revisions"}],"predecessor-version":[{"id":137114,"href":"https:\/\/gazdasagportal.hu\/index.php\/wp-json\/wp\/v2\/posts\/137113\/revisions\/137114"}],"wp:featuredmedia":[{"embeddable":true,"href":"https:\/\/gazdasagportal.hu\/index.php\/wp-json\/wp\/v2\/media\/129879"}],"wp:attachment":[{"href":"https:\/\/gazdasagportal.hu\/index.php\/wp-json\/wp\/v2\/media?parent=137113"}],"wp:term":[{"taxonomy":"category","embeddable":true,"href":"https:\/\/gazdasagportal.hu\/index.php\/wp-json\/wp\/v2\/categories?post=137113"},{"taxonomy":"post_tag","embeddable":true,"href":"https:\/\/gazdasagportal.hu\/index.php\/wp-json\/wp\/v2\/tags?post=137113"}],"curies":[{"name":"wp","href":"https:\/\/api.w.org\/{rel}","templated":true}]}}