{"id":137111,"date":"2021-07-29T11:44:56","date_gmt":"2021-07-29T09:44:56","guid":{"rendered":"https:\/\/gazdasagportal.hu\/?p=137111"},"modified":"2021-07-29T11:44:56","modified_gmt":"2021-07-29T09:44:56","slug":"nincs-ujabb-halalos-aldozat-65-uj-fertozottet-regisztraltak-magyarorszagon","status":"publish","type":"post","link":"https:\/\/gazdasagportal.hu\/index.php\/nincs-ujabb-halalos-aldozat-65-uj-fertozottet-regisztraltak-magyarorszagon\/","title":{"rendered":"Nincs \u00fajabb hal\u00e1los \u00e1ldozat, 65 \u00faj fert\u0151z\u00f6ttet regisztr\u00e1ltak Magyarorsz\u00e1gon"},"content":{"rendered":"<p><strong>Nincs \u00fajabb hal\u00e1los \u00e1ldozat, \u00fajabb 65 magyar \u00e1llampolg\u00e1rn\u00e1l mutatt\u00e1k ki a koronav\u00edrus-fert\u0151z\u00e9st &#8211; k\u00f6z\u00f6lte a koronavirus.gov.hu cs\u00fct\u00f6rt\u00f6k\u00f6n, kiemelve: eddig 5 611 260 embert oltottak be Magyarorsz\u00e1gon, k\u00f6z\u00fcl\u00fck 5 418 198-an m\u00e1r a m\u00e1sodik adag vakcin\u00e1t is megkapt\u00e1k.<\/strong><!--more--><\/p>\n<div class=\"ads-in-post2\"><script async src=\"https:\/\/pagead2.googlesyndication.com\/pagead\/js\/adsbygoogle.js\"><\/script>\r\n<ins class=\"adsbygoogle\"\r\n     style=\"display:block\"\r\n     data-ad-format=\"fluid\"\r\n     data-ad-layout-key=\"-6t+ed+2i-1n-4w\"\r\n     data-ad-client=\"ca-pub-1959107119989764\"\r\n     data-ad-slot=\"4008251320\"><\/ins>\r\n<script>\r\n     (adsbygoogle = window.adsbygoogle || []).push({});\r\n<\/script><\/div>\n<p>    A korm\u00e1nyzati port\u00e1lon azt \u00edrt\u00e1k: 809 427-re n\u0151tt a Magyarorsz\u00e1gon azonos\u00edtott fert\u0151z\u00f6ttek sz\u00e1ma, az elhunytak sz\u00e1ma v\u00e1ltozatlanul 30 025, \u00e9s 747 512 ember tekinthet\u0151 gy\u00f3gyultnak.<br \/>\n    K\u00f3rh\u00e1zban 79 koronav\u00edrusos beteget \u00e1polnak, k\u00f6z\u00fcl\u00fck 13-an vannak l\u00e9legeztet\u0151g\u00e9pen. Az akt\u00edv fert\u0151z\u00f6ttek sz\u00e1ma pedig 31 890-re cs\u00f6kkent.<br \/>\n    Hat\u00f3s\u00e1gi h\u00e1zi karant\u00e9nban 1412-en vannak, a mintav\u00e9telek sz\u00e1ma 6 323 793.<br \/>\n    K\u00f6z\u00f6lt\u00e9k: a teljes \u00e1toltotts\u00e1got tekintve Magyarorsz\u00e1g tov\u00e1bbra is az els\u0151k k\u00f6z\u00f6tt van az Eur\u00f3pai Uni\u00f3ban (EU), \u00edgy j\u00e1rv\u00e1ny\u00fcgyi szempontb\u00f3l az egyik legbiztons\u00e1gosabb orsz\u00e1g. A delta v\u00edrusmut\u00e1ns azonban t\u00f6bb eur\u00f3pai orsz\u00e1gban er\u0151sen terjed, ez\u00e9rt azt k\u00e9rik, aki m\u00e9g nem oltatta be mag\u00e1t, tegye meg.<br \/>\n    Kiemelt\u00e9k: az operat\u00edv t\u00f6rzs Eur\u00f3p\u00e1ban els\u0151k\u00e9nt, augusztus 1-j\u00e9t\u0151l lehet\u0151v\u00e9 teszi a harmadik olt\u00e1st mindenkinek. A harmadik olt\u00e1s az \u00faj, agressz\u00edv v\u00edrusmut\u00e1nsok megjelen\u00e9se miatt indokolt, az err\u0151l sz\u00f3l\u00f3 elj\u00e1r\u00e1srendet az eg\u00e9szs\u00e9g\u00fcgyi szakmai szervezetek dolgozt\u00e1k ki. Els\u0151sorban az id\u0151seknek, a kr\u00f3nikus betegs\u00e9gben szenved\u0151knek, a legyeng\u00fclt immunrendszer\u0171 betegeknek aj\u00e1nlj\u00e1k a harmadik olt\u00e1s felv\u00e9tel\u00e9t &#8211; tett\u00e9k hozz\u00e1.<br \/>\n<div class=\"ads-in-post2\"><script async src=\"https:\/\/pagead2.googlesyndication.com\/pagead\/js\/adsbygoogle.js\"><\/script>\r\n<ins class=\"adsbygoogle\"\r\n     style=\"display:block\"\r\n     data-ad-format=\"fluid\"\r\n     data-ad-layout-key=\"-6t+ed+2i-1n-4w\"\r\n     data-ad-client=\"ca-pub-1959107119989764\"\r\n     data-ad-slot=\"4008251320\"><\/ins>\r\n<script>\r\n     (adsbygoogle = window.adsbygoogle || []).push({});\r\n<\/script><\/div>\n    Azt \u00edrt\u00e1k: az \u00e1toltotts\u00e1g n\u00f6vel\u00e9s\u00e9\u00e9rt a m\u00e9g be nem oltott id\u0151seket szem\u00e9lyesen is felkeresik h\u00e1ziorvosok, orvostanhallgat\u00f3k. Az olt\u00e1s bead\u00e1sa megt\u00f6rt\u00e9nhet a h\u00e1ziorvosi rendel\u0151ben vagy az id\u0151s ember otthon\u00e1ban is. &#8222;A j\u00e1rv\u00e1ny ellen nem a bez\u00e1r\u00e1sok \u00e9s a korl\u00e1toz\u00e1sok jelentenek megold\u00e1st, hanem az olt\u00e1s&#8221; &#8211; hangs\u00falyozt\u00e1k.<br \/>\n    Olt\u00e1sra tov\u00e1bbra is folyamatosan lehet regisztr\u00e1lni a www.vakcinainfo.gov.hu honlapon, \u00e9rv\u00e9nyes regisztr\u00e1ci\u00f3val pedig interneten is foglalhat\u00f3k id\u0151pontok az olt\u00e1sra a www.eeszt.gov.hu honlapon.<br \/>\n    Az \u00e9rv\u00e9nyes regisztr\u00e1ci\u00f3val rendelkez\u0151k &#8211; k\u00f6zt\u00fck az \u00e9rv\u00e9nyesen regisztr\u00e1lt Magyarorsz\u00e1gon \u00e9l\u0151 k\u00fclf\u00f6ldiek \u00e9s k\u00fclhoni magyar \u00e1llampolg\u00e1rok is &#8211; automatikusan tudnak az interneten id\u0151pontot foglalni az olt\u00e1sra. Az internetes id\u0151pontfoglal\u00f3ban orsz\u00e1gosan Pfizer-, Sinopharm- \u00e9s korl\u00e1tozott mennyis\u00e9gben m\u00e9g Szputnyik olt\u00e1s foglalhat\u00f3. Egyes olt\u00f3pontokon Janssen- \u00e9s Moderna-vakcina is el\u00e9rhet\u0151 &#8211; f\u0171zt\u00e9k hozz\u00e1.<br \/>\n<div class=\"ads-in-post2\"><script async src=\"https:\/\/pagead2.googlesyndication.com\/pagead\/js\/adsbygoogle.js\"><\/script>\r\n<ins class=\"adsbygoogle\"\r\n     style=\"display:block\"\r\n     data-ad-format=\"fluid\"\r\n     data-ad-layout-key=\"-6t+ed+2i-1n-4w\"\r\n     data-ad-client=\"ca-pub-1959107119989764\"\r\n     data-ad-slot=\"4008251320\"><\/ins>\r\n<script>\r\n     (adsbygoogle = window.adsbygoogle || []).push({});\r\n<\/script><\/div>\n    Kit\u00e9rtek arra is, hogy Magyarorsz\u00e1g megnyitotta az olt\u00e1s lehet\u0151s\u00e9g\u00e9t a hat\u00e1r ment\u00e9n \u00e9l\u0151k sz\u00e1m\u00e1ra is, ezzel n\u00f6velve az orsz\u00e1g j\u00e1rv\u00e1ny elleni v\u00e9detts\u00e9g\u00e9t.<br \/>\n    Eml\u00e9keztettek: a k\u00f3rh\u00e1zakban, szakrendel\u0151kben, h\u00e1ziorvosi rendel\u0151kben tov\u00e1bbra is k\u00f6telez\u0151 a maszkvisel\u00e9s.<br \/>\n    Kit\u00e9rtek arra is, hogy a korm\u00e1ny nemzeti konzult\u00e1ci\u00f3t ind\u00edtott, amelyben kik\u00e9ri a magyar emberek v\u00e9lem\u00e9ny\u00e9t a j\u00e1rv\u00e1ny ut\u00e1ni \u00e9letr\u0151l, t\u00f6bbek k\u00f6z\u00f6tt a gazdas\u00e1g \u00fajraind\u00edt\u00e1s\u00e1t, a munkahelyek v\u00e9delm\u00e9t, \u00e9s a csal\u00e1dok tov\u00e1bbi t\u00e1mogat\u00e1s\u00e1t \u00e9rint\u0151 k\u00e9rd\u00e9sekben. A konzult\u00e1ci\u00f3s k\u00e9rd\u0151\u00edv m\u00e1r online is kit\u00f6lthet\u0151 a https:\/\/nemzetikonzultacio.kormany.hu weboldalon.<br \/>\n    A k\u00f6zlem\u00e9nyben arr\u00f3l is \u00edrtak, hogy el\u00e9rhet\u0151 az uni\u00f3s olt\u00e1si igazol\u00e1s az EU-n bel\u00fcli utaz\u00e1sokhoz. Azok az \u00e1llampolg\u00e1rok, akik uni\u00f3n bel\u00fcli utaz\u00e1st terveznek, digit\u00e1lisan let\u00f6lthetik az uni\u00f3s Covid-igazol\u00e1st az EESZT lakoss\u00e1gi port\u00e1lj\u00e1ra bel\u00e9pve. Az igazol\u00e1s nem min\u0151s\u00fcl \u00fati okm\u00e1nynak \u00e9s hivatalb\u00f3l nem k\u00fcldik ki &#8211; h\u00edvt\u00e1k fel a figyelmet.<br \/>\n<div class=\"ads-in-post2\"><script async src=\"https:\/\/pagead2.googlesyndication.com\/pagead\/js\/adsbygoogle.js\"><\/script>\r\n<ins class=\"adsbygoogle\"\r\n     style=\"display:block\"\r\n     data-ad-format=\"fluid\"\r\n     data-ad-layout-key=\"-6t+ed+2i-1n-4w\"\r\n     data-ad-client=\"ca-pub-1959107119989764\"\r\n     data-ad-slot=\"4008251320\"><\/ins>\r\n<script>\r\n     (adsbygoogle = window.adsbygoogle || []).push({});\r\n<\/script><\/div>\n    Az oldal t\u00e9rk\u00e9pe szerint eddig Budapesten (144 539) \u00e9s Pest megy\u00e9ben (112 259) regisztr\u00e1lt\u00e1k a legt\u00f6bb fert\u0151z\u00f6ttet. Ezt k\u00f6veti Borsod-Aba\u00faj-Zempl\u00e9n (46 768), Gy\u0151r-Moson-Sopron (44 496) \u00e9s Hajd\u00fa-Bihar megye (42 641). A fert\u0151z\u00e9sben legkev\u00e9sb\u00e9 \u00e9rintett megye tov\u00e1bbra is Tolna, 17 794 fert\u0151z\u00f6ttel.(MTI)<\/p>\n","protected":false},"excerpt":{"rendered":"<p>Nincs \u00fajabb hal\u00e1los \u00e1ldozat, \u00fajabb 65 magyar \u00e1llampolg\u00e1rn\u00e1l mutatt\u00e1k ki a koronav\u00edrus-fert\u0151z\u00e9st &#8211; k\u00f6z\u00f6lte a koronavirus.gov.hu cs\u00fct\u00f6rt\u00f6k\u00f6n, kiemelve: eddig 5 611 260 embert oltottak be Magyarorsz\u00e1gon, k\u00f6z\u00fcl\u00fck 5 418 198-an m\u00e1r a m\u00e1sodik adag vakcin\u00e1t is megkapt\u00e1k.<\/p>\n","protected":false},"author":1001005,"featured_media":0,"comment_status":"open","ping_status":"open","sticky":false,"template":"","format":"standard","meta":[],"categories":[427],"tags":[],"_links":{"self":[{"href":"https:\/\/gazdasagportal.hu\/index.php\/wp-json\/wp\/v2\/posts\/137111"}],"collection":[{"href":"https:\/\/gazdasagportal.hu\/index.php\/wp-json\/wp\/v2\/posts"}],"about":[{"href":"https:\/\/gazdasagportal.hu\/index.php\/wp-json\/wp\/v2\/types\/post"}],"author":[{"embeddable":true,"href":"https:\/\/gazdasagportal.hu\/index.php\/wp-json\/wp\/v2\/users\/1001005"}],"replies":[{"embeddable":true,"href":"https:\/\/gazdasagportal.hu\/index.php\/wp-json\/wp\/v2\/comments?post=137111"}],"version-history":[{"count":1,"href":"https:\/\/gazdasagportal.hu\/index.php\/wp-json\/wp\/v2\/posts\/137111\/revisions"}],"predecessor-version":[{"id":137112,"href":"https:\/\/gazdasagportal.hu\/index.php\/wp-json\/wp\/v2\/posts\/137111\/revisions\/137112"}],"wp:attachment":[{"href":"https:\/\/gazdasagportal.hu\/index.php\/wp-json\/wp\/v2\/media?parent=137111"}],"wp:term":[{"taxonomy":"category","embeddable":true,"href":"https:\/\/gazdasagportal.hu\/index.php\/wp-json\/wp\/v2\/categories?post=137111"},{"taxonomy":"post_tag","embeddable":true,"href":"https:\/\/gazdasagportal.hu\/index.php\/wp-json\/wp\/v2\/tags?post=137111"}],"curies":[{"name":"wp","href":"https:\/\/api.w.org\/{rel}","templated":true}]}}