{"id":137109,"date":"2021-07-29T11:00:57","date_gmt":"2021-07-29T09:00:57","guid":{"rendered":"https:\/\/gazdasagportal.hu\/?p=137109"},"modified":"2021-07-29T11:00:57","modified_gmt":"2021-07-29T09:00:57","slug":"ksh-eros-teruleti-atrendezodessel-elenkul-a-lakasepites-az-elso-felevben","status":"publish","type":"post","link":"https:\/\/gazdasagportal.hu\/index.php\/ksh-eros-teruleti-atrendezodessel-elenkul-a-lakasepites-az-elso-felevben\/","title":{"rendered":"KSH: er\u0151s ter\u00fcleti \u00e1trendez\u0151d\u00e9ssel \u00e9l\u00e9nk\u00fcl a lak\u00e1s\u00e9p\u00edt\u00e9s az els\u0151 f\u00e9l\u00e9vben"},"content":{"rendered":"<p><strong>Er\u0151s ter\u00fcleti \u00e1trendez\u0151d\u00e9ssel \u00e9l\u00e9nk\u00fcl a lak\u00e1s\u00e9p\u00edt\u00e9s, az els\u0151 f\u00e9l \u00e9vben 9795 \u00faj lak\u00e1s \u00e9p\u00fclt, 12,8 sz\u00e1zal\u00e9kkal t\u00f6bb mint egy \u00e9vvel kor\u00e1bban &#8211; jelentette cs\u00fct\u00f6rt\u00f6k\u00f6n a K\u00f6zponti Statisztikai Hivatal (KSH). A n\u00f6veked\u00e9st az els\u0151 negyed\u00e9vi 28,9 sz\u00e1zal\u00e9kos emelked\u00e9s hozta, a m\u00e1sodik negyed\u00e9vben 272-vel 6,9 sz\u00e1zal\u00e9kkal kevesebb lak\u00e1st adtak \u00e1t.<\/strong><!--more--><\/p>\n<div class=\"ads-in-post2\"><script async src=\"https:\/\/pagead2.googlesyndication.com\/pagead\/js\/adsbygoogle.js\"><\/script>\r\n<ins class=\"adsbygoogle\"\r\n     style=\"display:block\"\r\n     data-ad-format=\"fluid\"\r\n     data-ad-layout-key=\"-6t+ed+2i-1n-4w\"\r\n     data-ad-client=\"ca-pub-1959107119989764\"\r\n     data-ad-slot=\"4008251320\"><\/ins>\r\n<script>\r\n     (adsbygoogle = window.adsbygoogle || []).push({});\r\n<\/script><\/div>\n<p>     A kiadott \u00e9p\u00edt\u00e9si enged\u00e9lyek \u00e9s egyszer\u0171 bejelent\u00e9sek alapj\u00e1n \u00e9p\u00edtend\u0151 lak\u00e1sok sz\u00e1ma 15 274 volt, 22,4 sz\u00e1zal\u00e9kkal t\u00f6bb mint 2020 azonos id\u0151szak\u00e1ban Az els\u0151 negyed\u00e9vben 1,2 sz\u00e1zal\u00e9kkal kevesebb a m\u00e1sodikban viszont 53,0 sz\u00e1zal\u00e9kkal t\u00f6bb lak\u00e1s \u00e9p\u00edt\u00e9s\u00e9t hat\u00e1rozt\u00e1k el.<br \/>\n    A haszn\u00e1latba vett lak\u00e1sok sz\u00e1ma ugr\u00e1sszer\u0171en n\u0151tt a f\u0151v\u00e1rosban \u00e9s cs\u00f6kkent vid\u00e9ken. Budapesten 4532 lak\u00e1st vettek haszn\u00e1latba, ami 173,5 sz\u00e1zal\u00e9kkal t\u00f6bb az egy \u00e9vvel kor\u00e1bbin\u00e1l. Ugyanakkor a megyei jog\u00fa v\u00e1rosokban 30,1, a t\u00f6bbi v\u00e1rosban 19,3 a k\u00f6zs\u00e9gekben pedig 26,4 sz\u00e1zal\u00e9kkal kevesebb lak\u00e1st adtak \u00e1t, mint a m\u00falt \u00e9v els\u0151 fel\u00e9ben.<br \/>\n    Az \u00e9p\u00edt\u00e9si enged\u00e9lyek \u00e9s bejelent\u00e9sek alapj\u00e1n \u00e9p\u00edtend\u0151 lak\u00e1sok sz\u00e1ma a haszn\u00e1latba vett lak\u00e1sok sz\u00e1m\u00e1val ellent\u00e9tesen alakult: a f\u0151v\u00e1rosban visszaestek \u00e9s vid\u00e9ken indultak n\u00f6veked\u00e9snek. Budapesten 42,1 sz\u00e1zal\u00e9kkal kevesebb, a megyei jog\u00fa v\u00e1rosokban 71,7, az egy\u00e9b v\u00e1rosokban 48,9, a k\u00f6zs\u00e9gekben pedig 76,9 sz\u00e1zal\u00e9kkal t\u00f6bb lak\u00e1s \u00e9p\u00edt\u00e9s\u00e9t tervezt\u00e9k, mint 2020 azonos id\u0151szak\u00e1ban. Az \u00e9p\u00edttet\u0151k az esetek 66,9 sz\u00e1zal\u00e9k\u00e1ban \u00e9ltek az egyszer\u0171 bejelent\u00e9s lehet\u0151s\u00e9g\u00e9vel.<br \/>\n<div class=\"ads-in-post2\"><script async src=\"https:\/\/pagead2.googlesyndication.com\/pagead\/js\/adsbygoogle.js\"><\/script>\r\n<ins class=\"adsbygoogle\"\r\n     style=\"display:block\"\r\n     data-ad-format=\"fluid\"\r\n     data-ad-layout-key=\"-6t+ed+2i-1n-4w\"\r\n     data-ad-client=\"ca-pub-1959107119989764\"\r\n     data-ad-slot=\"4008251320\"><\/ins>\r\n<script>\r\n     (adsbygoogle = window.adsbygoogle || []).push({});\r\n<\/script><\/div>\n    Az enged\u00e9lyek \u00e9s bejelent\u00e9sek alapj\u00e1n \u00e9p\u00edtend\u0151 lak\u00e1sok sz\u00e1ma minden megy\u00e9ben n\u00f6vekedett. A tervezett lak\u00e1sok\u00e9 Hajd\u00fa-Bihar megy\u00e9ben k\u00f6zel a h\u00e1romszoros\u00e1ra, 190,4 sz\u00e1zal\u00e9kkal, Somogyban t\u00f6bb mint h\u00e1romszoros\u00e1ra, 203,4 sz\u00e1zal\u00e9kkal, m\u00edg Szabolcs-Szatm\u00e1r-Bereg megy\u00e9ben t\u00f6bb mint a h\u00e9tszeres\u00e9re, 670,2 sz\u00e1zal\u00e9kkal n\u0151tt. Minden negyedik \u00e9p\u00edtend\u0151 lak\u00e1s Pest megy\u00e9ben tal\u00e1lhat\u00f3, ahol a sz\u00e1muk 69,4 sz\u00e1zal\u00e9kkal emelkedett \u00e9s meghaladta a 4 ezret.<br \/>\n    A term\u00e9szetes szem\u00e9lyek \u00e1ltal \u00e9p\u00edtett lak\u00e1sok ar\u00e1nya 45-r\u0151l 28 sz\u00e1zal\u00e9kra cs\u00f6kkent, a v\u00e1llalkoz\u00e1sok \u00e1ltal \u00e9p\u00edtettek\u00e9 54-r\u0151l 71 sz\u00e1zal\u00e9kra n\u0151tt a m\u00falt \u00e9v els\u0151 f\u00e9l \u00e9v\u00e9hez k\u00e9pest.<br \/>\n    Az \u00faj lak\u00f3\u00e9p\u00fcletekben haszn\u00e1latba vett lak\u00e1sok 33 sz\u00e1zal\u00e9ka csal\u00e1di h\u00e1zban, 64 sz\u00e1zal\u00e9ka t\u00f6bblak\u00e1sos \u00e9p\u00fcletben, 0,9 sz\u00e1zal\u00e9ka lak\u00f3parkban \u00e9p\u00fclt.<br \/>\n<div class=\"ads-in-post2\"><script async src=\"https:\/\/pagead2.googlesyndication.com\/pagead\/js\/adsbygoogle.js\"><\/script>\r\n<ins class=\"adsbygoogle\"\r\n     style=\"display:block\"\r\n     data-ad-format=\"fluid\"\r\n     data-ad-layout-key=\"-6t+ed+2i-1n-4w\"\r\n     data-ad-client=\"ca-pub-1959107119989764\"\r\n     data-ad-slot=\"4008251320\"><\/ins>\r\n<script>\r\n     (adsbygoogle = window.adsbygoogle || []).push({});\r\n<\/script><\/div>\n    A haszn\u00e1latba vett lak\u00e1sok \u00e1tlagos alapter\u00fclete 13,5 n\u00e9gyzetm\u00e9terrel, 83 n\u00e9gyzetm\u00e9terre cs\u00f6kkent.<br \/>\n    A saj\u00e1t haszn\u00e1latra \u00e9p\u00edtett lak\u00e1sok ar\u00e1nya a tavalyi 42 sz\u00e1zal\u00e9kr\u00f3l id\u00e9n 27 sz\u00e1zal\u00e9kra cs\u00f6kkent. Az \u00e9rt\u00e9kes\u00edt\u00e9si c\u00e9llal \u00e9p\u00edtett lak\u00e1sok ar\u00e1nya 56-r\u00f3l 71 sz\u00e1zal\u00e9kra n\u0151tt.(MTI)<\/p>\n","protected":false},"excerpt":{"rendered":"<p>Er\u0151s ter\u00fcleti \u00e1trendez\u0151d\u00e9ssel \u00e9l\u00e9nk\u00fcl a lak\u00e1s\u00e9p\u00edt\u00e9s, az els\u0151 f\u00e9l \u00e9vben 9795 \u00faj lak\u00e1s \u00e9p\u00fclt, 12,8 sz\u00e1zal\u00e9kkal t\u00f6bb mint egy \u00e9vvel kor\u00e1bban &#8211; jelentette cs\u00fct\u00f6rt\u00f6k\u00f6n a K\u00f6zponti Statisztikai Hivatal (KSH). A n\u00f6veked\u00e9st az els\u0151 negyed\u00e9vi 28,9 sz\u00e1zal\u00e9kos emelked\u00e9s hozta, a m\u00e1sodik negyed\u00e9vben 272-vel 6,9 sz\u00e1zal\u00e9kkal kevesebb lak\u00e1st adtak \u00e1t.<\/p>\n","protected":false},"author":1001005,"featured_media":0,"comment_status":"open","ping_status":"open","sticky":false,"template":"","format":"standard","meta":[],"categories":[19],"tags":[],"_links":{"self":[{"href":"https:\/\/gazdasagportal.hu\/index.php\/wp-json\/wp\/v2\/posts\/137109"}],"collection":[{"href":"https:\/\/gazdasagportal.hu\/index.php\/wp-json\/wp\/v2\/posts"}],"about":[{"href":"https:\/\/gazdasagportal.hu\/index.php\/wp-json\/wp\/v2\/types\/post"}],"author":[{"embeddable":true,"href":"https:\/\/gazdasagportal.hu\/index.php\/wp-json\/wp\/v2\/users\/1001005"}],"replies":[{"embeddable":true,"href":"https:\/\/gazdasagportal.hu\/index.php\/wp-json\/wp\/v2\/comments?post=137109"}],"version-history":[{"count":1,"href":"https:\/\/gazdasagportal.hu\/index.php\/wp-json\/wp\/v2\/posts\/137109\/revisions"}],"predecessor-version":[{"id":137110,"href":"https:\/\/gazdasagportal.hu\/index.php\/wp-json\/wp\/v2\/posts\/137109\/revisions\/137110"}],"wp:attachment":[{"href":"https:\/\/gazdasagportal.hu\/index.php\/wp-json\/wp\/v2\/media?parent=137109"}],"wp:term":[{"taxonomy":"category","embeddable":true,"href":"https:\/\/gazdasagportal.hu\/index.php\/wp-json\/wp\/v2\/categories?post=137109"},{"taxonomy":"post_tag","embeddable":true,"href":"https:\/\/gazdasagportal.hu\/index.php\/wp-json\/wp\/v2\/tags?post=137109"}],"curies":[{"name":"wp","href":"https:\/\/api.w.org\/{rel}","templated":true}]}}