{"id":137079,"date":"2021-07-27T23:56:24","date_gmt":"2021-07-27T21:56:24","guid":{"rendered":"https:\/\/gazdasagportal.hu\/?p=137079"},"modified":"2021-07-27T23:56:24","modified_gmt":"2021-07-27T21:56:24","slug":"mnb-tovabbra-is-felfele-mutato-inflacios-kockazatokkal-kell-szamolni","status":"publish","type":"post","link":"https:\/\/gazdasagportal.hu\/index.php\/mnb-tovabbra-is-felfele-mutato-inflacios-kockazatokkal-kell-szamolni\/","title":{"rendered":"MNB: tov\u00e1bbra is felfel\u00e9 mutat\u00f3 infl\u00e1ci\u00f3s kock\u00e1zatokkal kell sz\u00e1molni"},"content":{"rendered":"<p><strong>Az infl\u00e1ci\u00f3s kil\u00e1t\u00e1sokat \u00f6vez\u0151 kock\u00e1zatok tov\u00e1bbra is felfel\u00e9 mutatnak; az \u00e1rstabilit\u00e1s biztos\u00edt\u00e1sa, a m\u00e1sodk\u00f6r\u00f6s infl\u00e1ci\u00f3s hat\u00e1sok megel\u0151z\u00e9se \u00e9s az infl\u00e1ci\u00f3s v\u00e1rakoz\u00e1sok horgonyz\u00e1sa \u00e9rdek\u00e9ben a tan\u00e1cs indokoltnak tartja a kamatemel\u00e9si ciklus havi \u00fctem\u0171, hat\u00e1rozott l\u00e9p\u00e9sekkel t\u00f6rt\u00e9n\u0151 folytat\u00e1s\u00e1t &#8211; k\u00f6z\u00f6lte a Magyar Nemzeti Bank (MNB) Monet\u00e1ris Tan\u00e1csa a keddi kamatd\u00f6nt\u00e9s indokl\u00e1s\u00e1ban.<\/strong><!--more--><\/p>\n<div class=\"ads-in-post2\"><script async src=\"https:\/\/pagead2.googlesyndication.com\/pagead\/js\/adsbygoogle.js\"><\/script>\r\n<ins class=\"adsbygoogle\"\r\n     style=\"display:block\"\r\n     data-ad-format=\"fluid\"\r\n     data-ad-layout-key=\"-6t+ed+2i-1n-4w\"\r\n     data-ad-client=\"ca-pub-1959107119989764\"\r\n     data-ad-slot=\"4008251320\"><\/ins>\r\n<script>\r\n     (adsbygoogle = window.adsbygoogle || []).push({});\r\n<\/script><\/div>\n<p>Kiemelik: a monet\u00e1ris tan\u00e1cs a kamatemel\u00e9si ciklust addig folytatja, ameddig az infl\u00e1ci\u00f3s kil\u00e1t\u00e1sok fenntarthat\u00f3 m\u00f3don a jegybanki c\u00e9lon stabiliz\u00e1l\u00f3dnak, \u00e9s az infl\u00e1ci\u00f3s kock\u00e1zatok a monet\u00e1ris politika id\u0151horizontj\u00e1n \u00fajra kiegyens\u00falyozott\u00e1 v\u00e1lnak.<br \/>\nA jegybank 30 b\u00e1zisponttal 1,20 sz\u00e1zal\u00e9kra emelte az alapkamatot, \u00e9s v\u00e1ltoztatott a kamatfolyos\u00f3n is, ami \u00edgy 0,25 sz\u00e1zal\u00e9k \u00e9s 2,15 sz\u00e1zal\u00e9k k\u00f6z\u00f6tti lett.<br \/>\nA jegybank indokl\u00e1sa szerint 2021 j\u00fanius\u00e1ban az \u00e9ves \u00f6sszevet\u00e9sben sz\u00e1m\u00edtott infl\u00e1ci\u00f3 5,3, m\u00edg a maginfl\u00e1ci\u00f3 3,8 sz\u00e1zal\u00e9k volt. Az el\u0151z\u0151 h\u00f3naphoz k\u00e9pest a fogyaszt\u00f3i\u00e1r-index 0,2, m\u00edg a maginfl\u00e1ci\u00f3 0,4 sz\u00e1zal\u00e9kponttal n\u0151tt. A be\u00e9rkezett infl\u00e1ci\u00f3s adat a jegybanki progn\u00f3zist \u00e9s a piaci v\u00e1rakoz\u00e1sokat is meghaladta. M\u00e1jus \u00f3ta a piaci szolg\u00e1ltat\u00e1sok \u00e9s az iparcikkek \u00e1remelked\u00e9se tov\u00e1bb gyorsult, \u00e9s az infl\u00e1ci\u00f3s alapfolyamat-mutat\u00f3k is emelkedtek. Az infl\u00e1ci\u00f3s adatok meger\u0151s\u00edtik, hogy j\u00faniusban m\u00e1r er\u0151teljesek voltak a gazdas\u00e1g \u00fajranyit\u00e1s\u00e1b\u00f3l fakad\u00f3 infl\u00e1ci\u00f3s hat\u00e1sok.<br \/>\nAz infl\u00e1ci\u00f3 a k\u00f6vetkez\u0151 h\u00f3napokban m\u00e1r fokozatosan cs\u00f6kken, ugyanakkor v\u00e1rhat\u00f3an az \u00e9v v\u00e9g\u00e9ig a jegybanki tolerancias\u00e1v f\u00f6l\u00f6tt alakul. Az infl\u00e1ci\u00f3 2022 elej\u00e9n \u00fajb\u00f3l a jegybanki toleracias\u00e1vba s\u00fcllyed \u00e9s a monet\u00e1ris politikai szigor\u00edt\u00f3 ciklus k\u00f6vetkezt\u00e9ben 2022 k\u00f6zep\u00e9t\u0151l a jegybanki c\u00e9l k\u00f6r\u00fcl stabiliz\u00e1l\u00f3dik &#8211; k\u00f6z\u00f6lte a jegybank.<br \/>\n<div class=\"ads-in-post2\"><script async src=\"https:\/\/pagead2.googlesyndication.com\/pagead\/js\/adsbygoogle.js\"><\/script>\r\n<ins class=\"adsbygoogle\"\r\n     style=\"display:block\"\r\n     data-ad-format=\"fluid\"\r\n     data-ad-layout-key=\"-6t+ed+2i-1n-4w\"\r\n     data-ad-client=\"ca-pub-1959107119989764\"\r\n     data-ad-slot=\"4008251320\"><\/ins>\r\n<script>\r\n     (adsbygoogle = window.adsbygoogle || []).push({});\r\n<\/script><\/div>\nMegjegyzik, hogy az infl\u00e1ci\u00f3s kil\u00e1t\u00e1sokat \u00f6vez\u0151 felfel\u00e9 mutat\u00f3 kock\u00e1zatok \u00e1ltal\u00e1nosan er\u0151s\u00f6dtek. Az eur\u00f3z\u00f3na \u00e9s az USA infl\u00e1ci\u00f3ja az \u00e9v eleje \u00f3ta emelkedett. A nyersanyag\u00e1rak \u00e9s a nemzetk\u00f6zi sz\u00e1ll\u00edtm\u00e1nyoz\u00e1s k\u00f6lts\u00e9geinek tart\u00f3s n\u00f6veked\u00e9se magasabb k\u00fcls\u0151 infl\u00e1ci\u00f3s k\u00f6rnyezet ir\u00e1ny\u00e1ba mutat. A hazai gazdas\u00e1g gyors \u00fajraindul\u00e1s\u00e1val \u00e1tmenetileg fell\u00e9p\u0151 keresleti-k\u00edn\u00e1lati s\u00farl\u00f3d\u00e1sok, az egyes \u00e1gazatokban v\u00e1rhat\u00f3an \u00fajb\u00f3l sz\u0171k\u00f6ss\u00e9 v\u00e1l\u00f3 munkaer\u0151piaci kapacit\u00e1sok az \u00e9l\u00e9nk b\u00e9rdinamik\u00e1val egy\u00fctt az infl\u00e1ci\u00f3s kock\u00e1zatok n\u00f6veked\u00e9s\u00e9t okozz\u00e1k.<br \/>\nAz \u00e1rstabilit\u00e1s biztos\u00edt\u00e1sa, a m\u00e1sodk\u00f6r\u00f6s infl\u00e1ci\u00f3s hat\u00e1sok megel\u0151z\u00e9se \u00e9s az infl\u00e1ci\u00f3s v\u00e1rakoz\u00e1sok horgonyz\u00e1sa \u00e9rdek\u00e9ben a monet\u00e1ris tan\u00e1cs keddi d\u00f6nt\u00e9seivel a monet\u00e1ris kond\u00edci\u00f3kat t\u00f6bb l\u00e9p\u00e9ssel is tov\u00e1bb szigor\u00edtotta. Az egyhetes bet\u00e9ti eszk\u00f6z kamat\u00e1t az MNB tov\u00e1bbra is a heti tenderek keret\u00e9ben hat\u00e1rozza meg. A tan\u00e1cs szerint az egyhetes bet\u00e9ti eszk\u00f6z kamat\u00e1nak az alapkamattal azonos m\u00e9rt\u00e9k\u0171 emel\u00e9se indokolt.<br \/>\nA Monet\u00e1ris Tan\u00e1cs a kamatkond\u00edci\u00f3k szigor\u00edt\u00e1s\u00e1val p\u00e1rhuzamosan folytatja a hossz\u00fa futamid\u0151n hat\u00f3 eszk\u00f6z\u00f6k fokozatos kivezet\u00e9s\u00e9t. Az MNB j\u00faniusban a keret\u00f6sszeg kimer\u00fcl\u00e9s\u00e9vel bejelentette az NHP Hajr\u00e1 lez\u00e1r\u00e1s\u00e1t, k\u00f6vetkez\u0151 l\u00e9p\u00e9sk\u00e9nt pedig a mai napt\u00f3l megsz\u00fcnteti a hossz\u00fa lej\u00e1rat\u00fa fedezett hiteleszk\u00f6z alkalmaz\u00e1s\u00e1t.<br \/>\nA tan\u00e1cs v\u00e1ltozatlanul a monet\u00e1ris politikai eszk\u00f6zt\u00e1r kulcsfontoss\u00e1g\u00fa elem\u00e9nek tartja az \u00e1llampap\u00edr-v\u00e1s\u00e1rl\u00e1si programot, amelyet a j\u00e1rv\u00e1ny harmadik hull\u00e1ma alatt \u00e9s a v\u00e1ltoz\u00e9kony nemzetk\u00f6zi p\u00e9nzpiaci k\u00f6rnyezetben is sikeresnek \u00e9rt\u00e9kel. A jegybanki v\u00e1s\u00e1rl\u00e1sok hozz\u00e1j\u00e1rultak az \u00e1llampap\u00edrpiac stabil likvidit\u00e1si helyzet\u00e9nek fenntart\u00e1s\u00e1hoz, valamint er\u0151s\u00edtett\u00e9k a monet\u00e1ris transzmisszi\u00f3 hat\u00e9konys\u00e1g\u00e1t. Az MNB a programot tov\u00e1bbra is tart\u00f3s piaci jelenl\u00e9t mellett, a heti v\u00e1s\u00e1rl\u00e1sok mennyis\u00e9g\u00e9t \u00e9s szerkezet\u00e9t rugalmasan alak\u00edtva, a sz\u00fcks\u00e9ges m\u00e9rt\u00e9kben \u00e9s a sz\u00fcks\u00e9ges ideig fogja haszn\u00e1lni.<br \/>\n<div class=\"ads-in-post2\"><script async src=\"https:\/\/pagead2.googlesyndication.com\/pagead\/js\/adsbygoogle.js\"><\/script>\r\n<ins class=\"adsbygoogle\"\r\n     style=\"display:block\"\r\n     data-ad-format=\"fluid\"\r\n     data-ad-layout-key=\"-6t+ed+2i-1n-4w\"\r\n     data-ad-client=\"ca-pub-1959107119989764\"\r\n     data-ad-slot=\"4008251320\"><\/ins>\r\n<script>\r\n     (adsbygoogle = window.adsbygoogle || []).push({});\r\n<\/script><\/div>\nAz MNB akt\u00edv piaci jelenl\u00e9ttel tomp\u00edtotta a negyed\u00e9vv\u00e9gi nemzetk\u00f6zi swappiaci fesz\u00fclts\u00e9gek hazai begy\u0171r\u0171z\u00e9s\u00e9t, hozz\u00e1j\u00e1rulva a monet\u00e1ris kond\u00edci\u00f3k stabilit\u00e1s\u00e1nak meg\u0151rz\u00e9s\u00e9hez \u00e9s ezen kereszt\u00fcl az \u00e1rstabilit\u00e1s fenntart\u00e1s\u00e1hoz. A jegybank sz\u00e1m\u00e1ra kiemelt szempont, hogy a r\u00f6vid oldali kamatok minden r\u00e9szpiacon \u00e9s minden id\u0151szakban a monet\u00e1ris tan\u00e1cs \u00e1ltal optim\u00e1lisnak tartott r\u00f6vid oldali kamatszinttel \u00f6sszhangban alakuljanak &#8211; \u00edrt\u00e1k.<br \/>\nMint hangs\u00falyozt\u00e1k, a magyar gazdas\u00e1g id\u00e9n a m\u00e1sodik negyed\u00e9vben \u00fajraindult, \u00e9s az eur\u00f3pai \u00e1tlagn\u00e1l kor\u00e1bbi nyit\u00e1s k\u00f6vetkezt\u00e9ben a helyre\u00e1ll\u00e1s dinamik\u00e1ja jelent\u0151sen gyorsult. A val\u00f3s idej\u0171 adatok a m\u00e1sodik negyed\u00e9vre k\u00e9tsz\u00e1mjegy\u0171 gazdas\u00e1gi n\u00f6veked\u00e9st jeleznek. A magyar gazdas\u00e1g kibocs\u00e1t\u00e1sa a harmadik negyed\u00e9vben el\u00e9rheti a v\u00e1ls\u00e1g el\u0151tti szintj\u00e9t. Az idei \u00e9vben a magyar gazdas\u00e1g 6 sz\u00e1zal\u00e9k k\u00f6r\u00fcl, 2022-ben 5,5, m\u00edg 2023-ban 3,5 sz\u00e1zal\u00e9kkal b\u0151v\u00fcl.<br \/>\nA v\u00e1rakoz\u00e1sok szerint a magyar gazdas\u00e1g helyre\u00e1ll\u00e1sa eur\u00f3pai \u00f6sszevet\u00e9sben is az egyik leggyorsabb lehet.(MTI)<\/p>\n","protected":false},"excerpt":{"rendered":"<p>Az infl\u00e1ci\u00f3s kil\u00e1t\u00e1sokat \u00f6vez\u0151 kock\u00e1zatok tov\u00e1bbra is felfel\u00e9 mutatnak; az \u00e1rstabilit\u00e1s biztos\u00edt\u00e1sa, a m\u00e1sodk\u00f6r\u00f6s infl\u00e1ci\u00f3s hat\u00e1sok megel\u0151z\u00e9se \u00e9s az infl\u00e1ci\u00f3s v\u00e1rakoz\u00e1sok horgonyz\u00e1sa \u00e9rdek\u00e9ben a tan\u00e1cs indokoltnak tartja a kamatemel\u00e9si ciklus havi \u00fctem\u0171, hat\u00e1rozott l\u00e9p\u00e9sekkel t\u00f6rt\u00e9n\u0151 folytat\u00e1s\u00e1t &#8211; k\u00f6z\u00f6lte a Magyar Nemzeti Bank (MNB) Monet\u00e1ris Tan\u00e1csa a keddi kamatd\u00f6nt\u00e9s indokl\u00e1s\u00e1ban.<\/p>\n","protected":false},"author":1001006,"featured_media":0,"comment_status":"open","ping_status":"open","sticky":false,"template":"","format":"standard","meta":[],"categories":[19],"tags":[],"_links":{"self":[{"href":"https:\/\/gazdasagportal.hu\/index.php\/wp-json\/wp\/v2\/posts\/137079"}],"collection":[{"href":"https:\/\/gazdasagportal.hu\/index.php\/wp-json\/wp\/v2\/posts"}],"about":[{"href":"https:\/\/gazdasagportal.hu\/index.php\/wp-json\/wp\/v2\/types\/post"}],"author":[{"embeddable":true,"href":"https:\/\/gazdasagportal.hu\/index.php\/wp-json\/wp\/v2\/users\/1001006"}],"replies":[{"embeddable":true,"href":"https:\/\/gazdasagportal.hu\/index.php\/wp-json\/wp\/v2\/comments?post=137079"}],"version-history":[{"count":1,"href":"https:\/\/gazdasagportal.hu\/index.php\/wp-json\/wp\/v2\/posts\/137079\/revisions"}],"predecessor-version":[{"id":137080,"href":"https:\/\/gazdasagportal.hu\/index.php\/wp-json\/wp\/v2\/posts\/137079\/revisions\/137080"}],"wp:attachment":[{"href":"https:\/\/gazdasagportal.hu\/index.php\/wp-json\/wp\/v2\/media?parent=137079"}],"wp:term":[{"taxonomy":"category","embeddable":true,"href":"https:\/\/gazdasagportal.hu\/index.php\/wp-json\/wp\/v2\/categories?post=137079"},{"taxonomy":"post_tag","embeddable":true,"href":"https:\/\/gazdasagportal.hu\/index.php\/wp-json\/wp\/v2\/tags?post=137079"}],"curies":[{"name":"wp","href":"https:\/\/api.w.org\/{rel}","templated":true}]}}