{"id":137011,"date":"2021-07-23T17:57:06","date_gmt":"2021-07-23T15:57:06","guid":{"rendered":"https:\/\/gazdasagportal.hu\/?p=137011"},"modified":"2021-07-23T09:58:19","modified_gmt":"2021-07-23T07:58:19","slug":"miniszterelnoki-fotanacsado-at-kell-gondolni-a-moratoriumban-levo-lakossagi-folyoszamlahitelek-es-a-hitelkartyak-kezeleset","status":"publish","type":"post","link":"https:\/\/gazdasagportal.hu\/index.php\/miniszterelnoki-fotanacsado-at-kell-gondolni-a-moratoriumban-levo-lakossagi-folyoszamlahitelek-es-a-hitelkartyak-kezeleset\/","title":{"rendered":"Minisztereln\u00f6ki f\u0151tan\u00e1csad\u00f3: \u00e1t kell gondolni a morat\u00f3riumban l\u00e9v\u0151 lakoss\u00e1gi foly\u00f3sz\u00e1mlahitelek \u00e9s a hitelk\u00e1rty\u00e1k kezel\u00e9s\u00e9t"},"content":{"rendered":"<p><strong>M\u00e9g szeptember v\u00e9ge el\u0151tt \u00e9rdemes lenne \u00e1tgondolni a morat\u00f3riumban l\u00e9v\u0151 lakoss\u00e1gi foly\u00f3sz\u00e1mlahitelek \u00e9s a hitelk\u00e1rty\u00e1k kezel\u00e9s\u00e9t &#8211; mondta a VG-nek cs\u00fct\u00f6rt\u00f6k\u00f6n Nagy M\u00e1rton. A minisztereln\u00f6k gazdas\u00e1gpolitikai f\u0151tan\u00e1csad\u00f3ja r\u00e1mutatott: a hitelt\u00f6rleszt\u00e9si morat\u00f3rium 19 h\u00f3napja alatt ez a k\u00e9t hitelt\u00edpus teljesen elvesztette hitelkeret, illetve ruliroz\u00f3 hitel volt\u00e1t, val\u00f3j\u00e1ban \u00e1talakultak egy hitelkeretb\u0151l szem\u00e9lyi hitell\u00e9, azaz k\u00f6zgazdas\u00e1gilag szabad felhaszn\u00e1l\u00e1s\u00fa fogyaszt\u00e1si hitel jelleg\u0171 term\u00e9kk\u00e9 v\u00e1ltak.<\/strong><!--more--><\/p>\n<div class=\"ads-in-post2\"><script async src=\"https:\/\/pagead2.googlesyndication.com\/pagead\/js\/adsbygoogle.js\"><\/script>\r\n<ins class=\"adsbygoogle\"\r\n     style=\"display:block\"\r\n     data-ad-format=\"fluid\"\r\n     data-ad-layout-key=\"-6t+ed+2i-1n-4w\"\r\n     data-ad-client=\"ca-pub-1959107119989764\"\r\n     data-ad-slot=\"4008251320\"><\/ins>\r\n<script>\r\n     (adsbygoogle = window.adsbygoogle || []).push({});\r\n<\/script><\/div>\n<p>    A morat\u00f3riumban r\u00e9sztvev\u0151 1,2 milli\u00f3 lakoss\u00e1gi \u00fcgyf\u00e9l, 1,8 milli\u00f3 darab hitel\u00e9b\u0151l 700 ezer, vagyis darabsz\u00e1m alapj\u00e1n 40 sz\u00e1zal\u00e9k ebbe a k\u00e9t hitelt\u00edpusba tartozik, m\u00edg a fenn\u00e1ll\u00f3 tartoz\u00e1s alapj\u00e1n a morat\u00f3rium alatt l\u00e9v\u0151 3000 milli\u00e1rd forintos hitel\u00e1llom\u00e1nynak nagyj\u00e1b\u00f3l csak 4,5 sz\u00e1zal\u00e9k\u00e1t adj\u00e1k, ami 130 milli\u00e1rd forintot jelent. &#8222;Tekintettel arra, hogy egy szem\u00e9ly rendelkezhet egyszerre hitelk\u00e1rty\u00e1val \u00e9s foly\u00f3sz\u00e1mlahitellel is \u00edgy t\u00f6bb, mint 500 ezren lehetnek \u00e9rintettek&#8221; &#8211; mondta a minisztereln\u00f6k gazdas\u00e1gpolitikai tan\u00e1csad\u00f3ja.<br \/>\n<div class=\"ads-in-post2\"><script async src=\"https:\/\/pagead2.googlesyndication.com\/pagead\/js\/adsbygoogle.js\"><\/script>\r\n<ins class=\"adsbygoogle\"\r\n     style=\"display:block\"\r\n     data-ad-format=\"fluid\"\r\n     data-ad-layout-key=\"-6t+ed+2i-1n-4w\"\r\n     data-ad-client=\"ca-pub-1959107119989764\"\r\n     data-ad-slot=\"4008251320\"><\/ins>\r\n<script>\r\n     (adsbygoogle = window.adsbygoogle || []).push({});\r\n<\/script><\/div>\n    A morat\u00f3riumban r\u00e9sztvev\u0151 lakoss\u00e1gi foly\u00f3sz\u00e1mlahitellel \u00e9s hitelk\u00e1rty\u00e1val rendelkez\u0151 \u00fcgyfelek helyzet\u00e9t mindenk\u00e9ppen \u00e9rdemes lenne \u00fajra \u00e9rtelmezni, m\u00e9g szeptember v\u00e9ge el\u0151tt \u00e9rdemes \u00fajragondolni ezen hitelek futamidej\u00e9t \u00e9s kamatoz\u00e1s\u00e1t is &#8211; h\u00edvta fel a figyelmet Nagy M\u00e1rton.(MTI)<\/p>\n","protected":false},"excerpt":{"rendered":"<p>M\u00e9g szeptember v\u00e9ge el\u0151tt \u00e9rdemes lenne \u00e1tgondolni a morat\u00f3riumban l\u00e9v\u0151 lakoss\u00e1gi foly\u00f3sz\u00e1mlahitelek \u00e9s a hitelk\u00e1rty\u00e1k kezel\u00e9s\u00e9t &#8211; mondta a VG-nek cs\u00fct\u00f6rt\u00f6k\u00f6n Nagy M\u00e1rton. A minisztereln\u00f6k gazdas\u00e1gpolitikai f\u0151tan\u00e1csad\u00f3ja r\u00e1mutatott: a hitelt\u00f6rleszt\u00e9si morat\u00f3rium 19 h\u00f3napja alatt ez a k\u00e9t hitelt\u00edpus teljesen elvesztette hitelkeret, illetve ruliroz\u00f3 hitel volt\u00e1t, val\u00f3j\u00e1ban \u00e1talakultak egy hitelkeretb\u0151l szem\u00e9lyi hitell\u00e9, azaz k\u00f6zgazdas\u00e1gilag szabad felhaszn\u00e1l\u00e1s\u00fa &#8230;<\/p>\n","protected":false},"author":1001005,"featured_media":0,"comment_status":"open","ping_status":"open","sticky":false,"template":"","format":"standard","meta":[],"categories":[19],"tags":[],"_links":{"self":[{"href":"https:\/\/gazdasagportal.hu\/index.php\/wp-json\/wp\/v2\/posts\/137011"}],"collection":[{"href":"https:\/\/gazdasagportal.hu\/index.php\/wp-json\/wp\/v2\/posts"}],"about":[{"href":"https:\/\/gazdasagportal.hu\/index.php\/wp-json\/wp\/v2\/types\/post"}],"author":[{"embeddable":true,"href":"https:\/\/gazdasagportal.hu\/index.php\/wp-json\/wp\/v2\/users\/1001005"}],"replies":[{"embeddable":true,"href":"https:\/\/gazdasagportal.hu\/index.php\/wp-json\/wp\/v2\/comments?post=137011"}],"version-history":[{"count":1,"href":"https:\/\/gazdasagportal.hu\/index.php\/wp-json\/wp\/v2\/posts\/137011\/revisions"}],"predecessor-version":[{"id":137012,"href":"https:\/\/gazdasagportal.hu\/index.php\/wp-json\/wp\/v2\/posts\/137011\/revisions\/137012"}],"wp:attachment":[{"href":"https:\/\/gazdasagportal.hu\/index.php\/wp-json\/wp\/v2\/media?parent=137011"}],"wp:term":[{"taxonomy":"category","embeddable":true,"href":"https:\/\/gazdasagportal.hu\/index.php\/wp-json\/wp\/v2\/categories?post=137011"},{"taxonomy":"post_tag","embeddable":true,"href":"https:\/\/gazdasagportal.hu\/index.php\/wp-json\/wp\/v2\/tags?post=137011"}],"curies":[{"name":"wp","href":"https:\/\/api.w.org\/{rel}","templated":true}]}}