{"id":136973,"date":"2021-07-22T09:40:49","date_gmt":"2021-07-22T07:40:49","guid":{"rendered":"https:\/\/gazdasagportal.hu\/?p=136973"},"modified":"2021-07-22T09:40:49","modified_gmt":"2021-07-22T07:40:49","slug":"tozsde-emelkedessel-indult-a-kereskedes-a-fobb-europai-piacokon-18","status":"publish","type":"post","link":"https:\/\/gazdasagportal.hu\/index.php\/tozsde-emelkedessel-indult-a-kereskedes-a-fobb-europai-piacokon-18\/","title":{"rendered":"T\u0151zsde &#8211; Emelked\u00e9ssel indult a keresked\u00e9s a f\u0151bb eur\u00f3pai piacokon"},"content":{"rendered":"<p><strong>A glob\u00e1lisan kedvez\u0151 hangulatban emelked\u00e9ssel nyitottak a f\u0151bb nyugat-eur\u00f3pai \u00e9rt\u00e9kt\u0151zsd\u00e9k cs\u00fct\u00f6rt\u00f6k\u00f6n.<\/strong><!--more--><\/p>\n<div class=\"ads-in-post1\"><div id=\"gazdasagportal.hu_fullbanner_wideboard\"><\/div>\r\n<\/div>\n<p>    A londoni t\u0151zsde f\u0151 mutat\u00f3ja, az FTSE-100 index 0,13 sz\u00e1zal\u00e9kos, a frankfurti DAX-index 0,38 sz\u00e1zal\u00e9kos, a p\u00e1rizsi CAC-40 0,52 sz\u00e1zal\u00e9kos, a mil\u00e1n\u00f3i FTSE MIB 0,38 sz\u00e1zal\u00e9kos, a madridi IBEX-35 index pedig 0,37 sz\u00e1zal\u00e9kos pluszban ind\u00edtotta a keresked\u00e9st. Az eur\u00f3\u00f6vezeti v\u00e1llalatok gy\u0171jt\u0151indexei k\u00f6z\u00fcl az EuroStoxx50 0,52 sz\u00e1zal\u00e9kkal emelkedett.<br \/>\n    Cs\u00fct\u00f6rt\u00f6k\u00f6n a befektet\u0151k els\u0151sorban az Eur\u00f3pai K\u00f6zponti Bank korm\u00e1nyz\u00f3tan\u00e1cs\u00e1nak d\u00f6nt\u00e9seire, valamint Christine Lagarde eln\u00f6k ezt k\u00f6vet\u0151 sajt\u00f3t\u00e1j\u00e9koztat\u00f3j\u00e1ra fognak \u00f6sszpontos\u00edtani. Az eur\u00f3\u00f6vezeti jegybank k\u00e9t hete megv\u00e1ltoztatta infl\u00e1ci\u00f3s c\u00e9lj\u00e1t, \u00e9s a befektet\u0151k arra kiv\u00e1ncsiak, hogy ez megv\u00e1ltoztatja-e a monet\u00e1ris politika ir\u00e1ny\u00e1t, k\u00fcl\u00f6n\u00f6s tekintettel arra, hogy Lagarde a h\u00e9t elej\u00e9n azt mondta, &#8222;n\u00e9h\u00e1ny \u00e9rdekes vari\u00e1ci\u00f3 \u00e9s v\u00e1ltoz\u00e1s&#8221; v\u00e1rhat\u00f3 a cs\u00fct\u00f6rt\u00f6ki \u00fcl\u00e9st\u0151l.<br \/>\n    &#8222;\u00dagy v\u00e9lj\u00fck, hogy az EKB meger\u0151s\u00edti el\u0151retekint\u0151 \u00fatmutat\u00e1s\u00e1t, hogy jelezze, a piacok \u00e1ltal jelenleg v\u00e1rtn\u00e1l hosszabb id\u0151szakig maradnak v\u00e1ltozatlanul az ir\u00e1nyad\u00f3 kamatl\u00e1bak \u00e9s eszk\u00f6zv\u00e1s\u00e1rl\u00e1si program (APP) r\u00e9szek\u00e9nt foly\u00f3 nett\u00f3 v\u00e1s\u00e1rl\u00e1sok&#8221; &#8211; \u00edrta Nick Kounis, az ABN Amro holland bank vezet\u0151 elemz\u0151je.<br \/>\n    Ek\u00f6zben g\u0151zer\u0151vel halad a gyorsjelent\u00e9se szezon. A vil\u00e1g harmadik legnagyobb rekl\u00e1m\u00fcgyn\u00f6ks\u00e9ge, a p\u00e1rizsi sz\u00e9khely\u0171 Publicis csoport a t\u0151zsdei nyit\u00e1s k\u00f6z\u00f6lt m\u00e1sodik negyed\u00e9ves jelent\u00e9s\u00e9ben er\u0151s n\u00f6veked\u00e9sr\u0151l adott sz\u00e1mot, \u00e9s jelezte, hogy p\u00e9nz\u00fcgyi eredm\u00e9nyei id\u00e9n teljes eg\u00e9sz\u00e9ben visszat\u00e9rnek a vil\u00e1gj\u00e1rv\u00e1ny el\u0151tti szintre.<br \/>\n<div class=\"ads-in-post2\"><script async src=\"https:\/\/pagead2.googlesyndication.com\/pagead\/js\/adsbygoogle.js\"><\/script>\r\n<ins class=\"adsbygoogle\"\r\n     style=\"display:block\"\r\n     data-ad-format=\"fluid\"\r\n     data-ad-layout-key=\"-6t+ed+2i-1n-4w\"\r\n     data-ad-client=\"ca-pub-1959107119989764\"\r\n     data-ad-slot=\"4008251320\"><\/ins>\r\n<script>\r\n     (adsbygoogle = window.adsbygoogle || []).push({});\r\n<\/script><\/div>\n    A sv\u00e1jci Givaudan, a vil\u00e1g vezet\u0151 illatanyag-, aroma- \u00e9s \u00e9lelmiszer\u00edzes\u00edt\u0151-gy\u00e1rt\u00f3ja nett\u00f3 nyeres\u00e9ge \u00e9s \u00e1rbev\u00e9tele is emelkedett az els\u0151 f\u00e9l\u00e9vben. A koronav\u00edrustesztek ir\u00e1nti er\u0151s keresletnek k\u00f6sz\u00f6nhet\u0151en els\u0151 f\u00e9l\u00e9ves nyeres\u00e9g\u00e9nek emelked\u00e9s\u00e9r\u0151l sz\u00e1molt be a Roche sv\u00e1jci gy\u00f3gyszeripari v\u00e1llalat is.<br \/>\n    A nagyv\u00e1llalatok k\u00f6z\u00fcl cs\u00fct\u00f6rt\u00f6k\u00f6n teszi k\u00f6zz\u00e9 m\u00e1sodik negyed\u00e9ves besz\u00e1mol\u00f3j\u00e1t az Unilever, a Valeo, az ABB, a Centrica \u00e9s a Mulberry is<br \/>\n    Az eur\u00f3 1,1796 doll\u00e1ron forgott a nemzetk\u00f6zi bankk\u00f6zi devizapiacon cs\u00fct\u00f6rt\u00f6k d\u00e9lel\u0151tt kilenc \u00f3rakor, 0,03 sz\u00e1zal\u00e9kkal er\u0151s\u00f6d\u00f6tt az el\u0151z\u0151 napi z\u00e1r\u00e1shoz k\u00e9pest.<br \/>\n    A glob\u00e1lis kereskedelem szempontj\u00e1b\u00f3l legjelent\u0151sebb k\u00e9t nyersolajf\u00e9les\u00e9g, az \u00e9szaki-tengeri Brent \u00e9s a nyugati f\u00e9ltek\u00e9n ir\u00e1nyad\u00f3 West Texas Intermediate (WTI) \u00e1ra az el\u0151z\u0151 napi z\u00e1r\u00f3\u00e9rt\u00e9kek k\u00f6r\u00fcl mozgott kilenc \u00f3ra ut\u00e1n p\u00e1r perccel.<br \/>\n    A szeptemberi hat\u00e1rid\u0151s jegyz\u00e9sekben a Brent hord\u00f3nk\u00e9nt 0,32 sz\u00e1zal\u00e9kos m\u00ednuszban, 72,00 doll\u00e1ron, a WTI pedig 0,18 sz\u00e1zal\u00e9kos vesztes\u00e9gben, 70,17 doll\u00e1ron forgott.<br \/>\n    A befektet\u0151ket elkedvetlen\u00edtette, hogy nem cs\u00f6kkent, hanem k\u00e9tmilli\u00f3 hord\u00f3val n\u0151ttek az amerikai kereskedelmi nyersolajtartal\u00e9kok a m\u00falt h\u00e9ten a kereslet lanyhul\u00e1s\u00e1t jelezve<br \/>\n<div class=\"ads-in-post2\"><script async src=\"https:\/\/pagead2.googlesyndication.com\/pagead\/js\/adsbygoogle.js\"><\/script>\r\n<ins class=\"adsbygoogle\"\r\n     style=\"display:block\"\r\n     data-ad-format=\"fluid\"\r\n     data-ad-layout-key=\"-6t+ed+2i-1n-4w\"\r\n     data-ad-client=\"ca-pub-1959107119989764\"\r\n     data-ad-slot=\"4008251320\"><\/ins>\r\n<script>\r\n     (adsbygoogle = window.adsbygoogle || []).push({});\r\n<\/script><\/div>\n    Az azonnali jegyz\u00e9sekben az arany unci\u00e1nk\u00e9nti \u00e1ra 0,06 sz\u00e1zal\u00e9kkal, 1802,26 doll\u00e1rra, az augusztusi sz\u00e1ll\u00edt\u00e1s\u00fa arany\u00e9 pedig 0,08 sz\u00e1zal\u00e9kkal, 1801,90 doll\u00e1rra esett a New York-i \u00e1rupiacon.<br \/>\n    A h\u00e9t elej\u00e9n m\u00e9g vil\u00e1gv\u00e9ge hangulat uralkodott az \u00e9rt\u00e9kpap\u00edrpiacokon, h\u00e9tf\u0151n 2 sz\u00e1zal\u00e9kot meghalad\u00f3 m\u00ednuszokban z\u00e1rtak a vezet\u0151 nyugat-eur\u00f3pai t\u0151zsdeindexek. A befektet\u0151ket megijesztette, hogy szerte a vil\u00e1gban, \u00edgy Eur\u00f3p\u00e1ban \u00e9s az Egyes\u00fclt \u00c1llamokban is, megint meredeken n\u0151 az \u00faj koronav\u00edrussal fert\u0151z\u00f6ttek sz\u00e1ma, ami megt\u00f6rheti a vil\u00e1ggazdas\u00e1g lend\u00fclet\u00e9t. A befektet\u0151k igyekeztek szabadulni a kock\u00e1zatos eszk\u00f6z\u00f6kt\u0151l, \u00e9s a biztons\u00e1gos mened\u00e9kk\u00e9nt szolg\u00e1l\u00f3 eszk\u00f6z\u00f6kbe, p\u00e9ld\u00e1ul k\u00f6tv\u00e9nyekbe csoportos\u00edtott\u00e1k \u00e1t a felszabadul\u00f3 t\u0151k\u00e9t.<br \/>\n    A hangulat szerd\u00e1ra teljes eg\u00e9sz\u00e9ben megfordult, \u00e9s az el\u0151z\u0151 napi enyhe emelked\u00e9s ut\u00e1n er\u0151s pluszokban z\u00e1rt Eur\u00f3pa. London 1,70 sz\u00e1zal\u00e9kos, Frankfurt 1,36 sz\u00e1zal\u00e9kos, P\u00e1rizs 1,85 sz\u00e1zal\u00e9kos, Madrid 2,50 sz\u00e1zal\u00e9kos, Mil\u00e1n\u00f3 pedig 2,36 sz\u00e1zal\u00e9kos pluszban fejezte be a keresked\u00e9st. A p\u00e1neur\u00f3pai indexek k\u00f6z\u00fcl a Stoxx Europe 600 1,65 sz\u00e1zal\u00e9kkal, az FTSE Eurofirst 300 index pedig 1,61 sz\u00e1zal\u00e9kkal k\u00faszott feljebb. Az eur\u00f3\u00f6vezeti gy\u0171jt\u0151indexek k\u00f6z\u00fcl az EuroStoxx50 1,78 sz\u00e1zal\u00e9kkal emelkedett.<br \/>\n<div class=\"ads-in-post2\"><script async src=\"https:\/\/pagead2.googlesyndication.com\/pagead\/js\/adsbygoogle.js\"><\/script>\r\n<ins class=\"adsbygoogle\"\r\n     style=\"display:block\"\r\n     data-ad-format=\"fluid\"\r\n     data-ad-layout-key=\"-6t+ed+2i-1n-4w\"\r\n     data-ad-client=\"ca-pub-1959107119989764\"\r\n     data-ad-slot=\"4008251320\"><\/ins>\r\n<script>\r\n     (adsbygoogle = window.adsbygoogle || []).push({});\r\n<\/script><\/div>\n    New Yorkban a Dow Jones ipari \u00e1tlag 0,83 sz\u00e1zal\u00e9kos, az S&#038;P 500-as mutat\u00f3 0,82 sz\u00e1zal\u00e9kos, a Nasdaq-piac \u00f6sszetett mutat\u00f3ja pedig 0,92 sz\u00e1zal\u00e9kos pluszban fejezte be a keresked\u00e9st. A hat\u00e1rid\u0151s indexek enyhe emelked\u00e9st val\u00f3sz\u00edn\u0171s\u00edtenek a cs\u00fct\u00f6rt\u00f6ki nyit\u00e1sra.(MTI)<\/p>\n","protected":false},"excerpt":{"rendered":"<p>A glob\u00e1lisan kedvez\u0151 hangulatban emelked\u00e9ssel nyitottak a f\u0151bb nyugat-eur\u00f3pai \u00e9rt\u00e9kt\u0151zsd\u00e9k cs\u00fct\u00f6rt\u00f6k\u00f6n.<\/p>\n","protected":false},"author":1001005,"featured_media":0,"comment_status":"open","ping_status":"open","sticky":false,"template":"","format":"standard","meta":[],"categories":[8],"tags":[],"_links":{"self":[{"href":"https:\/\/gazdasagportal.hu\/index.php\/wp-json\/wp\/v2\/posts\/136973"}],"collection":[{"href":"https:\/\/gazdasagportal.hu\/index.php\/wp-json\/wp\/v2\/posts"}],"about":[{"href":"https:\/\/gazdasagportal.hu\/index.php\/wp-json\/wp\/v2\/types\/post"}],"author":[{"embeddable":true,"href":"https:\/\/gazdasagportal.hu\/index.php\/wp-json\/wp\/v2\/users\/1001005"}],"replies":[{"embeddable":true,"href":"https:\/\/gazdasagportal.hu\/index.php\/wp-json\/wp\/v2\/comments?post=136973"}],"version-history":[{"count":1,"href":"https:\/\/gazdasagportal.hu\/index.php\/wp-json\/wp\/v2\/posts\/136973\/revisions"}],"predecessor-version":[{"id":136974,"href":"https:\/\/gazdasagportal.hu\/index.php\/wp-json\/wp\/v2\/posts\/136973\/revisions\/136974"}],"wp:attachment":[{"href":"https:\/\/gazdasagportal.hu\/index.php\/wp-json\/wp\/v2\/media?parent=136973"}],"wp:term":[{"taxonomy":"category","embeddable":true,"href":"https:\/\/gazdasagportal.hu\/index.php\/wp-json\/wp\/v2\/categories?post=136973"},{"taxonomy":"post_tag","embeddable":true,"href":"https:\/\/gazdasagportal.hu\/index.php\/wp-json\/wp\/v2\/tags?post=136973"}],"curies":[{"name":"wp","href":"https:\/\/api.w.org\/{rel}","templated":true}]}}