{"id":136971,"date":"2021-07-22T11:16:53","date_gmt":"2021-07-22T09:16:53","guid":{"rendered":"https:\/\/gazdasagportal.hu\/?p=136971"},"modified":"2021-07-22T09:18:32","modified_gmt":"2021-07-22T07:18:32","slug":"koronavirus-kina-nem-fogadja-el-a-who-tervet-a-virus-eredetvizsgalatanak-masodik-szakaszarol","status":"publish","type":"post","link":"https:\/\/gazdasagportal.hu\/index.php\/koronavirus-kina-nem-fogadja-el-a-who-tervet-a-virus-eredetvizsgalatanak-masodik-szakaszarol\/","title":{"rendered":"Koronav\u00edrus &#8211; K\u00edna nem fogadja el a WHO terv\u00e9t a v\u00edrus eredetvizsg\u00e1lat\u00e1nak m\u00e1sodik szakasz\u00e1r\u00f3l"},"content":{"rendered":"<p><strong>K\u00edna nem fogadja el az Eg\u00e9szs\u00e9g\u00fcgyi Vil\u00e1gszervezet (WHO) \u00e1ltal javasolt, a koronav\u00edrus eredetvizsg\u00e1lat\u00e1nak m\u00e1sodik szakasz\u00e1ra vonatkoz\u00f3 tervet &#8211; k\u00f6z\u00f6lte keddi sajt\u00f3t\u00e1j\u00e9koztat\u00f3j\u00e1n Ceng Ji-hszin, a k\u00ednai Nemzeti Eg\u00e9szs\u00e9g\u00fcgyi Bizotts\u00e1g helyettes vezet\u0151je.<\/strong><!--more--><\/p>\n<div class=\"ads-in-post2\"><script async src=\"https:\/\/pagead2.googlesyndication.com\/pagead\/js\/adsbygoogle.js\"><\/script>\r\n<ins class=\"adsbygoogle\"\r\n     style=\"display:block\"\r\n     data-ad-format=\"fluid\"\r\n     data-ad-layout-key=\"-6t+ed+2i-1n-4w\"\r\n     data-ad-client=\"ca-pub-1959107119989764\"\r\n     data-ad-slot=\"4008251320\"><\/ins>\r\n<script>\r\n     (adsbygoogle = window.adsbygoogle || []).push({});\r\n<\/script><\/div>\n<p>    Ceng \u00fagy fogalmazott: a vizsg\u00e1lat m\u00e1sodik szakasz\u00e1val kapcsolatos munkaterv olyan elemeket tartalmaz, melyek nem tartj\u00e1k tiszteletben a tudom\u00e1nyt.<br \/>\n    Tedrosz Adhanom Gebrejeszusz, a WHO f\u0151igazgat\u00f3ja j\u00falius 15-\u00e9n ism\u00e9t felsz\u00f3l\u00edtotta K\u00edn\u00e1t, hogy biztos\u00edtson nagyobb fok\u00fa \u00e1tl\u00e1that\u00f3s\u00e1got a legels\u0151 koronav\u00edrus-fert\u0151z\u00f6ttekr\u0151l sz\u00f3l\u00f3 t\u00e1j\u00e9koztat\u00e1sokkal kapcsolatban. K\u00f6z\u00f6lte tov\u00e1bb\u00e1: a koronav\u00edrus eredet\u00e9nek felt\u00e1r\u00e1s\u00e1t c\u00e9lz\u00f3 vizsg\u00e1lat els\u0151 szakasza ut\u00e1n &#8211; amelynek keret\u00e9ben nemzetk\u00f6zi szak\u00e9rt\u0151k l\u00e1togattak a k\u00f6z\u00e9p-k\u00ednai Vuhan v\u00e1ros\u00e1ba, ahol az els\u0151 eseteket feljegyezt\u00e9k, &#8211; ism\u00e9t nemzetk\u00f6zi szak\u00e9rt\u0151ket k\u00edv\u00e1nnak K\u00edn\u00e1ba k\u00fcldeni. Elismerte, hogy &#8222;nagy a nyom\u00e1s&#8221; annak az elm\u00e9letnek a kiz\u00e1r\u00e1s\u00e1ra, hogy a v\u00edrus laborat\u00f3riumb\u00f3l szabadult el, ennek lehet\u0151s\u00e9g\u00e9t pedig nem z\u00e1rta ki.<br \/>\n    Ceng cs\u00fct\u00f6rt\u00f6k\u00f6n azonban ism\u00e9telten elutas\u00edtotta ezt az elm\u00e9letet, hangs\u00falyozva, hogy a Vuhanban m\u0171k\u00f6d\u0151 laborat\u00f3riumban nincsen emberekre k\u00f6zvetlen\u00fcl \u00e1tterjedni k\u00e9pes v\u00edrus.<br \/>\n<div class=\"ads-in-post2\"><script async src=\"https:\/\/pagead2.googlesyndication.com\/pagead\/js\/adsbygoogle.js\"><\/script>\r\n<ins class=\"adsbygoogle\"\r\n     style=\"display:block\"\r\n     data-ad-format=\"fluid\"\r\n     data-ad-layout-key=\"-6t+ed+2i-1n-4w\"\r\n     data-ad-client=\"ca-pub-1959107119989764\"\r\n     data-ad-slot=\"4008251320\"><\/ins>\r\n<script>\r\n     (adsbygoogle = window.adsbygoogle || []).push({});\r\n<\/script><\/div>\n    Mik\u00f6zben azonban a vuhani laborat\u00f3riumot illet\u0151 v\u00e1dakat k\u00ednai r\u00e9szr\u0151l hat\u00e1rozottan elutas\u00edtj\u00e1k, K\u00edn\u00e1ban mind hivatalos, mind pedig a sajt\u00f3 r\u00e9sz\u00e9r\u0151l sz\u00fclettek v\u00e1dak a marylandi Fort Detrick katonai b\u00e1zis egyik laborat\u00f3riuma kapcs\u00e1n. Csao Li-csien k\u00ednai k\u00fcl\u00fcgyi sz\u00f3viv\u0151 szerdai sajt\u00f3t\u00e1j\u00e9koztat\u00f3j\u00e1n felsz\u00f3l\u00edtotta a WHO-t, hogy tartson vizsg\u00e1latot a laborat\u00f3riumban, miut\u00e1n \u00f6t nap alatt k\u00f6zel \u00f6tmilli\u00f3 k\u00ednai \u00edrt al\u00e1 egy ezt k\u00f6vetel\u0151 ny\u00edlt levelet. Csao ezzel egy id\u0151ben felsz\u00f3l\u00edtotta az Egyes\u00fclt \u00c1llamokat, hogy mutasson be bizony\u00edt\u00e9kokat arr\u00f3l, a Wall Street Journal amerikai lap \u00e1ltal amerikai h\u00edrszerz\u00e9si forr\u00e1sokra hivatkozva k\u00f6z\u00f6lt jelent\u00e9sr\u0151l, miszerint a Vuhani Virol\u00f3giai Int\u00e9zet egyes kutat\u00f3i 2019 november\u00e9ben k\u00f3rh\u00e1zi ell\u00e1t\u00e1sra szorultak. A sz\u00f3viv\u0151 a jelent\u00e9st bizony\u00edt\u00e9kok hi\u00e1ny\u00e1ban hazugs\u00e1gnak nevezte, melynek c\u00e9lja K\u00edna megb\u00e9lyegz\u00e9se.<br \/>\n<div class=\"ads-in-post2\"><script async src=\"https:\/\/pagead2.googlesyndication.com\/pagead\/js\/adsbygoogle.js\"><\/script>\r\n<ins class=\"adsbygoogle\"\r\n     style=\"display:block\"\r\n     data-ad-format=\"fluid\"\r\n     data-ad-layout-key=\"-6t+ed+2i-1n-4w\"\r\n     data-ad-client=\"ca-pub-1959107119989764\"\r\n     data-ad-slot=\"4008251320\"><\/ins>\r\n<script>\r\n     (adsbygoogle = window.adsbygoogle || []).push({});\r\n<\/script><\/div>\n    A koronav\u00edrus eredet\u00e9nek vizsg\u00e1lat\u00e1ra az \u00e9v elej\u00e9n K\u00edn\u00e1ba l\u00e1togat\u00f3 nemzetk\u00f6zi misszi\u00f3 (tagjai k\u00f6z\u00f6tt 17 nemzetk\u00f6zi \u00e9s 17 k\u00ednai szak\u00e9rt\u0151vel) nem jutott konkr\u00e9t k\u00f6vetkeztet\u00e9sre, \u00e9s egy lehets\u00e9ges forgat\u00f3k\u00f6nyvet hagyott nyitva. A legval\u00f3sz\u00edn\u0171bbnek azt tartott\u00e1k, hogy a v\u00edrus feltehet\u0151en egy k\u00f6zvet\u00edt\u0151 faj r\u00e9v\u00e9n terjedt \u00e1t az emberre. A misszi\u00f3 akkor annak lehet\u0151s\u00e9g\u00e9t, hogy a v\u00edrus laborat\u00f3riumb\u00f3l szabadult el, &#8222;nagyon val\u00f3sz\u00edn\u0171tlennek&#8221; v\u00e9lte. A WHO f\u0151igazgat\u00f3ja mindazon\u00e1ltal nem tartotta el\u00e9g alaposnak a m\u00e1rcius k\u00f6zep\u00e9n ismertetett eredm\u00e9nyeket, \u00e9s tov\u00e1bbi vizsg\u00e1latokat rendelt el az \u00fcgyben.(MTI)<\/p>\n","protected":false},"excerpt":{"rendered":"<p>K\u00edna nem fogadja el az Eg\u00e9szs\u00e9g\u00fcgyi Vil\u00e1gszervezet (WHO) \u00e1ltal javasolt, a koronav\u00edrus eredetvizsg\u00e1lat\u00e1nak m\u00e1sodik szakasz\u00e1ra vonatkoz\u00f3 tervet &#8211; k\u00f6z\u00f6lte keddi sajt\u00f3t\u00e1j\u00e9koztat\u00f3j\u00e1n Ceng Ji-hszin, a k\u00ednai Nemzeti Eg\u00e9szs\u00e9g\u00fcgyi Bizotts\u00e1g helyettes vezet\u0151je.<\/p>\n","protected":false},"author":1001005,"featured_media":0,"comment_status":"open","ping_status":"open","sticky":false,"template":"","format":"standard","meta":[],"categories":[427],"tags":[],"_links":{"self":[{"href":"https:\/\/gazdasagportal.hu\/index.php\/wp-json\/wp\/v2\/posts\/136971"}],"collection":[{"href":"https:\/\/gazdasagportal.hu\/index.php\/wp-json\/wp\/v2\/posts"}],"about":[{"href":"https:\/\/gazdasagportal.hu\/index.php\/wp-json\/wp\/v2\/types\/post"}],"author":[{"embeddable":true,"href":"https:\/\/gazdasagportal.hu\/index.php\/wp-json\/wp\/v2\/users\/1001005"}],"replies":[{"embeddable":true,"href":"https:\/\/gazdasagportal.hu\/index.php\/wp-json\/wp\/v2\/comments?post=136971"}],"version-history":[{"count":1,"href":"https:\/\/gazdasagportal.hu\/index.php\/wp-json\/wp\/v2\/posts\/136971\/revisions"}],"predecessor-version":[{"id":136972,"href":"https:\/\/gazdasagportal.hu\/index.php\/wp-json\/wp\/v2\/posts\/136971\/revisions\/136972"}],"wp:attachment":[{"href":"https:\/\/gazdasagportal.hu\/index.php\/wp-json\/wp\/v2\/media?parent=136971"}],"wp:term":[{"taxonomy":"category","embeddable":true,"href":"https:\/\/gazdasagportal.hu\/index.php\/wp-json\/wp\/v2\/categories?post=136971"},{"taxonomy":"post_tag","embeddable":true,"href":"https:\/\/gazdasagportal.hu\/index.php\/wp-json\/wp\/v2\/tags?post=136971"}],"curies":[{"name":"wp","href":"https:\/\/api.w.org\/{rel}","templated":true}]}}