{"id":13697,"date":"2013-08-12T14:35:29","date_gmt":"2013-08-12T12:35:29","guid":{"rendered":"http:\/\/stockportal.hu\/?p=13697"},"modified":"2013-08-12T14:40:58","modified_gmt":"2013-08-12T12:40:58","slug":"lazar-es-csanyi-osszecsapasanak-ujabb-fejezete","status":"publish","type":"post","link":"https:\/\/gazdasagportal.hu\/index.php\/lazar-es-csanyi-osszecsapasanak-ujabb-fejezete\/","title":{"rendered":"L\u00e1z\u00e1r \u00e9s Cs\u00e1nyi \u00f6sszecsap\u00e1s\u00e1nak \u00fajabb fejezete"},"content":{"rendered":"<p><strong>Nincs m\u00e1s v\u00e1laszt\u00e1som, mint tudom\u00e1sul venni Cs\u00e1nyi S\u00e1ndor, az OTP eln\u00f6k-vez\u00e9rigazgat\u00f3j\u00e1nak a sajt\u00f3ban tett, r\u00e1m n\u00e9zve &#8222;lesajn\u00e1l\u00f3&#8221;, len\u00e9z\u0151 megjegyz\u00e9s\u00e9t, hiszen &#8222;m\u00e9giscsak \u0151 az orsz\u00e1g els\u0151 sz\u00e1m\u00fa uzsor\u00e1sa&#8221; &#8211; mondta L\u00e1z\u00e1r J\u00e1nos, a Minisztereln\u00f6ks\u00e9get vezet\u0151 \u00e1llamtitk\u00e1r h\u00e9tf\u0151n sajt\u00f3t\u00e1j\u00e9koztat\u00f3n \u00fajs\u00e1g\u00edr\u00f3i k\u00e9rd\u00e9sre v\u00e1laszolva.<!--more--><\/strong><\/p>\n<p>Hozz\u00e1tette: Cs\u00e1nyi S\u00e1ndor b\u00e1rhogy is &#8222;p\u00e1v\u00e1skodik a devizahitelesekt\u0151l szerzett milli\u00e1rdjaival&#8221;, term\u00e9szetesen &#8222;meghuny\u00e1szkodom, \u00e9s tudom\u00e1sul veszem, hogy ilyen-olyan jelz\u0151kkel illet&#8221;.<br \/>\nAki ilyen fontos ember az orsz\u00e1gban, annak a v\u00e9lem\u00e9ny\u00e9t is k\u00e9nytelen vagyok tudom\u00e1sul venni &#8211; jegyezte meg.<br \/>\nArra utalva, hogy a megfogalmaz\u00e1saib\u00f3l kitetsz\u0151 szigort kiz\u00e1r\u00f3lag a devizahitelesek v\u00e9delm\u00e9ben tan\u00fas\u00edtja, azt is k\u00fcl\u00f6n hangs\u00falyozta: szerinte a korm\u00e1ny sz\u00e1nd\u00e9ka ugyanilyen vil\u00e1gos, mert szeretn\u00e9nek a devizahiteleseknek seg\u00edteni.<br \/>\nA korm\u00e1ny \u00e9s a bankok k\u00f6z\u00f6tt foly\u00f3, a devizahitelesek megseg\u00edt\u00e9s\u00e9re vonatkoz\u00f3 megbesz\u00e9l\u00e9sekr\u0151l \u00fajs\u00e1g\u00edr\u00f3i k\u00e9rd\u00e9sre v\u00e1laszolva azt is kifejtette: a korm\u00e1ny t\u00e1rgyal\u00e1sos \u00faton sz\u00fclet\u0151 megold\u00e1st k\u00edv\u00e1n el\u00e9rni a banksz\u00f6vets\u00e9ggel, de az vil\u00e1goss\u00e1 tette, hogy mag\u00e1t a k\u00e9rd\u00e9ses p\u00e9nz\u00fcgyi piaci term\u00e9ket, a devizahitelt szeretn\u00e9k megsz\u00fcntetni.(MTI)<\/p>\n","protected":false},"excerpt":{"rendered":"<p>Nincs m\u00e1s v\u00e1laszt\u00e1som, mint tudom\u00e1sul venni Cs\u00e1nyi S\u00e1ndor, az OTP eln\u00f6k-vez\u00e9rigazgat\u00f3j\u00e1nak a sajt\u00f3ban tett, r\u00e1m n\u00e9zve &#8222;lesajn\u00e1l\u00f3&#8221;, len\u00e9z\u0151 megjegyz\u00e9s\u00e9t, hiszen &#8222;m\u00e9giscsak \u0151 az orsz\u00e1g els\u0151 sz\u00e1m\u00fa uzsor\u00e1sa&#8221; &#8211; mondta L\u00e1z\u00e1r J\u00e1nos, a Minisztereln\u00f6ks\u00e9get vezet\u0151 \u00e1llamtitk\u00e1r h\u00e9tf\u0151n sajt\u00f3t\u00e1j\u00e9koztat\u00f3n \u00fajs\u00e1g\u00edr\u00f3i k\u00e9rd\u00e9sre v\u00e1laszolva.<\/p>\n","protected":false},"author":1,"featured_media":0,"comment_status":"open","ping_status":"closed","sticky":false,"template":"","format":"standard","meta":[],"categories":[19,18,112],"tags":[],"_links":{"self":[{"href":"https:\/\/gazdasagportal.hu\/index.php\/wp-json\/wp\/v2\/posts\/13697"}],"collection":[{"href":"https:\/\/gazdasagportal.hu\/index.php\/wp-json\/wp\/v2\/posts"}],"about":[{"href":"https:\/\/gazdasagportal.hu\/index.php\/wp-json\/wp\/v2\/types\/post"}],"author":[{"embeddable":true,"href":"https:\/\/gazdasagportal.hu\/index.php\/wp-json\/wp\/v2\/users\/1"}],"replies":[{"embeddable":true,"href":"https:\/\/gazdasagportal.hu\/index.php\/wp-json\/wp\/v2\/comments?post=13697"}],"version-history":[{"count":2,"href":"https:\/\/gazdasagportal.hu\/index.php\/wp-json\/wp\/v2\/posts\/13697\/revisions"}],"predecessor-version":[{"id":13699,"href":"https:\/\/gazdasagportal.hu\/index.php\/wp-json\/wp\/v2\/posts\/13697\/revisions\/13699"}],"wp:attachment":[{"href":"https:\/\/gazdasagportal.hu\/index.php\/wp-json\/wp\/v2\/media?parent=13697"}],"wp:term":[{"taxonomy":"category","embeddable":true,"href":"https:\/\/gazdasagportal.hu\/index.php\/wp-json\/wp\/v2\/categories?post=13697"},{"taxonomy":"post_tag","embeddable":true,"href":"https:\/\/gazdasagportal.hu\/index.php\/wp-json\/wp\/v2\/tags?post=13697"}],"curies":[{"name":"wp","href":"https:\/\/api.w.org\/{rel}","templated":true}]}}