{"id":13694,"date":"2013-08-12T14:14:39","date_gmt":"2013-08-12T12:14:39","guid":{"rendered":"http:\/\/stockportal.hu\/?p=13694"},"modified":"2013-08-12T14:14:39","modified_gmt":"2013-08-12T12:14:39","slug":"akciotervet-dolgoz-ki-a-kormany-annak-erdekeben-hogy-elkeruljuk-a-unios-forrasvesztest","status":"publish","type":"post","link":"https:\/\/gazdasagportal.hu\/index.php\/akciotervet-dolgoz-ki-a-kormany-annak-erdekeben-hogy-elkeruljuk-a-unios-forrasvesztest\/","title":{"rendered":"Akci\u00f3tervet dolgoz ki a korm\u00e1ny annak \u00e9rdek\u00e9ben, hogy elker\u00fclj\u00fck a uni\u00f3s forr\u00e1sveszt\u00e9st"},"content":{"rendered":"<p><strong>S\u00fcrg\u0151s akci\u00f3tervet dolgoz ki, \u00e9s t\u00e1rgyal meg v\u00e1rhat\u00f3an szerdai \u00fcl\u00e9s\u00e9n a korm\u00e1ny a 2007-2013-as uni\u00f3s id\u0151szak forr\u00e1sveszt\u00e9s\u00e9nek megel\u0151z\u00e9s\u00e9re, miut\u00e1n az EU az id\u0151szak 15 magyar operat\u00edv programj\u00e1b\u00f3l 13-at egyel\u0151re nem finansz\u00edroz &#8211; jelentette be L\u00e1z\u00e1r J\u00e1nos, a Minisztereln\u00f6ks\u00e9get vezet\u0151 \u00e1llamtitk\u00e1r, aki az NF\u00dc vezet\u00e9s\u00e9t augusztus 1-je \u00f3ta korm\u00e1nybiztosk\u00e9nt l\u00e1tja el.<!--more--><\/strong><\/p>\n<p>Hozz\u00e1tette: int\u00e9zked\u00e9seket kell hozni a probl\u00e9ma megold\u00e1s\u00e1ra, a mintegy 500-600 milli\u00e1rd forintnyi uni\u00f3s forr\u00e1s elveszt\u00e9s\u00e9nek elker\u00fcl\u00e9se \u00e9rdek\u00e9ben a 8200 milli\u00e1rd forintnyi, 2007-2013-as, h\u00e9t\u00e9ves keretb\u0151l.<br \/>\nEml\u00e9keztetett arra, hogy a Nemzeti Fejleszt\u00e9si Miniszt\u00e9riumt\u00f3l augusztus 1-j\u00e9n a fejleszt\u00e9si \u00fcgyek fel\u00fcgyelete a Minisztereln\u00f6ks\u00e9ghez ker\u00fclt, mert a 2014-2020-as id\u0151szakra jut\u00f3 mintegy 6000 milli\u00e1rd forint felhaszn\u00e1l\u00e1s\u00e1ra 2014 janu\u00e1r elsej\u00e9vel indul\u00f3, \u00faj int\u00e9zm\u00e9nyi rendszert kell kialak\u00edtani. Elmondta: feladata el\u0151k\u00e9sz\u00edteni az \u00faj int\u00e9zm\u00e9nyrendszer kialak\u00edt\u00e1s\u00e1t, \u00e9s korrekt\u00fcl levez\u00e9nyelni a 2007-2013-as id\u0151szak befejez\u00e9s\u00e9t.<br \/>\nAz \u00faj rendszerben a szakminiszt\u00e9riumoknak, szakpolitik\u00e1knak d\u00f6nt\u0151 szerepet sz\u00e1nnak, ez\u00e9rt az ir\u00e1ny\u00edt\u00f3 hat\u00f3s\u00e1gok a szakminiszt\u00e9riumokhoz ker\u00fclnek, a k\u00f6zponti ir\u00e1ny\u00edt\u00e1s, a koordin\u00e1ci\u00f3 a tervek szerint a Minisztereln\u00f6ks\u00e9gen lesz.<br \/>\nA Nemzeti Fejleszt\u00e9si \u00dcgyn\u00f6ks\u00e9g (NF\u00dc) dolgoz\u00f3ival, vezet\u0151ivel szemben elv\u00e1r\u00e1s, hogy a j\u00f6v\u0151ben a magyar nemzeti \u00e9rdeket k\u00e9pviselj\u00e9k Br\u00fcsszelben, \u00e9s a k\u00f6zc\u00e9l \u00e9rv\u00e9nyes\u00fclj\u00f6n az \u00f6nc\u00e9llal szemben &#8211; tette hozz\u00e1.<br \/>\nA korm\u00e1nybiztos azt k\u00e9rte, hogy augusztus 14-\u00e9n legyen korm\u00e1ny\u00fcl\u00e9s, \u00e9s ezen t\u00e1rgyalj\u00e1k meg a Br\u00fcsszel \u00e1ltal kifog\u00e1solt ter\u00fcletek \u00fcgy\u00e9t, \u00e9s a sz\u00fcks\u00e9ges l\u00e9p\u00e9seket. Javasolni fogja, amelyik t\u00e1rc\u00e1n\u00e1l forr\u00e1sveszt\u00e9s k\u00f6vetkezik be, azonos \u00f6sszeg\u0171 legyen 2014-ben a miniszt\u00e9rium k\u00f6lts\u00e9gvet\u00e9s\u00e9nek cs\u00f6kkent\u00e9se. Emellett jogszab\u00e1ly-m\u00f3dos\u00edt\u00e1si csomagot is javasol a gyors\u00edt\u00e1s \u00e9s egyszer\u0171s\u00edt\u00e9s \u00e9rdek\u00e9ben &#8211; fejtette ki.<br \/>\nBejelentette azt is: Johannes Hahn eur\u00f3pai uni\u00f3s biztoshoz fordult, hogy min\u00e9l hamarabb z\u00e1rj\u00e1k le a vit\u00e1kat, amelyek k\u00f6z\u00f6tt a korm\u00e1nybiztos szerint vannak politikai t\u00e1mad\u00e1sok is. V\u00e1rhat\u00f3nak nevezte, hogy az Eur\u00f3pai Bizotts\u00e1g az elj\u00e1r\u00e1sokat b\u00edrs\u00e1g ellen\u00e9ben feloldja, err\u0151l szeretn\u00e9nek szeptember 15-\u00e9ig megegyezni.<br \/>\nA b\u00edrs\u00e1g \u00f6sszeg\u00e9r\u0151l t\u00e1rgyalnak, a Br\u00fcsszel \u00e1ltal kifog\u00e1solt projektek elt\u00e9r\u0151 \u00e9rt\u00e9ket k\u00e9pviselnek, \u00f6sszess\u00e9g\u00e9ben s\u00falyos sz\u00e1zmilli\u00e1rdokr\u00f3l van sz\u00f3, ehhez k\u00e9pest 50-100 milli\u00e1rd forint k\u00f6z\u00f6tti b\u00edrs\u00e1ggal meg\u00faszn\u00e1 az orsz\u00e1g, id\u0151t sp\u00f3rolna, az \u00e9rintett forr\u00e1sokat pedig nem vesz\u00edten\u00e9 el &#8211; mondta a korm\u00e1nybiztos.<br \/>\nA szervezeti d\u00f6nt\u00e9sek k\u00f6z\u00f6tt eml\u00edtette L\u00e1z\u00e1r J\u00e1nos, hogy h\u00e1rom eln\u00f6khelyettest b\u00edzott meg a Nemzeti Fejleszt\u00e9si \u00dcgyn\u00f6ks\u00e9gn\u00e9l: D\u00e1nyi G\u00e1bor fejleszt\u00e9si \u00e9s informatikai ter\u00fclet\u00e9rt, Sim\u00f3 Bal\u00e1zs, a nemzetk\u00f6zi \u00fcgyek\u00e9rt, k\u00f6zt\u00fck az Eur\u00f3pai Bizotts\u00e1ggal t\u00e1rgyal\u00e1s\u00e9rt, Vit\u00e1lyos Eszter a bels\u0151 jogi \u00fcgyek\u00e9rt lesz felel\u0151s.<br \/>\nA sajt\u00f3t\u00e1j\u00e9koztat\u00f3n L\u00e1z\u00e1r J\u00e1nos elmondta, hogy a 2007-2013-as id\u0151szakban rendelkez\u00e9sre \u00e1ll\u00f3 8200 milli\u00e1rd forint felhaszn\u00e1l\u00e1s\u00e1nak 95 sz\u00e1zal\u00e9k\u00e1r\u00f3l d\u00f6nt\u00f6ttek, 500 milli\u00e1rd forintos mozg\u00e1st\u00e9r van. Az id\u00e9n az els\u0151 f\u00e9l\u00e9vben rekord\u00f6sszeget, 740 milli\u00e1rd forintot fizetett ki a Nemzeti Fejleszt\u00e9si \u00dcgyn\u00f6ks\u00e9g, az id\u00e9n 1200-1300 milli\u00e1rd forint kifizet\u00e9se a re\u00e1lis.<br \/>\nJelent\u0151s l\u00e9tsz\u00e1mle\u00e9p\u00edt\u00e9st az int\u00e9zm\u00e9nyrendszern\u00e9l nem terveznek, de a nemzeti \u00e9s a k\u00f6zc\u00e9l k\u00e9pviselete mindenkivel szemben elv\u00e1r\u00e1s &#8211; tette hozz\u00e1.<\/p>\n","protected":false},"excerpt":{"rendered":"<p>S\u00fcrg\u0151s akci\u00f3tervet dolgoz ki, \u00e9s t\u00e1rgyal meg v\u00e1rhat\u00f3an szerdai \u00fcl\u00e9s\u00e9n a korm\u00e1ny a 2007-2013-as uni\u00f3s id\u0151szak forr\u00e1sveszt\u00e9s\u00e9nek megel\u0151z\u00e9s\u00e9re, miut\u00e1n az EU az id\u0151szak 15 magyar operat\u00edv programj\u00e1b\u00f3l 13-at egyel\u0151re nem finansz\u00edroz &#8211; jelentette be L\u00e1z\u00e1r J\u00e1nos, a Minisztereln\u00f6ks\u00e9get vezet\u0151 \u00e1llamtitk\u00e1r, aki az NF\u00dc vezet\u00e9s\u00e9t augusztus 1-je \u00f3ta korm\u00e1nybiztosk\u00e9nt l\u00e1tja el.<\/p>\n","protected":false},"author":1,"featured_media":0,"comment_status":"open","ping_status":"closed","sticky":false,"template":"","format":"standard","meta":[],"categories":[19],"tags":[],"_links":{"self":[{"href":"https:\/\/gazdasagportal.hu\/index.php\/wp-json\/wp\/v2\/posts\/13694"}],"collection":[{"href":"https:\/\/gazdasagportal.hu\/index.php\/wp-json\/wp\/v2\/posts"}],"about":[{"href":"https:\/\/gazdasagportal.hu\/index.php\/wp-json\/wp\/v2\/types\/post"}],"author":[{"embeddable":true,"href":"https:\/\/gazdasagportal.hu\/index.php\/wp-json\/wp\/v2\/users\/1"}],"replies":[{"embeddable":true,"href":"https:\/\/gazdasagportal.hu\/index.php\/wp-json\/wp\/v2\/comments?post=13694"}],"version-history":[{"count":2,"href":"https:\/\/gazdasagportal.hu\/index.php\/wp-json\/wp\/v2\/posts\/13694\/revisions"}],"predecessor-version":[{"id":13696,"href":"https:\/\/gazdasagportal.hu\/index.php\/wp-json\/wp\/v2\/posts\/13694\/revisions\/13696"}],"wp:attachment":[{"href":"https:\/\/gazdasagportal.hu\/index.php\/wp-json\/wp\/v2\/media?parent=13694"}],"wp:term":[{"taxonomy":"category","embeddable":true,"href":"https:\/\/gazdasagportal.hu\/index.php\/wp-json\/wp\/v2\/categories?post=13694"},{"taxonomy":"post_tag","embeddable":true,"href":"https:\/\/gazdasagportal.hu\/index.php\/wp-json\/wp\/v2\/tags?post=13694"}],"curies":[{"name":"wp","href":"https:\/\/api.w.org\/{rel}","templated":true}]}}