{"id":136936,"date":"2021-07-20T16:05:14","date_gmt":"2021-07-20T14:05:14","guid":{"rendered":"https:\/\/gazdasagportal.hu\/?p=136936"},"modified":"2021-07-20T16:05:14","modified_gmt":"2021-07-20T14:05:14","slug":"a-szazadveg-merese-szerint-csak-a-haztartasok-konjunkturaerzete-javult","status":"publish","type":"post","link":"https:\/\/gazdasagportal.hu\/index.php\/a-szazadveg-merese-szerint-csak-a-haztartasok-konjunkturaerzete-javult\/","title":{"rendered":"A Sz\u00e1zadv\u00e9g m\u00e9r\u00e9se szerint csak a h\u00e1ztart\u00e1sok konjunkt\u00fara\u00e9rzete javult"},"content":{"rendered":"<p><strong>A h\u00e1ztart\u00e1sok konjunkt\u00fara\u00e9rzete az el\u0151z\u0151 h\u00f3naphoz hasonl\u00f3an kism\u00e9rt\u00e9kben javult, a m\u00ednusz 100 \u00e9s plusz 100 k\u00f6z\u00f6tti sk\u00e1l\u00e1n \u00e9rtelmezve -6,2-r\u0151l -5,7-re; k\u00f6zben pedig a v\u00e1llalkoz\u00e1sokn\u00e1l ugyanekkora m\u00e9rt\u00e9kben, -5,5 pontr\u00f3l -6,0 pontra, romlott &#8211; k\u00f6z\u00f6lte a Sz\u00e1zadv\u00e9g Gazdas\u00e1gkutat\u00f3 j\u00faliusi felm\u00e9r\u00e9se eredm\u00e9nyeit az MTI-vel kedden.<\/strong><!--more--><\/p>\n<div class=\"ads-in-post2\"><script async src=\"https:\/\/pagead2.googlesyndication.com\/pagead\/js\/adsbygoogle.js\"><\/script>\r\n<ins class=\"adsbygoogle\"\r\n     style=\"display:block\"\r\n     data-ad-format=\"fluid\"\r\n     data-ad-layout-key=\"-6t+ed+2i-1n-4w\"\r\n     data-ad-client=\"ca-pub-1959107119989764\"\r\n     data-ad-slot=\"4008251320\"><\/ins>\r\n<script>\r\n     (adsbygoogle = window.adsbygoogle || []).push({});\r\n<\/script><\/div>\n<p>    A k\u00f6zlem\u00e9nyben kiemelt\u00e9k: a konjunkt\u00faraindexek j\u00f6v\u0151beni alakul\u00e1s\u00e1t v\u00e1rhat\u00f3an ism\u00e9t a v\u00edrushelyzet hat\u00e1rozza meg. Amennyiben nem lesz sz\u00fcks\u00e9g ism\u00e9telt korl\u00e1toz\u00e1sok elrendel\u00e9s\u00e9re, akkor a konjunkt\u00fara\u00e9rzet fokozatos javul\u00e1sa v\u00e1rhat\u00f3, ellenkez\u0151 esetben kedvez\u0151tlen hat\u00e1ssal lehet sz\u00e1molni &#8211; fejtett\u00e9k ki.<br \/>\n    A lakoss\u00e1gi konjunkt\u00faraindex egyes alindexei k\u00f6z\u00fcl a legkedvez\u0151bb j\u00faliusban is a foglalkoztat\u00e1si helyzet meg\u00edt\u00e9l\u00e9se volt: ennek pont\u00e9rt\u00e9ke az el\u0151z\u0151 havi +2,3-r\u0151l +4,3-re emelkedett, azaz a foglalkoztat\u00e1si helyzetet m\u00e1r ink\u00e1bb pozit\u00edvan \u00edt\u00e9li meg a lakoss\u00e1g, \u00f6sszhangban a munkahelyek \u00fajranyit\u00e1s\u00e1val. A magas infl\u00e1ci\u00f3 ellen\u00e9re is kism\u00e9rt\u00e9kben javult az infl\u00e1ci\u00f3s alindex, -34,7-r\u0151l -33,6-re, amely azonban a n\u00e9gy mutat\u00f3 k\u00f6z\u00fcl m\u00e9g \u00edgy is a legalacsonyabb. Minim\u00e1lis m\u00e9rt\u00e9kben, -8,1-r\u0151l -7,8-re emelkedett a gazdas\u00e1gi k\u00f6rnyezet meg\u00edt\u00e9l\u00e9se, m\u00edg az anyagi helyzet\u00e9 kism\u00e9rt\u00e9kben, -6,8-r\u0151l -7,7-re cs\u00f6kkent.<br \/>\n<div class=\"ads-in-post2\"><script async src=\"https:\/\/pagead2.googlesyndication.com\/pagead\/js\/adsbygoogle.js\"><\/script>\r\n<ins class=\"adsbygoogle\"\r\n     style=\"display:block\"\r\n     data-ad-format=\"fluid\"\r\n     data-ad-layout-key=\"-6t+ed+2i-1n-4w\"\r\n     data-ad-client=\"ca-pub-1959107119989764\"\r\n     data-ad-slot=\"4008251320\"><\/ins>\r\n<script>\r\n     (adsbygoogle = window.adsbygoogle || []).push({});\r\n<\/script><\/div>\n    Visszarendez\u0151d\u00e9s l\u00e1tszik a ledolgozott munka\u00f3r\u00e1k sz\u00e1m\u00e1ban: a heti 30 \u00e9s 45 \u00f3ra k\u00f6z\u00f6tt dolgoz\u00f3k ar\u00e1nya 59,0 sz\u00e1zal\u00e9kra emelkedett, mik\u00f6zben a 45 \u00f3r\u00e1n\u00e1l t\u00f6bbet dolgoz\u00f3k ar\u00e1nya 30,7 sz\u00e1zal\u00e9kra m\u00e9rs\u00e9kl\u0151d\u00f6tt. Az adatok arra utalnak, hogy a v\u00e1llalkoz\u00e1sok kev\u00e9sb\u00e9 \u00fctk\u00f6znek kapacit\u00e1skorl\u00e1tba, hiszen a munkaer\u0151 nagyobb r\u00e9sze dolgozik norm\u00e1l munkarendben &#8211; magyar\u00e1zta a gazdas\u00e1gkutat\u00f3.<br \/>\n    A v\u00e1llalati felm\u00e9r\u00e9sben a legnagyobb m\u00e9rt\u00e9kben az ipar\u00e1gi k\u00f6rnyezet meg\u00edt\u00e9l\u00e9se romlott, 22,7 pontr\u00f3l 17,7 pontra, azonban m\u00e9g \u00edgy is ennek a legkedvez\u0151bb a meg\u00edt\u00e9l\u00e9se az egyes alindexek k\u00f6z\u00fcl. J\u00faniushoz k\u00e9pest cs\u00f6kkent a gazdas\u00e1gi k\u00f6rnyezet meg\u00edt\u00e9l\u00e9se is, 2,2 ponttal -10,2 pontra, amely viszont m\u00e9g mindig kedvez\u0151bb a m\u00e1jusi szintn\u00e9l. Kism\u00e9rt\u00e9kben, -8,8 pontr\u00f3l -8,3 pontra javult a termel\u00e9si k\u00f6rnyezet meg\u00edt\u00e9l\u00e9se, m\u00edg az \u00fczleti k\u00f6rnyezet\u00e9 -7,1-r\u0151l -6,5-re emelkedett.<br \/>\n<div class=\"ads-in-post2\"><script async src=\"https:\/\/pagead2.googlesyndication.com\/pagead\/js\/adsbygoogle.js\"><\/script>\r\n<ins class=\"adsbygoogle\"\r\n     style=\"display:block\"\r\n     data-ad-format=\"fluid\"\r\n     data-ad-layout-key=\"-6t+ed+2i-1n-4w\"\r\n     data-ad-client=\"ca-pub-1959107119989764\"\r\n     data-ad-slot=\"4008251320\"><\/ins>\r\n<script>\r\n     (adsbygoogle = window.adsbygoogle || []).push({});\r\n<\/script><\/div>\n    A legnagyobb javul\u00e1s j\u00faliusban az el\u0151z\u0151 h\u00f3naphoz k\u00e9pest a rendel\u00e9s\u00e1llom\u00e1ny szintj\u00e9ben k\u00f6vetkezett be. M\u00edg j\u00faniusban a v\u00e1llalatok 33,4 sz\u00e1zal\u00e9ka mondta, hogy a rendel\u00e9s\u00e1llom\u00e1ny az \u00e9v adott szak\u00e1ban jellemz\u0151h\u00f6z k\u00e9pest alacsony, addig ez az \u00e9rt\u00e9k j\u00faliusban m\u00e1r csak 28,5 sz\u00e1zal\u00e9k volt.<br \/>\n    A Sz\u00e1zadv\u00e9g Gazdas\u00e1gkutat\u00f3 Zrt. 2019 augusztusa \u00f3ta h\u00f3napr\u00f3l h\u00f3napra k\u00e9sz\u00edti el a v\u00e1llalati, illetve a lakoss\u00e1gi konjunkt\u00faraindexet; ezen fel\u00fcl 4-4 alindexet is k\u00e9sz\u00edtenek. Felm\u00e9r\u00e9s\u00fckben 1000 v\u00e1llalatvezet\u0151t, illetve 1000 feln\u0151tt kor\u00fa lakost k\u00e9rdeznek meg a gazdas\u00e1gi helyzetr\u0151l.(MTI)<\/p>\n","protected":false},"excerpt":{"rendered":"<p>A h\u00e1ztart\u00e1sok konjunkt\u00fara\u00e9rzete az el\u0151z\u0151 h\u00f3naphoz hasonl\u00f3an kism\u00e9rt\u00e9kben javult, a m\u00ednusz 100 \u00e9s plusz 100 k\u00f6z\u00f6tti sk\u00e1l\u00e1n \u00e9rtelmezve -6,2-r\u0151l -5,7-re; k\u00f6zben pedig a v\u00e1llalkoz\u00e1sokn\u00e1l ugyanekkora m\u00e9rt\u00e9kben, -5,5 pontr\u00f3l -6,0 pontra, romlott &#8211; k\u00f6z\u00f6lte a Sz\u00e1zadv\u00e9g Gazdas\u00e1gkutat\u00f3 j\u00faliusi felm\u00e9r\u00e9se eredm\u00e9nyeit az MTI-vel kedden.<\/p>\n","protected":false},"author":1001005,"featured_media":0,"comment_status":"open","ping_status":"open","sticky":false,"template":"","format":"standard","meta":[],"categories":[19],"tags":[],"_links":{"self":[{"href":"https:\/\/gazdasagportal.hu\/index.php\/wp-json\/wp\/v2\/posts\/136936"}],"collection":[{"href":"https:\/\/gazdasagportal.hu\/index.php\/wp-json\/wp\/v2\/posts"}],"about":[{"href":"https:\/\/gazdasagportal.hu\/index.php\/wp-json\/wp\/v2\/types\/post"}],"author":[{"embeddable":true,"href":"https:\/\/gazdasagportal.hu\/index.php\/wp-json\/wp\/v2\/users\/1001005"}],"replies":[{"embeddable":true,"href":"https:\/\/gazdasagportal.hu\/index.php\/wp-json\/wp\/v2\/comments?post=136936"}],"version-history":[{"count":1,"href":"https:\/\/gazdasagportal.hu\/index.php\/wp-json\/wp\/v2\/posts\/136936\/revisions"}],"predecessor-version":[{"id":136937,"href":"https:\/\/gazdasagportal.hu\/index.php\/wp-json\/wp\/v2\/posts\/136936\/revisions\/136937"}],"wp:attachment":[{"href":"https:\/\/gazdasagportal.hu\/index.php\/wp-json\/wp\/v2\/media?parent=136936"}],"wp:term":[{"taxonomy":"category","embeddable":true,"href":"https:\/\/gazdasagportal.hu\/index.php\/wp-json\/wp\/v2\/categories?post=136936"},{"taxonomy":"post_tag","embeddable":true,"href":"https:\/\/gazdasagportal.hu\/index.php\/wp-json\/wp\/v2\/tags?post=136936"}],"curies":[{"name":"wp","href":"https:\/\/api.w.org\/{rel}","templated":true}]}}