{"id":136934,"date":"2021-07-20T14:49:20","date_gmt":"2021-07-20T12:49:20","guid":{"rendered":"https:\/\/gazdasagportal.hu\/?p=136934"},"modified":"2021-07-20T14:49:20","modified_gmt":"2021-07-20T12:49:20","slug":"itm-allamtitkar-a-klimavedelem-koltsegei-nagy-terhet-jelentenenek-a-haztartasoknak","status":"publish","type":"post","link":"https:\/\/gazdasagportal.hu\/index.php\/itm-allamtitkar-a-klimavedelem-koltsegei-nagy-terhet-jelentenenek-a-haztartasoknak\/","title":{"rendered":"ITM-\u00e1llamtitk\u00e1r: a kl\u00edmav\u00e9delem k\u00f6lts\u00e9gei nagy terhet jelenten\u00e9nek a h\u00e1ztart\u00e1soknak"},"content":{"rendered":"<p><strong>Az Eur\u00f3pai Bizotts\u00e1g (EB) kl\u00edmav\u00e9delmi javaslatcsomagja nagy terhet jelentene a h\u00e1ztart\u00e1soknak, ez\u00e9rt ezt ilyen form\u00e1ban Magyarorsz\u00e1g nem tudja t\u00e1mogatni &#8211; mondta Steiner Attila, az Innov\u00e1ci\u00f3s \u00e9s Technol\u00f3giai Miniszt\u00e9rium (ITM) k\u00f6rforg\u00e1sos gazdas\u00e1g fejleszt\u00e9s\u00e9\u00e9rt, energia- \u00e9s kl\u00edmapolitik\u00e1\u00e9rt felel\u0151s \u00e1llamtitk\u00e1ra az uni\u00f3s k\u00f6rnyezetv\u00e9delmi minisztereinek nem hivatalos tal\u00e1lkoz\u00f3j\u00e1n kedden, a szlov\u00e9niai Brdo pri Kranjuban.<\/strong><!--more--><\/p>\n<div class=\"ads-in-post2\"><script async src=\"https:\/\/pagead2.googlesyndication.com\/pagead\/js\/adsbygoogle.js\"><\/script>\r\n<ins class=\"adsbygoogle\"\r\n     style=\"display:block\"\r\n     data-ad-format=\"fluid\"\r\n     data-ad-layout-key=\"-6t+ed+2i-1n-4w\"\r\n     data-ad-client=\"ca-pub-1959107119989764\"\r\n     data-ad-slot=\"4008251320\"><\/ins>\r\n<script>\r\n     (adsbygoogle = window.adsbygoogle || []).push({});\r\n<\/script><\/div>\n<p>    Az MTI-nek telefonon nyilatkozva kiemelte: az EB j\u00falius 14-\u00e9n mutatta be a Fit for 55 nev\u0171 komplex kl\u00edmav\u00e9delmi javaslatcsomagj\u00e1t, amely azt c\u00e9lozza, hogy az Eur\u00f3pai Uni\u00f3 2030-ra el\u00e9rhesse az 55 sz\u00e1zal\u00e9kos sz\u00e9n-dioxid-cs\u00f6kkent\u00e9si c\u00e9lj\u00e1t. Ez volt az els\u0151 olyan tal\u00e1lkoz\u00f3, amikor a tag\u00e1llamok err\u0151l kifejthett\u00e9k a v\u00e9lem\u00e9ny\u00fcket &#8211; tette hozz\u00e1 az \u00e1llamtitk\u00e1r.<br \/>\n    &#8222;Azonban beigazol\u00f3dtak a kezdeti f\u00e9lelmeink, mert megjelent az a javaslat a bizotts\u00e1gi csomagban, hogy a sz\u00e9n-dioxid-kibocs\u00e1t\u00e1s k\u00f6lts\u00e9geit kiterjeszten\u00e9k a lakoss\u00e1gi, illetve a k\u00f6zleked\u00e9si szektorra is&#8221; &#8211; mutatott r\u00e1. Ez annyit jelentene, hogy a h\u00e1ztart\u00e1soknak is hozz\u00e1 kellene j\u00e1rulniuk ezeknek a k\u00f6lts\u00e9gnek a finansz\u00edroz\u00e1s\u00e1hoz, ami jelent\u0151s t\u00f6bbletterhet r\u00f3na az eur\u00f3pai, \u00e9s \u00edgy a magyar csal\u00e1dokra &#8211; tette hozz\u00e1.<br \/>\n<div class=\"ads-in-post2\"><script async src=\"https:\/\/pagead2.googlesyndication.com\/pagead\/js\/adsbygoogle.js\"><\/script>\r\n<ins class=\"adsbygoogle\"\r\n     style=\"display:block\"\r\n     data-ad-format=\"fluid\"\r\n     data-ad-layout-key=\"-6t+ed+2i-1n-4w\"\r\n     data-ad-client=\"ca-pub-1959107119989764\"\r\n     data-ad-slot=\"4008251320\"><\/ins>\r\n<script>\r\n     (adsbygoogle = window.adsbygoogle || []).push({});\r\n<\/script><\/div>\n    Szavai szerint nagyon fontos, hogy az \u00e1llampolg\u00e1rok \u00e9s az ipar is t\u00e1mogassa majd a z\u00f6ld \u00e1tmenetet, k\u00fcl\u00f6nben a 2050-es kl\u00edmasemlegess\u00e9get nem lehet el\u00e9rni, de ennek \u00e9rdek\u00e9ben megval\u00f3s\u00edthat\u00f3 c\u00e9lokat kell kit\u0171zni.<br \/>\n    &#8222;Mi \u00fagy gondoljuk, hogy az, hogy kiterjesztj\u00fck a sz\u00e9n-dioxid-kibocs\u00e1t\u00e1s k\u00f6lts\u00e9geit a lakoss\u00e1gra, az nem a j\u00f3 \u00fat, ezt mi mindenf\u00e9lek\u00e9ppen ellenezz\u00fck&#8221; &#8211; jelentette ki.<br \/>\n    &#8222;Lehet, hogy n\u00e9h\u00e1ny nyugat-eur\u00f3pai orsz\u00e1gban ez elviselhet\u0151 terhet jelent, de mi azt szeretn\u00e9nk, ha ezeket a k\u00f6lts\u00e9geket a nagy szennyez\u0151 v\u00e1llalatok fizetn\u00e9k meg&#8221; &#8211; mondta.<br \/>\n    Besz\u00e9lt arr\u00f3l is, hogy a bizotts\u00e1g javaslatot tett egy \u00fagynevezett szoci\u00e1lis alap l\u00e9trehoz\u00e1s\u00e1ra, ami els\u0151 r\u00e1n\u00e9z\u00e9sre egy t\u00falb\u00fcrokratiz\u00e1lt rendszernek t\u0171nik. A sz\u00e9n-dioxid-kv\u00f3ta bev\u00e9telek Br\u00fcsszelbe ker\u00fcln\u00e9nek, \u00e9s valamilyen d\u00f6nt\u00e9si mechanizmus alapj\u00e1n Br\u00fcsszel osztan\u00e1 sz\u00e9t a tag\u00e1llamok k\u00f6z\u00f6tt ezeket a forr\u00e1sokat, hogy kompenz\u00e1lja a szoci\u00e1lis k\u00f6lts\u00e9geket &#8211; magyar\u00e1zta.<br \/>\n<div class=\"ads-in-post2\"><script async src=\"https:\/\/pagead2.googlesyndication.com\/pagead\/js\/adsbygoogle.js\"><\/script>\r\n<ins class=\"adsbygoogle\"\r\n     style=\"display:block\"\r\n     data-ad-format=\"fluid\"\r\n     data-ad-layout-key=\"-6t+ed+2i-1n-4w\"\r\n     data-ad-client=\"ca-pub-1959107119989764\"\r\n     data-ad-slot=\"4008251320\"><\/ins>\r\n<script>\r\n     (adsbygoogle = window.adsbygoogle || []).push({});\r\n<\/script><\/div>\n    \u00dagy v\u00e9lekedett: &#8222;ez egy t\u00fal bonyolult rendszer, a tag\u00e1llamok sokkal jobban tudj\u00e1k, hogy hova \u00e9s mire kell ezeket a forr\u00e1sokat felhaszn\u00e1lni, nem Br\u00fcsszelnek kell megmondania&#8221;.<br \/>\n    Jelezte: azt szeretn\u00e9k, ha min\u00e9l t\u00f6bb p\u00e9nz\u00fcgyi eszk\u00f6z \u00e1llna rendelkez\u00e9sre annak \u00e9rdek\u00e9ben, hogy a z\u00f6ld \u00e1tmenetet finansz\u00edrozni lehessen, \u00e9s a magyar ipar is versenyk\u00e9pes maradjon a j\u00f6v\u0151ben, valamint az energia\u00e1rak se sz\u00e1lljanak el.<br \/>\n    &#8222;Egy j\u00f3l kiegyens\u00falyozott int\u00e9zked\u00e9scsomagra van sz\u00fcks\u00e9g, \u00e9s ezt fogjuk k\u00e9pviselni az elk\u00f6vetkez\u0151 uni\u00f3s t\u00e1rgyal\u00e1sok sor\u00e1n&#8221; &#8211; fogalmazott, majd hozz\u00e1tette: a visegr\u00e1di csoport (V4: Lengyelorsz\u00e1g, Csehorsz\u00e1g, Szlov\u00e1kia \u00e9s Magyarorsz\u00e1g) hasonl\u00f3an l\u00e1tja a probl\u00e9m\u00e1t, ez\u00e9rt a j\u00f6v\u0151ben is \u00f6sszehangolj\u00e1k majd az \u00e1ll\u00e1spontjaikat.(MTI)<\/p>\n","protected":false},"excerpt":{"rendered":"<p>Az Eur\u00f3pai Bizotts\u00e1g (EB) kl\u00edmav\u00e9delmi javaslatcsomagja nagy terhet jelentene a h\u00e1ztart\u00e1soknak, ez\u00e9rt ezt ilyen form\u00e1ban Magyarorsz\u00e1g nem tudja t\u00e1mogatni &#8211; mondta Steiner Attila, az Innov\u00e1ci\u00f3s \u00e9s Technol\u00f3giai Miniszt\u00e9rium (ITM) k\u00f6rforg\u00e1sos gazdas\u00e1g fejleszt\u00e9s\u00e9\u00e9rt, energia- \u00e9s kl\u00edmapolitik\u00e1\u00e9rt felel\u0151s \u00e1llamtitk\u00e1ra az uni\u00f3s k\u00f6rnyezetv\u00e9delmi minisztereinek nem hivatalos tal\u00e1lkoz\u00f3j\u00e1n kedden, a szlov\u00e9niai Brdo pri Kranjuban.<\/p>\n","protected":false},"author":1001005,"featured_media":0,"comment_status":"open","ping_status":"open","sticky":false,"template":"","format":"standard","meta":[],"categories":[19],"tags":[],"_links":{"self":[{"href":"https:\/\/gazdasagportal.hu\/index.php\/wp-json\/wp\/v2\/posts\/136934"}],"collection":[{"href":"https:\/\/gazdasagportal.hu\/index.php\/wp-json\/wp\/v2\/posts"}],"about":[{"href":"https:\/\/gazdasagportal.hu\/index.php\/wp-json\/wp\/v2\/types\/post"}],"author":[{"embeddable":true,"href":"https:\/\/gazdasagportal.hu\/index.php\/wp-json\/wp\/v2\/users\/1001005"}],"replies":[{"embeddable":true,"href":"https:\/\/gazdasagportal.hu\/index.php\/wp-json\/wp\/v2\/comments?post=136934"}],"version-history":[{"count":1,"href":"https:\/\/gazdasagportal.hu\/index.php\/wp-json\/wp\/v2\/posts\/136934\/revisions"}],"predecessor-version":[{"id":136935,"href":"https:\/\/gazdasagportal.hu\/index.php\/wp-json\/wp\/v2\/posts\/136934\/revisions\/136935"}],"wp:attachment":[{"href":"https:\/\/gazdasagportal.hu\/index.php\/wp-json\/wp\/v2\/media?parent=136934"}],"wp:term":[{"taxonomy":"category","embeddable":true,"href":"https:\/\/gazdasagportal.hu\/index.php\/wp-json\/wp\/v2\/categories?post=136934"},{"taxonomy":"post_tag","embeddable":true,"href":"https:\/\/gazdasagportal.hu\/index.php\/wp-json\/wp\/v2\/tags?post=136934"}],"curies":[{"name":"wp","href":"https:\/\/api.w.org\/{rel}","templated":true}]}}