{"id":136930,"date":"2021-07-20T10:47:08","date_gmt":"2021-07-20T08:47:08","guid":{"rendered":"https:\/\/gazdasagportal.hu\/?p=136930"},"modified":"2021-07-20T10:47:08","modified_gmt":"2021-07-20T08:47:08","slug":"meghalt-ket-beteg-25-tel-nott-a-fertozottek-szama-magyarorszagon","status":"publish","type":"post","link":"https:\/\/gazdasagportal.hu\/index.php\/meghalt-ket-beteg-25-tel-nott-a-fertozottek-szama-magyarorszagon\/","title":{"rendered":"Meghalt k\u00e9t beteg, 25-tel n\u0151tt a fert\u0151z\u00f6ttek sz\u00e1ma Magyarorsz\u00e1gon"},"content":{"rendered":"<p><strong>Meghalt k\u00e9t beteg \u00e9s \u00fajabb 25 magyar \u00e1llampolg\u00e1rn\u00e1l mutatt\u00e1k ki a koronav\u00edrus-fert\u0151z\u00e9st &#8211; k\u00f6z\u00f6lte a koronavirus.gov.hu kedden, kiemelve: eddig 5 573 557 embert oltottak be Magyarorsz\u00e1gon, k\u00f6z\u00fcl\u00fck 5 311 557-en m\u00e1r a m\u00e1sodik adag vakcin\u00e1t is megkapt\u00e1k.<\/strong><!--more--><\/p>\n<div class=\"ads-in-post2\"><script async src=\"https:\/\/pagead2.googlesyndication.com\/pagead\/js\/adsbygoogle.js\"><\/script>\r\n<ins class=\"adsbygoogle\"\r\n     style=\"display:block\"\r\n     data-ad-format=\"fluid\"\r\n     data-ad-layout-key=\"-6t+ed+2i-1n-4w\"\r\n     data-ad-client=\"ca-pub-1959107119989764\"\r\n     data-ad-slot=\"4008251320\"><\/ins>\r\n<script>\r\n     (adsbygoogle = window.adsbygoogle || []).push({});\r\n<\/script><\/div>\n<p>A korm\u00e1nyzati port\u00e1lon azt \u00edrt\u00e1k: 808 889-re n\u0151tt a Magyarorsz\u00e1gon azonos\u00edtott fert\u0151z\u00f6ttek sz\u00e1ma. Az elhunytak sz\u00e1ma 30 019-re, a gy\u00f3gyultak\u00e9 743 449-re emelkedett.<br \/>\nAz akt\u00edv fert\u0151z\u00f6ttek sz\u00e1ma 35 421. K\u00f3rh\u00e1zban 77 koronav\u00edrusos beteget \u00e1polnak, k\u00f6z\u00fcl\u00fck 11-en vannak l\u00e9legeztet\u0151g\u00e9pen.<br \/>\nHat\u00f3s\u00e1gi h\u00e1zi karant\u00e9nban 1504-en vannak, a mintav\u00e9telek sz\u00e1ma 6 261 622-re n\u0151tt.<br \/>\nAzt \u00edrt\u00e1k: Magyarorsz\u00e1g a teljes \u00e1toltotts\u00e1got tekintve m\u00e1sodik az Eur\u00f3pai Uni\u00f3ban, \u00edgy j\u00e1rv\u00e1ny\u00fcgyi szempontb\u00f3l tov\u00e1bbra is az egyik legbiztons\u00e1gosabb orsz\u00e1g.<br \/>\nUgyanakkor a v\u00edrus delta mut\u00e1nsa t\u00f6bb eur\u00f3pai orsz\u00e1gban er\u0151sen terjed, ez\u00e9rt arra k\u00e9rnek mindenkit, hogy oltassa be mag\u00e1t.<br \/>\nA megel\u0151z\u00e9s\u00e9rt az operat\u00edv t\u00f6rzs \u00fajabb int\u00e9zked\u00e9seket hozott, \u00edgy Eur\u00f3p\u00e1ban els\u0151k\u00e9nt augusztus 1-j\u00e9t\u0151l lehet\u0151v\u00e9 v\u00e1lik a harmadik olt\u00e1s beadat\u00e1sa mindenkinek &#8211; emelt\u00e9k ki, hozz\u00e1t\u00e9ve: az \u00e1toltotts\u00e1g n\u00f6vel\u00e9s\u00e9\u00e9rt a m\u00e9g be nem oltott id\u0151seket szem\u00e9lyesen is felkeresik majd, iskolakezd\u00e9s el\u0151tt pedig minden oktat\u00e1si int\u00e9zm\u00e9nyben el\u00e9rhet\u0151 lesz az olt\u00e1s.<br \/>\n<div class=\"ads-in-post2\"><script async src=\"https:\/\/pagead2.googlesyndication.com\/pagead\/js\/adsbygoogle.js\"><\/script>\r\n<ins class=\"adsbygoogle\"\r\n     style=\"display:block\"\r\n     data-ad-format=\"fluid\"\r\n     data-ad-layout-key=\"-6t+ed+2i-1n-4w\"\r\n     data-ad-client=\"ca-pub-1959107119989764\"\r\n     data-ad-slot=\"4008251320\"><\/ins>\r\n<script>\r\n     (adsbygoogle = window.adsbygoogle || []).push({});\r\n<\/script><\/div>\nK\u00f6z\u00f6lt\u00e9k azt is: tov\u00e1bbra is folyamatosan lehet regisztr\u00e1lni a\u00a0<a title=\"Hely megnyit\u00e1sa\" href=\"http:\/\/www.vakcinainfo.gov.hu\/\" target=\"_blank\" rel=\"noopener\">www.vakcinainfo.gov.hu<\/a>\u00a0honlapon, az \u00e9rv\u00e9nyes regisztr\u00e1ci\u00f3val rendelkez\u0151k pedig az interneten is foglalhatnak id\u0151pontot az olt\u00e1sra a\u00a0<a title=\"Hely megnyit\u00e1sa\" href=\"http:\/\/www.eeszt.gov.hu\/\" target=\"_blank\" rel=\"noopener\">www.eeszt.gov.hu<\/a>\u00a0honlapon. A regisztr\u00e1ltak sz\u00e1ma 5 milli\u00f3 493 ezer, \u00e9s 94 sz\u00e1zal\u00e9kuk m\u00e1r meg is kapta az olt\u00e1st &#8211; f\u0171zt\u00e9k hozz\u00e1.<br \/>\nA k\u00f6zlem\u00e9ny szerint az \u00e9rv\u00e9nyes regisztr\u00e1ci\u00f3val rendelkez\u0151k &#8211; k\u00f6zt\u00fck a Magyarorsz\u00e1gon \u00e9l\u0151 \u00e9rv\u00e9nyesen regisztr\u00e1lt k\u00fclf\u00f6ldiek \u00e9s k\u00fclhoni magyar \u00e1llampolg\u00e1rok is &#8211; automatikusan foglalhatnak az interneten id\u0151pontot az olt\u00e1sra. Az internetes id\u0151pontfoglal\u00f3ban orsz\u00e1gosan Pfizer-, Sinopharm- \u00e9s korl\u00e1tozott mennyis\u00e9gben m\u00e9g Szputnyik olt\u00e1s foglalhat\u00f3. Egyes olt\u00f3pontokon Janssen- \u00e9s Moderna-vakcina is el\u00e9rhet\u0151.<br \/>\n<div class=\"ads-in-post2\"><script async src=\"https:\/\/pagead2.googlesyndication.com\/pagead\/js\/adsbygoogle.js\"><\/script>\r\n<ins class=\"adsbygoogle\"\r\n     style=\"display:block\"\r\n     data-ad-format=\"fluid\"\r\n     data-ad-layout-key=\"-6t+ed+2i-1n-4w\"\r\n     data-ad-client=\"ca-pub-1959107119989764\"\r\n     data-ad-slot=\"4008251320\"><\/ins>\r\n<script>\r\n     (adsbygoogle = window.adsbygoogle || []).push({});\r\n<\/script><\/div>\nMagyarorsz\u00e1g megnyitotta az olt\u00e1s lehet\u0151s\u00e9g\u00e9t a hat\u00e1rok ment\u00e9n \u00e9l\u0151knek is, ezzel tov\u00e1bb n\u00f6velve a j\u00e1rv\u00e1ny elleni v\u00e9detts\u00e9g\u00e9t.<br \/>\nA K\u00e1rp\u00e1talj\u00e1n \u00e9l\u0151k bizonyos hat\u00e1r\u00e1tkel\u0151kn\u00e9l kihelyezett olt\u00f3pontokon, a t\u00f6bbi szomsz\u00e9dos orsz\u00e1gb\u00f3l &#8211; Rom\u00e1ni\u00e1b\u00f3l, Horv\u00e1torsz\u00e1gb\u00f3l, Szlov\u00e9ni\u00e1b\u00f3l, Szlov\u00e1ki\u00e1b\u00f3l, Ausztri\u00e1b\u00f3l &#8211; \u00e9rkez\u0151k pedig az e c\u00e9lra kijel\u00f6lt k\u00f3rh\u00e1zak olt\u00f3pontjain kaphatj\u00e1k meg az olt\u00e1st.<br \/>\nFelh\u00edvt\u00e1k a figyelmet arra, hogy akik Magyarorsz\u00e1gon szeretn\u00e9k beoltatni magukat, mindenk\u00e9ppen hozz\u00e1k magukkal az \u00fatlevelet, szem\u00e9lyi irataikat \u00e9s a lakc\u00edm\u00fcket igazol\u00f3 k\u00f6zokiratot.<br \/>\nEml\u00e9keztettek: a koronav\u00edrus-j\u00e1rv\u00e1ny miatt kor\u00e1bban elrendelt t\u00f6bb korl\u00e1toz\u00e1s felold\u00e1s\u00e1nak \u00fajabb szakasza l\u00e9pett \u00e9letbe az 5,5 milli\u00f3 beoltott el\u00e9r\u00e9se ut\u00e1n. A k\u00f3rh\u00e1zakban, szakrendel\u0151kben, h\u00e1ziorvosi rendel\u0151kben tov\u00e1bbra is k\u00f6telez\u0151 a maszkvisel\u00e9s.<br \/>\n<div class=\"ads-in-post2\"><script async src=\"https:\/\/pagead2.googlesyndication.com\/pagead\/js\/adsbygoogle.js\"><\/script>\r\n<ins class=\"adsbygoogle\"\r\n     style=\"display:block\"\r\n     data-ad-format=\"fluid\"\r\n     data-ad-layout-key=\"-6t+ed+2i-1n-4w\"\r\n     data-ad-client=\"ca-pub-1959107119989764\"\r\n     data-ad-slot=\"4008251320\"><\/ins>\r\n<script>\r\n     (adsbygoogle = window.adsbygoogle || []).push({});\r\n<\/script><\/div>\nFelid\u00e9zt\u00e9k azt is, hogy a korm\u00e1ny nemzeti konzult\u00e1ci\u00f3t ind\u00edtott, amelyben kik\u00e9ri a magyar emberek v\u00e9lem\u00e9ny\u00e9t a j\u00e1rv\u00e1ny ut\u00e1ni \u00e9letr\u0151l, t\u00f6bbi k\u00f6z\u00f6tt a gazdas\u00e1g \u00fajraind\u00edt\u00e1s\u00e1t, a munkahelyek v\u00e9delm\u00e9t \u00e9s a csal\u00e1dok tov\u00e1bbi t\u00e1mogat\u00e1s\u00e1t \u00e9rint\u0151 k\u00e9rd\u00e9sekben. A konzult\u00e1ci\u00f3s k\u00e9rd\u0151\u00edv m\u00e1r online is kit\u00f6lthet\u0151 a\u00a0<a title=\"Hely megnyit\u00e1sa\" href=\"https:\/\/nemzetikonzultacio.kormany.hu\/\" target=\"_blank\" rel=\"noopener\">https:\/\/nemzetikonzultacio.kormany.hu<\/a>\u00a0weboldalon.<br \/>\nKit\u00e9rtek arra is: m\u00e1r el\u00e9rhet\u0151 az uni\u00f3s olt\u00e1si igazol\u00e1s az EU-n bel\u00fcli utaz\u00e1sokhoz. Azoknak az \u00e1llampolg\u00e1roknak, akik az Eur\u00f3pai Uni\u00f3n bel\u00fcli utaz\u00e1st terveznek, javasolj\u00e1k, hogy digit\u00e1lisan t\u00f6lts\u00e9k le, vagy az EESZT lakoss\u00e1gi port\u00e1lj\u00e1ra bel\u00e9pve nyomtass\u00e1k ki az uni\u00f3s Covid-igazol\u00e1st. Ehhez oktat\u00f3filmet is tal\u00e1lnak a honlapon.<br \/>\n<div class=\"ads-in-post2\"><script async src=\"https:\/\/pagead2.googlesyndication.com\/pagead\/js\/adsbygoogle.js\"><\/script>\r\n<ins class=\"adsbygoogle\"\r\n     style=\"display:block\"\r\n     data-ad-format=\"fluid\"\r\n     data-ad-layout-key=\"-6t+ed+2i-1n-4w\"\r\n     data-ad-client=\"ca-pub-1959107119989764\"\r\n     data-ad-slot=\"4008251320\"><\/ins>\r\n<script>\r\n     (adsbygoogle = window.adsbygoogle || []).push({});\r\n<\/script><\/div>\nAz igazol\u00e1s nem min\u0151s\u00fcl \u00fati okm\u00e1nynak, nem \u00e1ll\u00edtj\u00e1k ki \u00e9s nem k\u00fcldik meg hivatalb\u00f3l &#8211; olvashat\u00f3 a k\u00f6zlem\u00e9nyben.<br \/>\nAz oldal t\u00e9rk\u00e9pe szerint eddig Budapesten (144 362) \u00e9s Pest megy\u00e9ben (112 185) regisztr\u00e1lt\u00e1k a legt\u00f6bb fert\u0151z\u00f6ttet. Ezt k\u00f6veti Borsod-Aba\u00faj-Zempl\u00e9n (46 717), Gy\u0151r-Moson-Sopron (44 477) \u00e9s Hajd\u00fa-Bihar megye (42 628). A fert\u0151z\u00e9sben legkev\u00e9sb\u00e9 \u00e9rintett megye Tolna (17 786).(MTI)<\/p>\n","protected":false},"excerpt":{"rendered":"<p>Meghalt k\u00e9t beteg \u00e9s \u00fajabb 25 magyar \u00e1llampolg\u00e1rn\u00e1l mutatt\u00e1k ki a koronav\u00edrus-fert\u0151z\u00e9st &#8211; k\u00f6z\u00f6lte a koronavirus.gov.hu kedden, kiemelve: eddig 5 573 557 embert oltottak be Magyarorsz\u00e1gon, k\u00f6z\u00fcl\u00fck 5 311 557-en m\u00e1r a m\u00e1sodik adag vakcin\u00e1t is megkapt\u00e1k.<\/p>\n","protected":false},"author":1001005,"featured_media":0,"comment_status":"open","ping_status":"open","sticky":false,"template":"","format":"standard","meta":[],"categories":[427],"tags":[],"_links":{"self":[{"href":"https:\/\/gazdasagportal.hu\/index.php\/wp-json\/wp\/v2\/posts\/136930"}],"collection":[{"href":"https:\/\/gazdasagportal.hu\/index.php\/wp-json\/wp\/v2\/posts"}],"about":[{"href":"https:\/\/gazdasagportal.hu\/index.php\/wp-json\/wp\/v2\/types\/post"}],"author":[{"embeddable":true,"href":"https:\/\/gazdasagportal.hu\/index.php\/wp-json\/wp\/v2\/users\/1001005"}],"replies":[{"embeddable":true,"href":"https:\/\/gazdasagportal.hu\/index.php\/wp-json\/wp\/v2\/comments?post=136930"}],"version-history":[{"count":1,"href":"https:\/\/gazdasagportal.hu\/index.php\/wp-json\/wp\/v2\/posts\/136930\/revisions"}],"predecessor-version":[{"id":136931,"href":"https:\/\/gazdasagportal.hu\/index.php\/wp-json\/wp\/v2\/posts\/136930\/revisions\/136931"}],"wp:attachment":[{"href":"https:\/\/gazdasagportal.hu\/index.php\/wp-json\/wp\/v2\/media?parent=136930"}],"wp:term":[{"taxonomy":"category","embeddable":true,"href":"https:\/\/gazdasagportal.hu\/index.php\/wp-json\/wp\/v2\/categories?post=136930"},{"taxonomy":"post_tag","embeddable":true,"href":"https:\/\/gazdasagportal.hu\/index.php\/wp-json\/wp\/v2\/tags?post=136930"}],"curies":[{"name":"wp","href":"https:\/\/api.w.org\/{rel}","templated":true}]}}