{"id":136896,"date":"2021-07-17T19:47:24","date_gmt":"2021-07-17T17:47:24","guid":{"rendered":"https:\/\/gazdasagportal.hu\/?p=136896"},"modified":"2021-07-17T19:47:24","modified_gmt":"2021-07-17T17:47:24","slug":"nagyon-mas-ez-a-nyari-vasar","status":"publish","type":"post","link":"https:\/\/gazdasagportal.hu\/index.php\/nagyon-mas-ez-a-nyari-vasar\/","title":{"rendered":"Nagyon m\u00e1s ez a ny\u00e1ri v\u00e1s\u00e1r"},"content":{"rendered":"<p style=\"font-weight: 400;\"><strong>Tolj\u00e1k a boltok a ny\u00e1ri v\u00e1s\u00e1rt, mennek is vissza a v\u00e1s\u00e1rl\u00f3k, el is fogy a f\u00e9lp\u00e9nz\u00fck. Boltot robbant a balatoni v\u00e1s\u00e1rolgat\u00e1s is, nem csak a munkaer\u0151hi\u00e1ny miatt: lek\u00f6lt\u00f6zt\u00fcnk. R\u00e1ad\u00e1s a delta mut\u00e1ns: okult m\u00e1r a v\u00e1s\u00e1rl\u00f3. A\u00a0k\u00e9zfert\u0151tlen\u00edt\u0151t sok boltos meg is hagyta a bej\u00e1ratn\u00e1l, \u00e9s l\u00e1ss csod\u00e1t, haszn\u00e1lj\u00e1k is sokan.<\/strong><\/p>\n<p><!--more--><\/p>\n<div class=\"ads-in-post2\"><script async src=\"https:\/\/pagead2.googlesyndication.com\/pagead\/js\/adsbygoogle.js\"><\/script>\r\n<ins class=\"adsbygoogle\"\r\n     style=\"display:block\"\r\n     data-ad-format=\"fluid\"\r\n     data-ad-layout-key=\"-6t+ed+2i-1n-4w\"\r\n     data-ad-client=\"ca-pub-1959107119989764\"\r\n     data-ad-slot=\"4008251320\"><\/ins>\r\n<script>\r\n     (adsbygoogle = window.adsbygoogle || []).push({});\r\n<\/script><\/div>\n<p style=\"font-weight: 400;\">Ha ny\u00e1r, akkor ny\u00e1ri v\u00e1s\u00e1r. J\u00falius k\u00f6zep\u00e9n m\u00e1r d\u00fcb\u00f6rg\u00f6tt a j\u00e1rv\u00e1nyos el\u0151tt is, hiszen akinek \u00faj ny\u00e1ri g\u00f6nc kellett, az idejekor\u00e1n megvette, hogy legyen ideje az els\u0151k k\u00f6z\u00f6tt villogni benne. Most a piros a legmen\u0151bb sz\u00edn, meg ami nagyon tarka, hogy a hossz\u00fa bez\u00e1rts\u00e1g ut\u00e1n legal\u00e1bb a sz\u00ednkavalk\u00e1d feldobjon. A divat m\u00e1r csak ilyen, a lelkedet is megdolgozza. \u00c9s persze a p\u00e9nzt\u00e1rc\u00e1dat is.<\/p>\n<p style=\"font-weight: 400;\"><strong>A j\u00fanius m\u00e1r er\u0151s volt<\/strong><\/p><div id=\"gazda-212396959\" class=\"gazda-tartalomban gazda-entity-placement\"><script async src=\"https:\/\/pagead2.googlesyndication.com\/pagead\/js\/adsbygoogle.js\"><\/script>\r\n<ins class=\"adsbygoogle\"\r\n     style=\"display:block\"\r\n     data-ad-format=\"fluid\"\r\n     data-ad-layout-key=\"-6t+ed+2i-1n-4w\"\r\n     data-ad-client=\"ca-pub-1959107119989764\"\r\n     data-ad-slot=\"4008251320\"><\/ins>\r\n<script>\r\n     (adsbygoogle = window.adsbygoogle || []).push({});\r\n<\/script><\/div>\n<p style=\"font-weight: 400;\">\u00c9s m\u00e9g mindig\u00a0csalogatni kell a v\u00e1s\u00e1rl\u00f3t vissza a hagyom\u00e1nyos boltba, ami akci\u00f3 n\u00e9lk\u00fcl nem megy, h\u00e1t akkor m\u00e1r zengjen a ny\u00e1ri v\u00e1s\u00e1r h\u00edv\u00f3 szava &#8211; zeng is, m\u00e1r aki ki tudott \u00fajra nyitni. Egyes pl\u00e1z\u00e1kban p\u00e9ld\u00e1ul felt\u0171n\u0151 a bez\u00e1rt boltok sz\u00e1ma. De a statisztika \u00edgy is biztat\u00f3, j\u00faniusban a j\u00e1rv\u00e1ny el\u0151tt szint f\u00f6l\u00e9 k\u00faszott a boltos vil\u00e1g.<\/p>\n<p style=\"font-weight: 400;\">A legut\u00f3bbi heti monitoros statisztik\u00e1ja, ami gyakorlatilag a j\u00faniusi (j\u00fanius 4 \u2013 j\u00falius 2 k\u00f6z\u00f6tti), 7,2%-os kasszaadat n\u00f6veked\u00e9st mutat, 2019-hez k\u00e9pest. Ez\u00a0 biztat\u00f3 el\u0151jel, mivel 2020 j\u00fanius\u00e1ban nem volt visszaes\u00e9s, de r\u00f6gvest vonjuk le bel\u0151le a boltos dr\u00e1gul\u00e1st, ami 2021-ben 8% volt (igen az annyi, t\u00f6bb mint az 5,1%-os teljes infl\u00e1ci\u00f3, f\u0151leg a benzin \u00e1remelked\u00e9se miatt). \u00cdgy is marad azonban az \u00e1rumennyis\u00e9get n\u00e9zve n\u00f6veked\u00e9s\u00a0(teh\u00e1t volumenben), r\u00e1ad\u00e1sul a web\u00e1ruh\u00e1zak is felfel\u00e9 h\u00fazz\u00e1k a boltos vil\u00e1g teljes m\u00e9rleg\u00e9t. De egyes iparcikkes ter\u00fcleteken az\u00e9rt maradt m\u00e9g p\u00f3tolni val\u00f3.<\/p>\n<p style=\"font-weight: 400;\"><strong>A k\u00e9zfert\u0151tlen\u00edt\u0151ket ut\u00e1nat\u00f6ltik, bizony<\/strong><\/p>\n<div class=\"ads-in-post2\"><script async src=\"https:\/\/pagead2.googlesyndication.com\/pagead\/js\/adsbygoogle.js\"><\/script>\r\n<ins class=\"adsbygoogle\"\r\n     style=\"display:block\"\r\n     data-ad-format=\"fluid\"\r\n     data-ad-layout-key=\"-6t+ed+2i-1n-4w\"\r\n     data-ad-client=\"ca-pub-1959107119989764\"\r\n     data-ad-slot=\"4008251320\"><\/ins>\r\n<script>\r\n     (adsbygoogle = window.adsbygoogle || []).push({});\r\n<\/script><\/div>\n<p style=\"font-weight: 400;\">A delta mut\u00e1ns az\u00e9rt riogatja a v\u00e1s\u00e1rl\u00f3t is. Sok \u00e1ruh\u00e1zban, pl\u00e1z\u00e1ban a k\u00e9zfert\u0151tlen\u00edt\u0151ket hagyt\u00e1k a hely\u00e9n, \u00e9s bizony t\u00f6lt\u00f6getik is ut\u00e1na, cser\u00e9lgetik. L\u00e1ttuk. Haszn\u00e1lj\u00e1k ugyanis a v\u00e1s\u00e1rl\u00f3k. N\u00e9h\u00e1nyan pedig m\u00e9g mindig maszkban v\u00e1s\u00e1rolnak.<\/p>\n<p style=\"font-weight: 400;\">A v\u00e1s\u00e1rl\u00f3khoz fej\u00e9ben is megfordul\u00f3 int\u0151 jelek k\u00f6z\u00e9 tartozhat, hogy a korm\u00e1ny vizsg\u00e1lja a tov\u00e1bbi olt\u00e1si lehet\u0151s\u00e9geket, ak\u00e1r a harmadik d\u00f3zist is. R\u00e1ad\u00e1sul egy \u00e1rnyalatnyit szigor\u00edtott p\u00e9ld\u00e1ul a nem magyar \u00e1llampolg\u00e1rok \u00e1tutaz\u00e1si szab\u00e1lyain is.<\/p>\n<p style=\"font-weight: 400;\">\u00c9s akkor sorozatban j\u00f6nnek a h\u0151s\u00e9griad\u00f3k is. A h\u0171s\u00f6l\u00e9s egyik \u00fatja pedig pont a pl\u00e1z\u00e1kba vezet, ahol a j\u00e1rv\u00e1nyos id\u0151szakkal szemben most szabad a v\u00e1s\u00e1r, lehet l\u0151d\u00f6r\u00f6gni k\u00e9t strandol\u00e1s k\u00f6z\u00f6tt.<\/p>\n<p style=\"font-weight: 400;\"><strong>Balatonra k\u00f6lt\u00f6zt\u00fcnk, de nagyon, k\u00f6lt\u00fcnk is rendesen, viszont nem csak az elad\u00f3hi\u00e1ny miatt izzadunk a boltban<\/strong><\/p>\n<p style=\"font-weight: 400;\">Egyes h\u00edrad\u00e1sok szerint nincs el\u00e9g elad\u00f3 a balatoni boltokban. H\u00e1t kor\u00e1bban sem volt. De az \u00fcresebb polcok l\u00e1tv\u00e1nya (ami az\u00e9rt nem \u00e1ltal\u00e1nos, de akad bel\u0151le id\u0151nk\u00e9nt) m\u00e1s okra is visszavezethet\u0151. Egyr\u00e9szt t\u00f6bben laknak, nyaralnak \u00e9s strandolnak (ak\u00e1r csak egy napot) a Balaton partj\u00e1n, m\u00e1sr\u00e9szt mikor is megy a v\u00e1s\u00e1rl\u00f3 v\u00e1s\u00e1rolni: h\u00e1t nem a legnagyobb h\u0151s\u00e9g idej\u00e9n, akkor ink\u00e1bb h\u0171s\u00f6l a v\u00edzben, vagy az \u00e1rny\u00e9kban. A reggel \u00e9s az esti \u00f3r\u00e1kban viszont mindenki szalad v\u00e1s\u00e1rolni, t\u00f6bben, mint hajdan\u00e1n. H\u00e1t ilyenkor bizony nehezebb a polcok ut\u00e1nt\u00f6lt\u00e9se, elad\u00f3hi\u00e1ny n\u00e9lk\u00fcl is.<\/p>\n<p style=\"font-weight: 400;\">Az elm\u00falt \u00e9vekben is nyomon k\u00f6vethet\u0151 volt, hogy a ny\u00e1ri h\u00f3napokban megugrik a Balaton k\u00f6rny\u00e9k\u00e9n a boltos k\u00f6ltekez\u00e9s, a nyaral\u00f3k, strandol\u00f3k v\u00e1s\u00e1rl\u00e1sai nyom\u00e1n. H\u00e1t erre most j\u00f3 nagyot pakolt az ingatlanpiac is, mivel sokan fogt\u00e1k menek\u00fcl\u0151re a j\u00e1rv\u00e1ny el\u0151l egy balatoni nyaral\u00f3 ir\u00e1ny\u00e1ban, ahol esetleg lakni is lehet.<\/p>\n<div class=\"ads-in-post2\"><script async src=\"https:\/\/pagead2.googlesyndication.com\/pagead\/js\/adsbygoogle.js\"><\/script>\r\n<ins class=\"adsbygoogle\"\r\n     style=\"display:block\"\r\n     data-ad-format=\"fluid\"\r\n     data-ad-layout-key=\"-6t+ed+2i-1n-4w\"\r\n     data-ad-client=\"ca-pub-1959107119989764\"\r\n     data-ad-slot=\"4008251320\"><\/ins>\r\n<script>\r\n     (adsbygoogle = window.adsbygoogle || []).push({});\r\n<\/script><\/div>\n<p style=\"font-weight: 400;\">\u00c9s m\u00e1r 2020 nyar\u00e1n is ugrott a balatoni boltos k\u00f6ltekez\u00e9s, k\u00e9t j\u00e1rv\u00e1nyhull\u00e1m k\u00f6z\u00f6tt.<\/p>\n<p style=\"font-weight: 400;\">R\u00e1ad\u00e1sul az\u00e9rt a j\u00e1rv\u00e1ny\u00fcgyi szakemberek nem nagyon aj\u00e1nlgatj\u00e1k a k\u00fclf\u00f6ldi tengerparti nyaral\u00e1st, f\u0151leg a delta mut\u00e1ns vesz\u00e9lye miatt. Egyes eur\u00f3pai orsz\u00e1gokban pedig m\u00e9g el is toltak, vagy \u00e9ppen \u00fajra visszahoztak korl\u00e1toz\u00e1sokat.<\/p>\n<p style=\"font-weight: 400;\">Sokak sz\u00e1m\u00e1ra a k\u00e9nyelmesebb \u00e9s biztons\u00e1gosabb a belf\u00f6ldi turist\u00e1skod\u00e1s, nyaral\u00e1s bizonyult a legjobb v\u00e1laszt\u00e1snak. Igaz, hozz\u00e1nk sem \u00f6z\u00f6nlenek a turist\u00e1k a r\u00e9gi id\u0151kh\u00f6z hasonl\u00f3an. \u00c9s \u00edgy a balatoni, vagy a Velence t\u00f3 k\u00f6rny\u00e9ki v\u00e1s\u00e1rl\u00e1sok megugranak a ny\u00e1ri h\u00f3napokban, nem is kicsit, Somogy megy\u00e9ben 2020 augusztus\u00e1ban 40% k\u00f6rny\u00e9k\u00e9n mozgott a n\u00f6veked\u00e9s m\u00e1jushoz k\u00e9pest:<\/p>\n<table style=\"font-weight: 400;\" width=\"616\">\n<tbody>\n<tr>\n<td rowspan=\"2\" width=\"38\"><strong>balatoni ny\u00e1r<\/strong><\/td>\n<td colspan=\"4\" width=\"152\"><strong>2019<\/strong><\/td>\n<td colspan=\"4\" width=\"152\"><strong>2020<\/strong><\/td>\n<\/tr>\n<tr>\n<td width=\"38\"><strong>m\u00e1jus<\/strong><\/td>\n<td width=\"38\"><strong>j\u00fanius<\/strong><\/td>\n<td width=\"38\"><strong>j\u00falius<\/strong><\/td>\n<td width=\"38\"><strong>augusztus<\/strong><\/td>\n<td width=\"38\"><strong>m\u00e1jus<\/strong><\/td>\n<td width=\"38\"><strong>j\u00fanius<\/strong><\/td>\n<td width=\"35\"><strong>j\u00falius<\/strong><\/td>\n<td width=\"41\"><strong>augusztus<\/strong><\/td>\n<\/tr>\n<tr>\n<td width=\"38\"><strong>Somogy<\/strong><\/td>\n<td width=\"38\"><strong>27<\/strong><\/td>\n<td width=\"38\"><strong>31<\/strong><\/td>\n<td width=\"38\"><strong>38<\/strong><\/td>\n<td width=\"38\"><strong>38<\/strong><\/td>\n<td width=\"38\"><strong>28<\/strong><\/td>\n<td width=\"38\"><strong>31<\/strong><\/td>\n<td width=\"35\"><strong>39<\/strong><\/td>\n<td width=\"41\"><strong>40<\/strong><\/td>\n<\/tr>\n<tr>\n<td width=\"38\"><strong>Veszpr\u00e9m<\/strong><\/td>\n<td width=\"38\"><strong>33<\/strong><\/td>\n<td width=\"38\"><strong>36<\/strong><\/td>\n<td width=\"38\"><strong>40<\/strong><\/td>\n<td width=\"38\"><strong>40<\/strong><\/td>\n<td width=\"38\"><strong>33<\/strong><\/td>\n<td width=\"38\"><strong>35<\/strong><\/td>\n<td width=\"35\"><strong>41<\/strong><\/td>\n<td width=\"41\"><strong>41<\/strong><\/td>\n<\/tr>\n<tr>\n<td width=\"38\"><strong>Zala<\/strong><\/td>\n<td width=\"38\"><strong>28<\/strong><\/td>\n<td width=\"38\"><strong>29<\/strong><\/td>\n<td width=\"38\"><strong>33<\/strong><\/td>\n<td width=\"38\"><strong>33<\/strong><\/td>\n<td width=\"38\"><strong>27<\/strong><\/td>\n<td width=\"38\"><strong>29<\/strong><\/td>\n<td width=\"35\"><strong>33<\/strong><\/td>\n<td width=\"41\"><strong>33<\/strong><\/td>\n<\/tr>\n<tr>\n<td width=\"38\"><strong>Fej\u00e9r<\/strong><\/td>\n<td width=\"38\"><strong>41<\/strong><\/td>\n<td width=\"38\"><strong>42<\/strong><\/td>\n<td width=\"38\"><strong>44<\/strong><\/td>\n<td width=\"38\"><strong>44<\/strong><\/td>\n<td width=\"38\"><strong>41<\/strong><\/td>\n<td width=\"38\"><strong>43<\/strong><\/td>\n<td width=\"35\"><strong>46<\/strong><\/td>\n<td width=\"41\"><strong>45<\/strong><\/td>\n<\/tr>\n<tr>\n<td colspan=\"9\" width=\"342\">KSH,\u00a0<strong>\u00e9rt\u00e9k: milli\u00e1rd forint, foly\u00f3 \u00e1r\u00a0<\/strong>(web\u00e1ruh\u00e1zak n\u00e9lk\u00fcl)<\/td>\n<\/tr>\n<\/tbody>\n<\/table>\n<p style=\"font-weight: 400;\">Fej\u00e9r megye annyiban az\u00e9rt m\u00e1s (\u00e9s persze nem balatoni), hogy a Velencei t\u00f3 kiemelt \u00fcd\u00fcl\u0151ter\u00fclet, de a megye iparosodotts\u00e1ga miatt az\u00e9rt kiegyens\u00falyozottabb a boltos vil\u00e1g az \u00e9vk\u00f6zi hull\u00e1mz\u00e1st n\u00e9zve.<\/p>\n<div class=\"ads-in-post2\"><script async src=\"https:\/\/pagead2.googlesyndication.com\/pagead\/js\/adsbygoogle.js\"><\/script>\r\n<ins class=\"adsbygoogle\"\r\n     style=\"display:block\"\r\n     data-ad-format=\"fluid\"\r\n     data-ad-layout-key=\"-6t+ed+2i-1n-4w\"\r\n     data-ad-client=\"ca-pub-1959107119989764\"\r\n     data-ad-slot=\"4008251320\"><\/ins>\r\n<script>\r\n     (adsbygoogle = window.adsbygoogle || []).push({});\r\n<\/script><\/div>\n<p style=\"font-weight: 400;\">Egy\u00e9bk\u00e9nt pedig egy kis r\u00e1ad\u00e1s: a vend\u00e9gl\u00e1t\u00e1s cs\u00facsa a boltos vil\u00e1ggal szemben a j\u00falius \u00e9s az augusztus, nem pedig az \u00e9v v\u00e9ge.<\/p>\n<p style=\"font-weight: 400;\">(<a href=\"http:\/\/blokkk.com\/\" data-saferedirecturl=\"https:\/\/www.google.com\/url?q=http:\/\/blokkk.com&amp;source=gmail&amp;ust=1626619237691000&amp;usg=AFQjCNH6bD_YDDloMVQ4lTfcbaoQRw8YOQ\" target=\"_blank\" rel=\"noopener\">blokkk.com<\/a>)<\/p>\n","protected":false},"excerpt":{"rendered":"<p>Tolj\u00e1k a boltok a ny\u00e1ri v\u00e1s\u00e1rt, mennek is vissza a v\u00e1s\u00e1rl\u00f3k, el is fogy a f\u00e9lp\u00e9nz\u00fck. Boltot robbant a balatoni v\u00e1s\u00e1rolgat\u00e1s is, nem csak a munkaer\u0151hi\u00e1ny miatt: lek\u00f6lt\u00f6zt\u00fcnk. R\u00e1ad\u00e1s a delta mut\u00e1ns: okult m\u00e1r a v\u00e1s\u00e1rl\u00f3. A\u00a0k\u00e9zfert\u0151tlen\u00edt\u0151t sok boltos meg is hagyta a bej\u00e1ratn\u00e1l, \u00e9s l\u00e1ss csod\u00e1t, haszn\u00e1lj\u00e1k is sokan.<\/p>\n","protected":false},"author":1001006,"featured_media":0,"comment_status":"open","ping_status":"open","sticky":false,"template":"","format":"standard","meta":[],"categories":[19],"tags":[],"_links":{"self":[{"href":"https:\/\/gazdasagportal.hu\/index.php\/wp-json\/wp\/v2\/posts\/136896"}],"collection":[{"href":"https:\/\/gazdasagportal.hu\/index.php\/wp-json\/wp\/v2\/posts"}],"about":[{"href":"https:\/\/gazdasagportal.hu\/index.php\/wp-json\/wp\/v2\/types\/post"}],"author":[{"embeddable":true,"href":"https:\/\/gazdasagportal.hu\/index.php\/wp-json\/wp\/v2\/users\/1001006"}],"replies":[{"embeddable":true,"href":"https:\/\/gazdasagportal.hu\/index.php\/wp-json\/wp\/v2\/comments?post=136896"}],"version-history":[{"count":1,"href":"https:\/\/gazdasagportal.hu\/index.php\/wp-json\/wp\/v2\/posts\/136896\/revisions"}],"predecessor-version":[{"id":136897,"href":"https:\/\/gazdasagportal.hu\/index.php\/wp-json\/wp\/v2\/posts\/136896\/revisions\/136897"}],"wp:attachment":[{"href":"https:\/\/gazdasagportal.hu\/index.php\/wp-json\/wp\/v2\/media?parent=136896"}],"wp:term":[{"taxonomy":"category","embeddable":true,"href":"https:\/\/gazdasagportal.hu\/index.php\/wp-json\/wp\/v2\/categories?post=136896"},{"taxonomy":"post_tag","embeddable":true,"href":"https:\/\/gazdasagportal.hu\/index.php\/wp-json\/wp\/v2\/tags?post=136896"}],"curies":[{"name":"wp","href":"https:\/\/api.w.org\/{rel}","templated":true}]}}