{"id":136886,"date":"2021-07-16T14:45:24","date_gmt":"2021-07-16T12:45:24","guid":{"rendered":"https:\/\/gazdasagportal.hu\/?p=136886"},"modified":"2021-07-16T10:47:55","modified_gmt":"2021-07-16T08:47:55","slug":"a-jysk-a-2020-2021-es-uzleti-evben-is-ketszamjegyu-arbevetel-novekedesre-szamit","status":"publish","type":"post","link":"https:\/\/gazdasagportal.hu\/index.php\/a-jysk-a-2020-2021-es-uzleti-evben-is-ketszamjegyu-arbevetel-novekedesre-szamit\/","title":{"rendered":"A Jysk a 2020-2021-es \u00fczleti \u00e9vben is k\u00e9tsz\u00e1mjegy\u0171 \u00e1rbev\u00e9tel-n\u00f6veked\u00e9sre sz\u00e1m\u00edt"},"content":{"rendered":"<p><strong>A Jysk Magyarorsz\u00e1g lakberendez\u00e9si \u00e1ruh\u00e1z a 2020 szeptember\u00e9t\u0151l 2021 augusztus\u00e1ig tart\u00f3 \u00fczleti \u00e9vben is k\u00e9tsz\u00e1mjegy\u0171 \u00e1rbev\u00e9tel-n\u00f6veked\u00e9sre sz\u00e1m\u00edt, miut\u00e1n a t\u00e1rsas\u00e1g nett\u00f3 \u00e1rbev\u00e9tele az el\u0151z\u0151 \u00fczleti \u00e9vben 13,1 sz\u00e1zal\u00e9kkal, 51,4 milli\u00e1rd forintra n\u0151tt &#8211; k\u00f6z\u00f6lte az \u00fczletl\u00e1nc p\u00e9nteken az MTI-vel.<\/strong><!--more--><\/p>\n<div class=\"ads-in-post1\"><div id=\"gazdasagportal.hu_fullbanner_wideboard\"><\/div>\r\n<\/div>\n<p>    Hozz\u00e1tett\u00e9k, hogy a Jysk Magyarorsz\u00e1g nett\u00f3 \u00e1rbev\u00e9tele 2020 szeptembere \u00e9s 2021 j\u00faniusa k\u00f6z\u00f6tt 46,5 milli\u00e1rd forintra emelkedett, ami \u00e9ves \u00f6sszevet\u00e9sben 12,2 sz\u00e1zal\u00e9kos n\u00f6veked\u00e9s.<br \/>\n    Ugyanakkor arra is r\u00e1mutattak, hogy az \u00fczletl\u00e1nc eredm\u00e9nyei hull\u00e1mz\u00f3ak voltak a pand\u00e9mia miatt: a t\u00e1rsas\u00e1g nett\u00f3 \u00e1rbev\u00e9tele tavaly m\u00e1rcius \u00e9s \u00e1prilis k\u00f6z\u00f6tt 15,8 sz\u00e1zal\u00e9kkal cs\u00f6kkent, m\u00edg m\u00e1jus \u00e9s augusztus k\u00f6z\u00f6tt 25,1 sz\u00e1zal\u00e9kkal n\u0151tt, viszont id\u00e9n m\u00e1rcius 8. \u00e9s \u00e1prilis 6. k\u00f6z\u00f6tt ism\u00e9t visszaesett, 31,7 sz\u00e1zal\u00e9kkal.<br \/>\n    Magyarorsz\u00e1gon a Jysk t\u00f6bb mint 800 embert foglalkoztat, 88 \u00fczlettel rendelkezik. A t\u00e1rsas\u00e1g m\u00e1r nyitott h\u00e1rom \u00fajabb \u00fczletet (Hajd\u00fan\u00e1n\u00e1son, Balatonf\u00fcreden \u00e9s P\u00e9csen) a mostani \u00fczleti \u00e9vben, amelynek a v\u00e9g\u00e9ig m\u00e9g egyet, a 2021-2022-es \u00fczleti \u00e9vben pedig tov\u00e1bbi h\u00e1rmat nyitnak a tervek szerint.<br \/>\n    A k\u00f6zlem\u00e9ny id\u00e9zte Szimeiszter S\u00e1ndort, a Jysk Magyarorsz\u00e1g\u00e9rt, Ausztri\u00e1\u00e9rt, G\u00f6r\u00f6gorsz\u00e1g\u00e9rt felel\u0151s country manager\u00e9t, aki azt mondta, a v\u00edrus megjelen\u00e9s\u00e9vel \u00e1talakultak a mindennapok, az elm\u00falt id\u0151szakban ez\u00e9rt els\u0151sorban azokn\u00e1l a term\u00e9kekn\u00e9l l\u00e1ttak kiugr\u00f3 n\u00f6veked\u00e9st, amelyek sz\u00fcks\u00e9gesek voltak a megv\u00e1ltozott h\u00e9tk\u00f6znapok sor\u00e1n.<br \/>\n<div class=\"ads-in-post2\"><script async src=\"https:\/\/pagead2.googlesyndication.com\/pagead\/js\/adsbygoogle.js\"><\/script>\r\n<ins class=\"adsbygoogle\"\r\n     style=\"display:block\"\r\n     data-ad-format=\"fluid\"\r\n     data-ad-layout-key=\"-6t+ed+2i-1n-4w\"\r\n     data-ad-client=\"ca-pub-1959107119989764\"\r\n     data-ad-slot=\"4008251320\"><\/ins>\r\n<script>\r\n     (adsbygoogle = window.adsbygoogle || []).push({});\r\n<\/script><\/div>\n    A 2019-2020-as p\u00e9nz\u00fcgyi \u00e9vben az \u00e1rbev\u00e9telt n\u00e9zve legink\u00e1bb a kerti b\u00fatorok \u00e9s a belt\u00e9ri b\u00fatorok forgalma n\u0151tt, 22 \u00e9s 16 sz\u00e1zal\u00e9kkal. A 2020-2021-es, m\u00e9g nem teljes p\u00e9nz\u00fcgyi \u00e9vben, id\u00e9n j\u00faniusig \u00fajra a kerti b\u00fatorokb\u00f3l, valamint a lakberendez\u00e9si \u00e9s dekor\u00e1ci\u00f3s cikkekb\u0151l sz\u00e1rmaz\u00f3 \u00e1rbev\u00e9tel emelkedett a legink\u00e1bb, 16 \u00e9s 15 sz\u00e1zal\u00e9kkal.<br \/>\n    Arr\u00f3l is besz\u00e1moltak, hogy a Jysk Magyarorsz\u00e1g id\u00e9n j\u00faniusban, 1009 ember bevon\u00e1s\u00e1val reprezentat\u00edv felm\u00e9r\u00e9st k\u00e9sz\u00edtett, azt vizsg\u00e1lt\u00e1k, hogyan alak\u00edtott\u00e1k \u00e1t az \u00e9letter\u00fcket, otthonaikat a karant\u00e9n alatt a magyarok.<br \/>\n    A kutat\u00e1sb\u00f3l kider\u00fclt, hogy a kij\u00e1r\u00e1si korl\u00e1toz\u00e1sok alatt a megk\u00e9rdezettek 16 sz\u00e1zal\u00e9k\u00e1n\u00e1l alak\u00edtani kellett a lak\u00e1son, hogy az minden funkci\u00f3t &#8211; otthoni munkav\u00e9gz\u00e9s, oktat\u00e1s &#8211; el tudjon l\u00e1tni.<br \/>\n<div class=\"ads-in-post2\"><script async src=\"https:\/\/pagead2.googlesyndication.com\/pagead\/js\/adsbygoogle.js\"><\/script>\r\n<ins class=\"adsbygoogle\"\r\n     style=\"display:block\"\r\n     data-ad-format=\"fluid\"\r\n     data-ad-layout-key=\"-6t+ed+2i-1n-4w\"\r\n     data-ad-client=\"ca-pub-1959107119989764\"\r\n     data-ad-slot=\"4008251320\"><\/ins>\r\n<script>\r\n     (adsbygoogle = window.adsbygoogle || []).push({});\r\n<\/script><\/div>\n    A v\u00e1laszad\u00f3k 14 sz\u00e1zal\u00e9ka jelezte, hogy belev\u00e1gott a fel\u00faj\u00edt\u00e1sba, 7 sz\u00e1zal\u00e9ka \u00faj b\u00fatorokat v\u00e1s\u00e1rolt, 14 sz\u00e1zal\u00e9ka \u00e1trendezte a lak\u00e1s\u00e1t. \u00daj b\u00fatorokat legink\u00e1bb a 18-39 \u00e9vesek vettek, \u00e9s \u0151k voltak a legt\u00f6bben, akik \u00e1trendezt\u00e9k a lak\u00e1sukat, fel\u00faj\u00edt\u00e1sokat pedig legink\u00e1bb a 60 \u00e9vn\u00e9l id\u0151sebbek v\u00e9geztek. A megk\u00e9rdezettek t\u00f6bb mint fele azonban a koronav\u00edrus-j\u00e1rv\u00e1ny miatti bizonytalan gazdas\u00e1gi helyzetben igyekezett megtakar\u00edtani a k\u00f6ltekez\u00e9s helyett.<br \/>\n    Ugyanakkor az is kider\u00fclt, hogy az ebben az id\u0151szakban \u00faj b\u00fatorokat, kieg\u00e9sz\u00edt\u0151ket vev\u0151knek a 30 sz\u00e1zal\u00e9ka 50 ezer forintn\u00e1l kevesebbet k\u00f6lt\u00f6tt erre, 10 sz\u00e1zal\u00e9ka 50 ezer \u00e9s 200 ezer forint k\u00f6z\u00f6tt v\u00e1s\u00e1rolt, 200 ezer forintn\u00e1l t\u00f6bbet csup\u00e1n a megk\u00e9rdezettek 6 sz\u00e1zal\u00e9ka ford\u00edtott erre a c\u00e9lra, legink\u00e1bb a 40-59 \u00e9ves koroszt\u00e1ly.(MTI)<\/p>\n","protected":false},"excerpt":{"rendered":"<p>A Jysk Magyarorsz\u00e1g lakberendez\u00e9si \u00e1ruh\u00e1z a 2020 szeptember\u00e9t\u0151l 2021 augusztus\u00e1ig tart\u00f3 \u00fczleti \u00e9vben is k\u00e9tsz\u00e1mjegy\u0171 \u00e1rbev\u00e9tel-n\u00f6veked\u00e9sre sz\u00e1m\u00edt, miut\u00e1n a t\u00e1rsas\u00e1g nett\u00f3 \u00e1rbev\u00e9tele az el\u0151z\u0151 \u00fczleti \u00e9vben 13,1 sz\u00e1zal\u00e9kkal, 51,4 milli\u00e1rd forintra n\u0151tt &#8211; k\u00f6z\u00f6lte az \u00fczletl\u00e1nc p\u00e9nteken az MTI-vel.<\/p>\n","protected":false},"author":1,"featured_media":0,"comment_status":"open","ping_status":"open","sticky":false,"template":"","format":"standard","meta":[],"categories":[19],"tags":[],"_links":{"self":[{"href":"https:\/\/gazdasagportal.hu\/index.php\/wp-json\/wp\/v2\/posts\/136886"}],"collection":[{"href":"https:\/\/gazdasagportal.hu\/index.php\/wp-json\/wp\/v2\/posts"}],"about":[{"href":"https:\/\/gazdasagportal.hu\/index.php\/wp-json\/wp\/v2\/types\/post"}],"author":[{"embeddable":true,"href":"https:\/\/gazdasagportal.hu\/index.php\/wp-json\/wp\/v2\/users\/1"}],"replies":[{"embeddable":true,"href":"https:\/\/gazdasagportal.hu\/index.php\/wp-json\/wp\/v2\/comments?post=136886"}],"version-history":[{"count":1,"href":"https:\/\/gazdasagportal.hu\/index.php\/wp-json\/wp\/v2\/posts\/136886\/revisions"}],"predecessor-version":[{"id":136887,"href":"https:\/\/gazdasagportal.hu\/index.php\/wp-json\/wp\/v2\/posts\/136886\/revisions\/136887"}],"wp:attachment":[{"href":"https:\/\/gazdasagportal.hu\/index.php\/wp-json\/wp\/v2\/media?parent=136886"}],"wp:term":[{"taxonomy":"category","embeddable":true,"href":"https:\/\/gazdasagportal.hu\/index.php\/wp-json\/wp\/v2\/categories?post=136886"},{"taxonomy":"post_tag","embeddable":true,"href":"https:\/\/gazdasagportal.hu\/index.php\/wp-json\/wp\/v2\/tags?post=136886"}],"curies":[{"name":"wp","href":"https:\/\/api.w.org\/{rel}","templated":true}]}}