{"id":136867,"date":"2021-07-15T15:53:04","date_gmt":"2021-07-15T13:53:04","guid":{"rendered":"https:\/\/gazdasagportal.hu\/?p=136867"},"modified":"2021-07-15T08:53:56","modified_gmt":"2021-07-15T06:53:56","slug":"megkezdodott-az-itelkezesi-szunet-a-birosagokon","status":"publish","type":"post","link":"https:\/\/gazdasagportal.hu\/index.php\/megkezdodott-az-itelkezesi-szunet-a-birosagokon\/","title":{"rendered":"Megkezd\u0151d\u00f6tt az \u00edt\u00e9lkez\u00e9si sz\u00fcnet a b\u00edr\u00f3s\u00e1gokon"},"content":{"rendered":"<p><strong>Megkezd\u0151d\u00f6tt \u00e9s augusztus 20-ig tart az \u00edt\u00e9lkez\u00e9si sz\u00fcnet a b\u00edr\u00f3s\u00e1gokon &#8211; tudatta az Orsz\u00e1gos B\u00edr\u00f3s\u00e1gi Hivatal (OBH) cs\u00fct\u00f6rt\u00f6k\u00f6n a honlapj\u00e1n.<\/strong><!--more--><\/p>\n<div class=\"ads-in-post1\"><div id=\"gazdasagportal.hu_fullbanner_wideboard\"><\/div>\r\n<\/div>\n<p>    A polg\u00e1ri perrendtart\u00e1son alapul\u00f3 \u00edt\u00e9lkez\u00e9si sz\u00fcnet kezd\u0151 napja j\u00falius 15., a b\u00edr\u00f3s\u00e1gok napja, amely a b\u00edr\u00e1k jog\u00e1ll\u00e1s\u00e1r\u00f3l \u00e9s javadalmaz\u00e1s\u00e1r\u00f3l sz\u00f3l\u00f3 t\u00f6rv\u00e9ny \u00e9rtelm\u00e9ben munkasz\u00fcneti nap. Ezen a napon minden b\u00edr\u00f3s\u00e1gon sz\u00fcnetel az \u00fcgyf\u00e9lfogad\u00e1s is.<br \/>\n    Az \u00edt\u00e9lkez\u00e9si sz\u00fcnet id\u0151tartama alatt a b\u00edr\u00f3s\u00e1gok f\u0151 szab\u00e1ly szerint nem tartanak t\u00e1rgyal\u00e1sokat.<br \/>\n    Polg\u00e1ri perekben &#8211; bizonyos kiv\u00e9telekt\u0151l eltekintve &#8211; a meg\u00e1llap\u00edtott hat\u00e1rid\u0151kbe az \u00edt\u00e9lkez\u00e9si sz\u00fcnet nem sz\u00e1m\u00edt bele. A hat\u00e1rid\u0151k sz\u00e1m\u00edt\u00e1s\u00e1nak \u00e1ltal\u00e1nos szab\u00e1lyai ir\u00e1nyad\u00f3ak azonban az \u00edt\u00e9lkez\u00e9si sz\u00fcnet alatt is a soron k\u00edv\u00fcli elj\u00e1r\u00e1s, az el\u0151zetes bizony\u00edt\u00e1s eset\u00e9n, illetve egyes v\u00e9grehajt\u00e1si perekben \u00e9s nemperes elj\u00e1r\u00e1sokban.<br \/>\n    B\u00fcntet\u0151 \u00fcgyekben a hat\u00e1rid\u0151k sz\u00e1m\u00edt\u00e1s\u00e1t az \u00edt\u00e9lkez\u00e9si sz\u00fcnet nem \u00e9rinti.<br \/>\n<div class=\"ads-in-post2\"><script async src=\"https:\/\/pagead2.googlesyndication.com\/pagead\/js\/adsbygoogle.js\"><\/script>\r\n<ins class=\"adsbygoogle\"\r\n     style=\"display:block\"\r\n     data-ad-format=\"fluid\"\r\n     data-ad-layout-key=\"-6t+ed+2i-1n-4w\"\r\n     data-ad-client=\"ca-pub-1959107119989764\"\r\n     data-ad-slot=\"4008251320\"><\/ins>\r\n<script>\r\n     (adsbygoogle = window.adsbygoogle || []).push({});\r\n<\/script><\/div>\n    A b\u00edr\u00f3s\u00e1g az \u00edt\u00e9lkez\u00e9si sz\u00fcnet ideje alatt is elj\u00e1r az el\u0151\u00e1ll\u00edt\u00e1sos \u00fcgyekben, valamint k\u00e9nyszerint\u00e9zked\u00e9sek alkalmaz\u00e1sa eset\u00e9n.<br \/>\n    A b\u00edr\u00f3s\u00e1gok kezel\u0151irod\u00e1i az \u00edt\u00e9lkez\u00e9si sz\u00fcnetben is nyitva tartanak, ott az \u00fcgyfelek beny\u00fajthatj\u00e1k beadv\u00e1nyaikat, betekinthetnek az iratokba.<br \/>\n    Az egyes b\u00edr\u00f3s\u00e1gok \u00fcgyf\u00e9lfogad\u00e1si rendj\u00e9r\u0151l az adott b\u00edr\u00f3s\u00e1g honlapja ad t\u00e1j\u00e9koztat\u00e1st &#8211; k\u00f6z\u00f6lte az OBH.(MTI)<\/p>\n","protected":false},"excerpt":{"rendered":"<p>Megkezd\u0151d\u00f6tt \u00e9s augusztus 20-ig tart az \u00edt\u00e9lkez\u00e9si sz\u00fcnet a b\u00edr\u00f3s\u00e1gokon &#8211; tudatta az Orsz\u00e1gos B\u00edr\u00f3s\u00e1gi Hivatal (OBH) cs\u00fct\u00f6rt\u00f6k\u00f6n a honlapj\u00e1n.<\/p>\n","protected":false},"author":1,"featured_media":0,"comment_status":"open","ping_status":"open","sticky":false,"template":"","format":"standard","meta":[],"categories":[4],"tags":[],"_links":{"self":[{"href":"https:\/\/gazdasagportal.hu\/index.php\/wp-json\/wp\/v2\/posts\/136867"}],"collection":[{"href":"https:\/\/gazdasagportal.hu\/index.php\/wp-json\/wp\/v2\/posts"}],"about":[{"href":"https:\/\/gazdasagportal.hu\/index.php\/wp-json\/wp\/v2\/types\/post"}],"author":[{"embeddable":true,"href":"https:\/\/gazdasagportal.hu\/index.php\/wp-json\/wp\/v2\/users\/1"}],"replies":[{"embeddable":true,"href":"https:\/\/gazdasagportal.hu\/index.php\/wp-json\/wp\/v2\/comments?post=136867"}],"version-history":[{"count":1,"href":"https:\/\/gazdasagportal.hu\/index.php\/wp-json\/wp\/v2\/posts\/136867\/revisions"}],"predecessor-version":[{"id":136868,"href":"https:\/\/gazdasagportal.hu\/index.php\/wp-json\/wp\/v2\/posts\/136867\/revisions\/136868"}],"wp:attachment":[{"href":"https:\/\/gazdasagportal.hu\/index.php\/wp-json\/wp\/v2\/media?parent=136867"}],"wp:term":[{"taxonomy":"category","embeddable":true,"href":"https:\/\/gazdasagportal.hu\/index.php\/wp-json\/wp\/v2\/categories?post=136867"},{"taxonomy":"post_tag","embeddable":true,"href":"https:\/\/gazdasagportal.hu\/index.php\/wp-json\/wp\/v2\/tags?post=136867"}],"curies":[{"name":"wp","href":"https:\/\/api.w.org\/{rel}","templated":true}]}}