{"id":136861,"date":"2021-07-15T12:32:42","date_gmt":"2021-07-15T10:32:42","guid":{"rendered":"https:\/\/gazdasagportal.hu\/?p=136861"},"modified":"2021-07-15T08:33:29","modified_gmt":"2021-07-15T06:33:29","slug":"tovabb-lassult-juniusban-a-kinai-ipar-es-kiskereskedelem-novekedese-juniusban","status":"publish","type":"post","link":"https:\/\/gazdasagportal.hu\/index.php\/tovabb-lassult-juniusban-a-kinai-ipar-es-kiskereskedelem-novekedese-juniusban\/","title":{"rendered":"Tov\u00e1bb lassult j\u00faniusban a k\u00ednai ipar \u00e9s kiskereskedelem n\u00f6veked\u00e9se j\u00faniusban"},"content":{"rendered":"<p><strong>Tov\u00e1bb lassult a k\u00ednai ipar \u00e9s kiskereskedelem n\u00f6veked\u00e9se, \u00e1m az adatok meghaladj\u00e1k a szak\u00e9rt\u0151i el\u0151rejelz\u00e9seket, \u00e9s v\u00e1ltozatlanul a k\u00ednai gazdas\u00e1g koronav\u00edrus-j\u00e1rv\u00e1ny ut\u00e1ni stabil helyre\u00e1ll\u00e1s\u00e1t t\u00fckr\u00f6zik.<\/strong><!--more--><\/p>\n<div class=\"ads-in-post1\"><div id=\"gazdasagportal.hu_fullbanner_wideboard\"><\/div>\r\n<\/div>\n<p>    A k\u00ednai statisztikai hivatal cs\u00fct\u00f6rt\u00f6k\u00f6n k\u00f6zz\u00e9tett adatai szerint az ipari termel\u00e9s j\u00faniusban 8,3 sz\u00e1zal\u00e9kkal n\u00f6vekedett \u00e9ves \u00f6sszevet\u00e9sben. Elemz\u0151k 7,8 sz\u00e1zal\u00e9kos b\u0151v\u00fcl\u00e9st val\u00f3sz\u00edn\u0171s\u00edtettek a m\u00e1jusban jegyzett 8,8 sz\u00e1zal\u00e9kos n\u00f6veked\u00e9st k\u00f6vet\u0151en.<br \/>\n    Havi \u00f6sszevet\u00e9sben j\u00faniusban 0,56 sz\u00e1zal\u00e9kos b\u0151v\u00fcl\u00e9st regisztr\u00e1ltak az el\u0151z\u0151 h\u00f3naphoz k\u00e9pest, m\u00edg az els\u0151 f\u00e9l\u00e9vet tekintve a k\u00ednai ipar 15,9 sz\u00e1zal\u00e9kkal n\u0151tt a m\u00falt \u00e9v azonos id\u0151szak\u00e1val \u00f6sszevetve.<br \/>\n    A termel\u00e9s kiemelked\u0151en er\u0151s n\u00f6veked\u00e9s\u00e9t m\u00e9rt\u00e9k az aut\u00f3ipar \u00faj energi\u00e1val m\u0171k\u00f6d\u0151 j\u00e1rm\u0171vek termel\u00e9s\u00e9vel foglalkoz\u00f3 \u00e1gazat\u00e1ban: a b\u0151v\u00fcl\u00e9s m\u00e9rt\u00e9ke j\u00faniusban el\u00e9rte a 135,3 sz\u00e1zal\u00e9kot \u00e9ves \u00f6sszehasonl\u00edt\u00e1sban, j\u00f3llehet az adat tov\u00e1bb m\u00e9rs\u00e9kl\u0151d\u00f6tt a m\u00e1jusi, 166,3 sz\u00e1zal\u00e9kr\u00f3l. Az aut\u00f3ipar eg\u00e9sz\u00e9t tekintve ezzel szemben visszaes\u00e9st regisztr\u00e1ltak: a termel\u00e9s 13,1 sz\u00e1zal\u00e9kkal zsugorodott a szektorban \u00e9ves \u00f6sszevet\u00e9sben.<br \/>\n<div class=\"ads-in-post2\"><script async src=\"https:\/\/pagead2.googlesyndication.com\/pagead\/js\/adsbygoogle.js\"><\/script>\r\n<ins class=\"adsbygoogle\"\r\n     style=\"display:block\"\r\n     data-ad-format=\"fluid\"\r\n     data-ad-layout-key=\"-6t+ed+2i-1n-4w\"\r\n     data-ad-client=\"ca-pub-1959107119989764\"\r\n     data-ad-slot=\"4008251320\"><\/ins>\r\n<script>\r\n     (adsbygoogle = window.adsbygoogle || []).push({});\r\n<\/script><\/div>\n    A kiskereskedelmi forgalom 12,1 sz\u00e1zal\u00e9kkal n\u0151tt j\u00faniusban a m\u00falt \u00e9v azonos id\u0151szak\u00e1hoz k\u00e9pest. Elemz\u0151k 11,0 sz\u00e1zal\u00e9kos b\u0151v\u00fcl\u00e9st j\u00f3soltak a m\u00e1jusi 12,4 sz\u00e1zal\u00e9kos n\u00f6veked\u00e9s ut\u00e1n. Tavaly j\u00faniusban a kiskereskedelmi forgalom m\u00e9g 1,8 sz\u00e1zal\u00e9kos zsugorod\u00e1st mutatott.<br \/>\n    Havi \u00f6sszevet\u00e9sben a kiskereskedelem forgalma 0,7 sz\u00e1zal\u00e9kkal n\u0151tt j\u00faniusban az el\u0151z\u0151 h\u00f3naphoz k\u00e9pest, m\u00edg az els\u0151 f\u00e9l\u00e9vet tekintve 23,0 sz\u00e1zal\u00e9kos b\u0151v\u00fcl\u00e9st m\u00e9rtek a m\u00falt \u00e9v azonos id\u0151szak\u00e1val \u00f6sszehasonl\u00edtva.<br \/>\n    A vend\u00e9gl\u00e1t\u00f3ipar forgalma \u00e9ves b\u00e1zison 20,2 sz\u00e1zal\u00e9kkal er\u0151s\u00f6d\u00f6tt j\u00faniusban, m\u00edg az els\u0151 f\u00e9l\u00e9vben 20,6 sz\u00e1zal\u00e9kos n\u00f6veked\u00e9st \u00e9rt el.<br \/>\n    Az \u00e1ll\u00f3eszk\u00f6z-beruh\u00e1z\u00e1sok \u00e9rt\u00e9ke szint\u00e9n a v\u00e1rakoz\u00e1sokat fel\u00fclm\u00falva alakult: 12,6 sz\u00e1zal\u00e9kkal n\u0151tt \u00e9ves \u00f6sszehasonl\u00edt\u00e1sban az els\u0151 f\u00e9l\u00e9vben. Elemz\u0151k 12,1 sz\u00e1zal\u00e9kos emelked\u00e9st jeleztek el\u0151re a janu\u00e1r-m\u00e1jusi 15,4 sz\u00e1zal\u00e9kos b\u0151v\u00fcl\u00e9s ut\u00e1n. A beruh\u00e1z\u00e1sok t\u00f6bb mint fel\u00e9t kitev\u0151 mag\u00e1nberuh\u00e1z\u00e1sok \u00e9rt\u00e9ke 15,4 sz\u00e1zal\u00e9kkal n\u0151tt az \u00e9v els\u0151 fel\u00e9ben a m\u00falt \u00e9v azonos id\u0151szak\u00e1hoz k\u00e9pest.<br \/>\n<div class=\"ads-in-post2\"><script async src=\"https:\/\/pagead2.googlesyndication.com\/pagead\/js\/adsbygoogle.js\"><\/script>\r\n<ins class=\"adsbygoogle\"\r\n     style=\"display:block\"\r\n     data-ad-format=\"fluid\"\r\n     data-ad-layout-key=\"-6t+ed+2i-1n-4w\"\r\n     data-ad-client=\"ca-pub-1959107119989764\"\r\n     data-ad-slot=\"4008251320\"><\/ins>\r\n<script>\r\n     (adsbygoogle = window.adsbygoogle || []).push({});\r\n<\/script><\/div>\n    A statisztikai hivatal felm\u00e9r\u00e9se alapj\u00e1n K\u00edn\u00e1ban a munkan\u00e9lk\u00fclis\u00e9gi r\u00e1ta 5 sz\u00e1zal\u00e9kos volt j\u00faniusban, m\u00e9rs\u00e9kl\u0151dve a m\u00e1jusi 5,2 sz\u00e1zal\u00e9kos szinthez k\u00e9pest. Minthogy azonban a sz\u00e1m\u00edt\u00e1s alapj\u00e1t k\u00e9pez\u0151 felm\u00e9r\u00e9s nem teljes k\u00f6r\u0171, \u00edgy ez az adat nem felt\u00e9tlen\u00fcl fest h\u0171 k\u00e9pet a val\u00f3s helyzetr\u0151l. A korm\u00e1nyzat erre az \u00e9vre azt t\u0171zte ki c\u00e9lul, hogy 5,5 sz\u00e1zal\u00e9k k\u00f6r\u00fcl tartsa a munkan\u00e9lk\u00fclis\u00e9gi r\u00e1t\u00e1t, mik\u00f6zben 11 milli\u00f3 \u00faj v\u00e1rosi munkahelyet teremt.<br \/>\n    A szint\u00e9n cs\u00fct\u00f6rt\u00f6k\u00f6n k\u00f6zz\u00e9tett, negyed\u00e9ves gazdas\u00e1gi n\u00f6veked\u00e9si adatok alapj\u00e1n a k\u00ednai brutt\u00f3 hazai term\u00e9k (GDP) 7,9 sz\u00e1zal\u00e9kkal b\u0151v\u00fclt az idei m\u00e1sodik negyed\u00e9vben a m\u00falt \u00e9v azonos id\u0151szak\u00e1hoz k\u00e9pest. B\u00e1r ez az adat enyh\u00e9n alulm\u00falja a szak\u00e9rt\u0151i v\u00e1rakoz\u00e1sokat, a k\u00ednai gazdas\u00e1g j\u00e1rv\u00e1ny ut\u00e1ni stabil helyre\u00e1ll\u00e1s\u00e1t t\u00fckr\u00f6zi.(MTI)<\/p>\n","protected":false},"excerpt":{"rendered":"<p>Tov\u00e1bb lassult a k\u00ednai ipar \u00e9s kiskereskedelem n\u00f6veked\u00e9se, \u00e1m az adatok meghaladj\u00e1k a szak\u00e9rt\u0151i el\u0151rejelz\u00e9seket, \u00e9s v\u00e1ltozatlanul a k\u00ednai gazdas\u00e1g koronav\u00edrus-j\u00e1rv\u00e1ny ut\u00e1ni stabil helyre\u00e1ll\u00e1s\u00e1t t\u00fckr\u00f6zik.<\/p>\n","protected":false},"author":1,"featured_media":0,"comment_status":"open","ping_status":"open","sticky":false,"template":"","format":"standard","meta":[],"categories":[19,246],"tags":[],"_links":{"self":[{"href":"https:\/\/gazdasagportal.hu\/index.php\/wp-json\/wp\/v2\/posts\/136861"}],"collection":[{"href":"https:\/\/gazdasagportal.hu\/index.php\/wp-json\/wp\/v2\/posts"}],"about":[{"href":"https:\/\/gazdasagportal.hu\/index.php\/wp-json\/wp\/v2\/types\/post"}],"author":[{"embeddable":true,"href":"https:\/\/gazdasagportal.hu\/index.php\/wp-json\/wp\/v2\/users\/1"}],"replies":[{"embeddable":true,"href":"https:\/\/gazdasagportal.hu\/index.php\/wp-json\/wp\/v2\/comments?post=136861"}],"version-history":[{"count":1,"href":"https:\/\/gazdasagportal.hu\/index.php\/wp-json\/wp\/v2\/posts\/136861\/revisions"}],"predecessor-version":[{"id":136862,"href":"https:\/\/gazdasagportal.hu\/index.php\/wp-json\/wp\/v2\/posts\/136861\/revisions\/136862"}],"wp:attachment":[{"href":"https:\/\/gazdasagportal.hu\/index.php\/wp-json\/wp\/v2\/media?parent=136861"}],"wp:term":[{"taxonomy":"category","embeddable":true,"href":"https:\/\/gazdasagportal.hu\/index.php\/wp-json\/wp\/v2\/categories?post=136861"},{"taxonomy":"post_tag","embeddable":true,"href":"https:\/\/gazdasagportal.hu\/index.php\/wp-json\/wp\/v2\/tags?post=136861"}],"curies":[{"name":"wp","href":"https:\/\/api.w.org\/{rel}","templated":true}]}}