{"id":13676,"date":"2013-08-12T13:13:20","date_gmt":"2013-08-12T11:13:20","guid":{"rendered":"http:\/\/stockportal.hu\/?p=13676"},"modified":"2013-08-12T13:13:37","modified_gmt":"2013-08-12T11:13:37","slug":"takarekszovetkezetek-tobb-mint-6800-tag-csatlakozott-mar-az-ombudsmani-beadvanyhoz","status":"publish","type":"post","link":"https:\/\/gazdasagportal.hu\/index.php\/takarekszovetkezetek-tobb-mint-6800-tag-csatlakozott-mar-az-ombudsmani-beadvanyhoz\/","title":{"rendered":"Takar\u00e9ksz\u00f6vetkezetek &#8211; T\u00f6bb mint 6800 tag csatlakozott m\u00e1r az ombudsmani beadv\u00e1nyhoz"},"content":{"rendered":"<p><strong>Eddig m\u00e1r t\u00f6bb mint 6800 sz\u00f6vetkezeti hitelint\u00e9zeti tag, takar\u00e9kok \u00e9s tulajdonosaik csatlakoztak a sz\u00f6vetkezeti hitelint\u00e9zetek integr\u00e1ci\u00f3j\u00e1r\u00f3l sz\u00f3l\u00f3 t\u00f6rv\u00e9ny kapcs\u00e1n az \u00c1ltal\u00e1nos Jogok Biztos\u00e1hoz elk\u00fcld\u00f6tt beadv\u00e1nyhoz &#8211; olvashat\u00f3 a Magyar Takar\u00e9k Blogon.<!--more--><\/strong><\/p>\n<p>Az al\u00e1\u00edr\u00e1sokat tartalmaz\u00f3 csatlakoz\u00f3 nyilatkozatot a m\u00falt h\u00e9ten juttatta el az Orsz\u00e1gos Takar\u00e9ksz\u00f6vetkezeti Sz\u00f6vets\u00e9g (OTSZ) az ombudsmani hivatalnak.<br \/>\nAz OTSZ j\u00falius 15-\u00e9n, a t\u00f6rv\u00e9ny hat\u00e1lyba l\u00e9p\u00e9se ut\u00e1n fordult az alapjogi biztoshoz, mert \u00e1ll\u00e1spontja szerint a hat\u00e1lyos jogszab\u00e1ly s\u00falyosan s\u00e9rti az alapt\u00f6rv\u00e9nyben megfogalmazott alapjogi rendelkez\u00e9seket, \u00e9s beavatkozik a polg\u00e1ri jogi jogviszonyba.<br \/>\nAz OTSZ \u00e1ll\u00e1spontja szerint s\u00e9rtik a mag\u00e1ntulajdon v\u00e9delm\u00e9nek elv\u00e9t a t\u00f6rv\u00e9ny azon rendelkez\u00e9sei, amelyek a Takar\u00e9kbankban megl\u00e9v\u0151 jelenlegi tulajdoni ar\u00e1nyokat egyoldal\u00fa \u00e1llami beavatkoz\u00e1ssal megv\u00e1ltoztatj\u00e1k. Tov\u00e1bb\u00e1 a t\u00f6rv\u00e9ny nem biztos\u00edt a tulajdonosnak jogot arra, hogy \u00e9rdemben belesz\u00f3ljon az \u00e1ltala tulajdonolt t\u00e1rsas\u00e1g m\u0171k\u00f6d\u00e9si szab\u00e1lyainak megalkot\u00e1s\u00e1ba, nincs lehet\u0151s\u00e9ge arra, hogy a kor\u00e1bban megszerzett jogait tov\u00e1bbra is \u00e9rv\u00e9nyes\u00edtse. Emellett a szab\u00e1lyoz\u00e1s gyakorlatilag hat\u00f3s\u00e1gi eszk\u00f6z\u00f6kkel ruh\u00e1zza fel a gazd\u00e1lkod\u00f3 szervezet Takar\u00e9kbankot azzal a specialit\u00e1ssal, hogy a sz\u00f6vetkezeti hitelint\u00e9zetek egyben tulajdonosai is a Takar\u00e9kbanknak. A t\u00f6rv\u00e9ny nem biztos\u00edtja a megfelel\u0151 piaci verseny lehet\u0151s\u00e9g\u00e9t a banksz\u00e1mlavezet\u00e9s, az eszk\u00f6z\u00f6k lek\u00f6t\u00e9se tekintet\u00e9ben, amely a sz\u00f6vetkezeti hitelint\u00e9zeteknek k\u00f6zvetlen vagyoni h\u00e1tr\u00e1nyt okoz &#8211; mutat r\u00e1 a beadv\u00e1ny.<br \/>\nKiemelik azt is, hogy a vonatkoz\u00f3 t\u00f6rv\u00e9ny gy\u00f6keresen ellent\u00e9tben \u00e1ll a sz\u00f6vetkezeti eszm\u00e9vel, amely szerint a sz\u00f6vetkezetek tagjaik \u00f6nk\u00e9ntes elhat\u00e1roz\u00e1s\u00e1n alapul\u00f3 jogi szem\u00e9lyis\u00e9ggel rendelkez\u0151, \u201ealulr\u00f3l&#8221; szervez\u0151d\u0151 szervezetek, azaz l\u00e9trej\u00f6tt\u00fck nem alapulhat jogszab\u00e1ly k\u00f6telez\u0151 el\u0151\u00edr\u00e1s\u00e1n, k\u00e9nyszer\u00e9n. Az elfogadott t\u00f6rv\u00e9ny tov\u00e1bb\u00e1 ellent\u00e9tes az Eur\u00f3pai Uni\u00f3 m\u0171k\u00f6d\u00e9s\u00e9r\u0151l sz\u00f3l\u00f3 Szerz\u0151d\u00e9s (EUMSZ) tiltott \u00e1llami t\u00e1mogat\u00e1sr\u00f3l sz\u00f3l\u00f3 rendelkez\u00e9s\u00e9vel \u00e9s a szerz\u0151d\u00e9sben r\u00f6gz\u00edtett szabad leteleped\u00e9si joggal, valamint nem felel meg az EK m\u00f3dos\u00edtott ir\u00e1nyelvnek sem &#8211; \u00edrj\u00e1k.<br \/>\nMindezek szellem\u00e9ben, a t\u00f6rv\u00e9nnyel kapcsolatos alkotm\u00e1nyos \u00e9s jogi agg\u00e1lyok nyom\u00e1n az OTSZ k\u00e9rte, hogy az Alapvet\u0151 Jogok Biztosa kezdem\u00e9nyezze a t\u00f6rv\u00e9ny alapt\u00f6rv\u00e9nnyel val\u00f3 \u00f6sszhangj\u00e1nak fel\u00fclvizsg\u00e1lat\u00e1t, illetve a t\u00f6rv\u00e9ny nemzetk\u00f6zi szerz\u0151d\u00e9sbe \u00fctk\u00f6z\u00e9s\u00e9nek vizsg\u00e1lat\u00e1t az Alkotm\u00e1nyb\u00edr\u00f3s\u00e1gn\u00e1l &#8211; olvashat\u00f3 a blogbejegyz\u00e9sben.(MTI)<\/p>\n","protected":false},"excerpt":{"rendered":"<p>Eddig m\u00e1r t\u00f6bb mint 6800 sz\u00f6vetkezeti hitelint\u00e9zeti tag, takar\u00e9kok \u00e9s tulajdonosaik csatlakoztak a sz\u00f6vetkezeti hitelint\u00e9zetek integr\u00e1ci\u00f3j\u00e1r\u00f3l sz\u00f3l\u00f3 t\u00f6rv\u00e9ny kapcs\u00e1n az \u00c1ltal\u00e1nos Jogok Biztos\u00e1hoz elk\u00fcld\u00f6tt beadv\u00e1nyhoz &#8211; olvashat\u00f3 a Magyar Takar\u00e9k Blogon.<\/p>\n","protected":false},"author":1,"featured_media":0,"comment_status":"open","ping_status":"closed","sticky":false,"template":"","format":"standard","meta":[],"categories":[19],"tags":[],"_links":{"self":[{"href":"https:\/\/gazdasagportal.hu\/index.php\/wp-json\/wp\/v2\/posts\/13676"}],"collection":[{"href":"https:\/\/gazdasagportal.hu\/index.php\/wp-json\/wp\/v2\/posts"}],"about":[{"href":"https:\/\/gazdasagportal.hu\/index.php\/wp-json\/wp\/v2\/types\/post"}],"author":[{"embeddable":true,"href":"https:\/\/gazdasagportal.hu\/index.php\/wp-json\/wp\/v2\/users\/1"}],"replies":[{"embeddable":true,"href":"https:\/\/gazdasagportal.hu\/index.php\/wp-json\/wp\/v2\/comments?post=13676"}],"version-history":[{"count":3,"href":"https:\/\/gazdasagportal.hu\/index.php\/wp-json\/wp\/v2\/posts\/13676\/revisions"}],"predecessor-version":[{"id":13678,"href":"https:\/\/gazdasagportal.hu\/index.php\/wp-json\/wp\/v2\/posts\/13676\/revisions\/13678"}],"wp:attachment":[{"href":"https:\/\/gazdasagportal.hu\/index.php\/wp-json\/wp\/v2\/media?parent=13676"}],"wp:term":[{"taxonomy":"category","embeddable":true,"href":"https:\/\/gazdasagportal.hu\/index.php\/wp-json\/wp\/v2\/categories?post=13676"},{"taxonomy":"post_tag","embeddable":true,"href":"https:\/\/gazdasagportal.hu\/index.php\/wp-json\/wp\/v2\/tags?post=13676"}],"curies":[{"name":"wp","href":"https:\/\/api.w.org\/{rel}","templated":true}]}}