{"id":13670,"date":"2013-08-12T12:36:17","date_gmt":"2013-08-12T10:36:17","guid":{"rendered":"http:\/\/stockportal.hu\/?p=13670"},"modified":"2013-08-12T12:36:22","modified_gmt":"2013-08-12T10:36:22","slug":"imf-hitel-a-fidesz-szerint-a-magyar-emberek-kozos-erofeszitesenek-az-eredmenye-az-imf-hitel-visszafizetese","status":"publish","type":"post","link":"https:\/\/gazdasagportal.hu\/index.php\/imf-hitel-a-fidesz-szerint-a-magyar-emberek-kozos-erofeszitesenek-az-eredmenye-az-imf-hitel-visszafizetese\/","title":{"rendered":"IMF-hitel &#8211; A Fidesz szerint a magyar emberek k\u00f6z\u00f6s er\u0151feszit\u00e9s\u00e9nek az eredm\u00e9nye az IMF-hitel visszafizet\u00e9se"},"content":{"rendered":"<p><span style=\"color: #000000\"><strong>A Fidesz szerint a &#8222;bukott baloldal&#8221; alkalmatlans\u00e1ga miatt kellett Magyarorsz\u00e1gnak felvennie az IMF-hitelt, a visszafizet\u00e9s azonban m\u00e1r a magyar emberek \u00e9s az \u00faj korm\u00e1ny teljes\u00edtm\u00e9ny\u00e9t dics\u00e9ri.<!--more--><\/strong><\/span><\/p>\n<p>Ezt Zsig\u00f3 R\u00f3bert, a korm\u00e1nyp\u00e1rt sz\u00f3viv\u0151je mondta h\u00e9tf\u0151n, Budapesten tartott sajt\u00f3t\u00e1j\u00e9koztat\u00f3j\u00e1n arra reag\u00e1lva, hogy az \u00c1llamad\u00f3ss\u00e1g Kezel\u0151 K\u00f6zpont (\u00c1KK) h\u00e9tf\u0151n \u00e1tutalta az IMF-hitel m\u00e9g fennmaradt r\u00e9sz\u00e9t. A 2,15 milli\u00e1rd eur\u00f3 (1,9 milli\u00e1rd SDR) \u00e9rt\u00e9k\u0171 tartoz\u00e1st 3 devizanemben &#8211; doll\u00e1rban, eur\u00f3ban \u00e9s angol fontban &#8211; fizette ki a magyar \u00e1llam.<br \/>\nA politikus \u00fagy fogalmazott, minden magyar ember b\u00fcszke lehet arra, hogy a korm\u00e1ny h\u00e9tf\u0151n a legutols\u00f3 fill\u00e9rig visszafizette a Gyurcs\u00e1ny-Bajnai-korm\u00e1nyok \u00e1ltal felvett hitelt.<br \/>\nSzerinte mindez annak bizony\u00edt\u00e9ka, hogy Magyarorsz\u00e1g k\u00e9pes saj\u00e1t er\u0151b\u0151l, k\u00fcls\u0151 seg\u00edts\u00e9g n\u00e9lk\u00fcl is meg\u00e1llni a hely\u00e9t, m\u00edg m\u00e1s orsz\u00e1gok tov\u00e1bbra sem boldogulnak \u00e9s k\u00e9nytelenek az IMF-hez fordulni, amivel m\u00e9g kiszolg\u00e1ltatottabb\u00e1 v\u00e1lnak.<br \/>\nKiemelte, h\u00e1rom \u00e9ve m\u00e9g G\u00f6r\u00f6gorsz\u00e1ggal egy lapon eml\u00edtett\u00e9k Magyarorsz\u00e1got, ami nem is volt csoda, hiszen a &#8222;bukott baloldal sz\u00e9ls\u0151s\u00e9ges \u00e9s vesz\u00e9lyes&#8221; gazdas\u00e1gpolitik\u00e1ja egyet jelentett a j\u00f6v\u0151 fel\u00e9l\u00e9s\u00e9vel.<br \/>\nMik\u00f6zben a Gyurcs\u00e1ny-Bajnai-korm\u00e1nyok\u00a0\u00a0megszor\u00edt\u00e1sokkal teli politik\u00e1j\u00e1t v\u00e1laszt\u00f3 G\u00f6r\u00f6gorsz\u00e1g \u00fajabbn\u00e1l \u00fajabb ment\u0151\u00f6vekre szorult, addig a 2010-ben alakult \u00faj magyar korm\u00e1ny gazdas\u00e1gpolitik\u00e1j\u00e1val talpra \u00e1ll\u00edtotta az orsz\u00e1got, amely egyre t\u00f6bb ter\u00fcleten teljes\u00edt jobban &#8211; mondta Zsig\u00f3 R\u00f3bert.<br \/>\nA fideszes k\u00e9pvisel\u0151 sz\u00f3lt arr\u00f3l is, hogy a baloldal b\u00e1r erk\u00f6lcsileg csak 2010-ben bukott meg, az &#8222;IMF-hitel n\u00e9lk\u00fcl azonban m\u00e1r 2008-ban els\u00f6p\u00f6rte volna \u0151ket az igazs\u00e1g&#8221; \u00e9s kider\u00fclt volna, alkalmatlanok a korm\u00e1nyz\u00e1sra. Zsig\u00f3 R\u00f3bert szerint ugyanis a Gyurcs\u00e1ny-Bajnai-korm\u00e1nyok hitel n\u00e9lk\u00fcl k\u00e9ptelenek lettek volna fizetni a nyugd\u00edjakat, a k\u00f6zszf\u00e9r\u00e1ban dolgoz\u00f3k b\u00e9r\u00e9t \u00e9s a szoci\u00e1lis ell\u00e1t\u00e1sokat.<br \/>\nAz IMF-hitelhez teh\u00e1t a &#8222;bukott baloldal&#8221; sz\u00e9ls\u0151s\u00e9ges politik\u00e1ja vezetett, mivel &#8222;saj\u00e1t zseb\u00fck\u00f6n k\u00edv\u00fcl legfeljebb a multik \u00e9s a bankok zseb\u00e9t t\u00f6mt\u00e9k, a magyar csal\u00e1dok\u00e9t soha, a k\u00f6zp\u00e9nzeket elherd\u00e1lt\u00e1k, ellopt\u00e1k, alkalmatlans\u00e1gukat pedig hitelekkel leplezt\u00e9k&#8221; &#8211; fejtette ki \u00e1ll\u00e1spontj\u00e1t a korm\u00e1nyp\u00e1rt sz\u00f3viv\u0151je.<br \/>\nHangs\u00falyozta tov\u00e1bb\u00e1, hogy a &#8222;bukott baloldal&#8221; mosta kez\u00e9t \u00e9s &#8222;egy fill\u00e9rt sem fizetett meg&#8221; az IMF-hitelb\u0151l, az ugyanis a magyar embereket \u00e9s a 2010-ben hivatalba l\u00e9pett korm\u00e1nyt terhelte. A baloldal miatt kellett visszafizetni az IMF-hitelt, de a korm\u00e1ny nem \u00e9rt\u00fck, hanem a magyar csal\u00e1dok\u00e9rt, fiatalok\u00e9rt, id\u0151sek\u00e9rt \u00e9s v\u00e1llalkoz\u00e1sok\u00e9rt tette ezt &#8211; h\u00fazta al\u00e1 Zsig\u00f3 R\u00f3bert.(MTI)<\/p>\n","protected":false},"excerpt":{"rendered":"<p>A Fidesz szerint a &#8222;bukott baloldal&#8221; alkalmatlans\u00e1ga miatt kellett Magyarorsz\u00e1gnak felvennie az IMF-hitelt, a visszafizet\u00e9s azonban m\u00e1r a magyar emberek \u00e9s az \u00faj korm\u00e1ny teljes\u00edtm\u00e9ny\u00e9t dics\u00e9ri.<\/p>\n","protected":false},"author":1,"featured_media":0,"comment_status":"open","ping_status":"closed","sticky":false,"template":"","format":"standard","meta":[],"categories":[19],"tags":[],"_links":{"self":[{"href":"https:\/\/gazdasagportal.hu\/index.php\/wp-json\/wp\/v2\/posts\/13670"}],"collection":[{"href":"https:\/\/gazdasagportal.hu\/index.php\/wp-json\/wp\/v2\/posts"}],"about":[{"href":"https:\/\/gazdasagportal.hu\/index.php\/wp-json\/wp\/v2\/types\/post"}],"author":[{"embeddable":true,"href":"https:\/\/gazdasagportal.hu\/index.php\/wp-json\/wp\/v2\/users\/1"}],"replies":[{"embeddable":true,"href":"https:\/\/gazdasagportal.hu\/index.php\/wp-json\/wp\/v2\/comments?post=13670"}],"version-history":[{"count":3,"href":"https:\/\/gazdasagportal.hu\/index.php\/wp-json\/wp\/v2\/posts\/13670\/revisions"}],"predecessor-version":[{"id":13672,"href":"https:\/\/gazdasagportal.hu\/index.php\/wp-json\/wp\/v2\/posts\/13670\/revisions\/13672"}],"wp:attachment":[{"href":"https:\/\/gazdasagportal.hu\/index.php\/wp-json\/wp\/v2\/media?parent=13670"}],"wp:term":[{"taxonomy":"category","embeddable":true,"href":"https:\/\/gazdasagportal.hu\/index.php\/wp-json\/wp\/v2\/categories?post=13670"},{"taxonomy":"post_tag","embeddable":true,"href":"https:\/\/gazdasagportal.hu\/index.php\/wp-json\/wp\/v2\/tags?post=13670"}],"curies":[{"name":"wp","href":"https:\/\/api.w.org\/{rel}","templated":true}]}}