{"id":136659,"date":"2021-07-02T15:27:31","date_gmt":"2021-07-02T13:27:31","guid":{"rendered":"https:\/\/gazdasagportal.hu\/?p=136659"},"modified":"2021-07-02T15:27:31","modified_gmt":"2021-07-02T13:27:31","slug":"nott-juniusban-a-munkanelkulisegi-rata-az-egyesult-allamokban","status":"publish","type":"post","link":"https:\/\/gazdasagportal.hu\/index.php\/nott-juniusban-a-munkanelkulisegi-rata-az-egyesult-allamokban\/","title":{"rendered":"N\u0151tt j\u00faniusban a munkan\u00e9lk\u00fclis\u00e9gi r\u00e1ta az Egyes\u00fclt \u00c1llamokban"},"content":{"rendered":"<p><strong>J\u00faniusban az elemz\u0151k \u00e1ltal v\u00e1rt cs\u00f6kken\u00e9s helyett n\u0151tt a munkan\u00e9lk\u00fclis\u00e9gi r\u00e1ta a m\u00e1jusi 14 havi m\u00e9lyponthoz k\u00e9pest az Egyes\u00fclt \u00c1llamokban, mik\u00f6zben a foglalkoztatottak sz\u00e1ma is emelkedett a washingtoni munka\u00fcgyi miniszt\u00e9rium statisztikai int\u00e9zete, a Bureau of Labor Statistics p\u00e9nteki jelent\u00e9se alapj\u00e1n.<\/strong><!--more--><\/p>\n<div class=\"ads-in-post1\"><div id=\"gazdasagportal.hu_fullbanner_wideboard\"><\/div>\r\n<\/div>\n<p>J\u00faniusban 5,9 sz\u00e1zal\u00e9kra emelkedett a munkan\u00e9lk\u00fclis\u00e9gi r\u00e1ta a 14 havi m\u00e9lypontnak sz\u00e1m\u00edt\u00f3 m\u00e1jusi 5,8 sz\u00e1zal\u00e9kr\u00f3l, ami azonban m\u00e9g messze meghaladta a koronav\u00edrus-v\u00e1ls\u00e1g el\u0151tti szintet. Elemz\u0151k 5,7 sz\u00e1zal\u00e9kos munkan\u00e9lk\u00fclis\u00e9gi r\u00e1t\u00e1t v\u00e1rtak j\u00faniusra.<br \/>\nA v\u00e1ls\u00e1g miatt a legmagasabb munkan\u00e9lk\u00fclis\u00e9gi r\u00e1ta tavaly \u00e1prilisban alakult ki az Egyes\u00fclt \u00c1llamokban, 14,7 sz\u00e1zal\u00e9kos. A v\u00e1ls\u00e1g \u00e1ltal m\u00e9g nem \u00e9rintett utols\u00f3 h\u00f3napban, febru\u00e1rban 3,5 sz\u00e1zal\u00e9kos volt a munkan\u00e9lk\u00fclis\u00e9gi r\u00e1ta. A v\u00e1ls\u00e1g hat\u00e1sa m\u00e1r m\u00e1rciusban kezdte \u00e9reztetni hat\u00e1s\u00e1t, amikor 4,4 sz\u00e1zal\u00e9kra ment fel a munkan\u00e9lk\u00fcliek ar\u00e1nya. A tavaly \u00e1prilisi cs\u00facs ut\u00e1n fokozatosan cs\u00f6kkent a r\u00e1ta, m\u00e1jusban m\u00e1r 11,1 sz\u00e1zal\u00e9kos volt.<br \/>\nA munkan\u00e9lk\u00fclis\u00e9gi r\u00e1ta emelkedett ugyan j\u00faniusban az el\u0151z\u0151 havihoz k\u00e9pest, a nem mez\u0151gazdas\u00e1gi \u00e1gazatokban azonban a v\u00e1r 700 ezern\u00e9l t\u00f6bb, 850 ezer \u00faj alkalmazott \u00e1llt munk\u00e1ba a m\u00e1jusi 583 ezer ut\u00e1n. A foglalkoztatottak sz\u00e1m\u00e1nak j\u00faniusi n\u00f6veked\u00e9se 10 h\u00f3napja a legnagyobb volt. A n\u00f6veked\u00e9s t\u00falnyom\u00f3 r\u00e9sze a szolg\u00e1ltat\u00f3ipari \u00e1gaztoknak volt k\u00f6sz\u00f6nhet\u0151.<br \/>\n<div class=\"ads-in-post2\"><script async src=\"https:\/\/pagead2.googlesyndication.com\/pagead\/js\/adsbygoogle.js\"><\/script>\r\n<ins class=\"adsbygoogle\"\r\n     style=\"display:block\"\r\n     data-ad-format=\"fluid\"\r\n     data-ad-layout-key=\"-6t+ed+2i-1n-4w\"\r\n     data-ad-client=\"ca-pub-1959107119989764\"\r\n     data-ad-slot=\"4008251320\"><\/ins>\r\n<script>\r\n     (adsbygoogle = window.adsbygoogle || []).push({});\r\n<\/script><\/div>\nA foglalkoztatottak sz\u00e1m\u00e1nak n\u00f6veked\u00e9s\u00e9vel egy\u00fctt is 6,8 milli\u00f3val vannak m\u00e9g kevesebben \u00e1ll\u00e1sban mint a v\u00e1ls\u00e1g el\u0151tt voltak. A meghirdetett \u00e1ll\u00e1sok sz\u00e1ma \u00e1prilisban 9,3 milli\u00f3ra emelkedett, az adatgy\u0171jt\u00e9s 20 \u00e9ves t\u00f6rt\u00e9net\u00e9ben a legmagasabbra. A munkan\u00e9lk\u00fcliek sz\u00e1ma a m\u00e1jusihoz k\u00e9pest 168 ezerrel 9,48 milli\u00f3ra emelkedett j\u00faniusban. A v\u00e1ls\u00e1g hat\u00e1sainak enyh\u00edt\u00e9s\u00e9re bevezetett extra munkan\u00e9lk\u00fclis\u00e9gi t\u00e1mogat\u00e1s, havi 300 doll\u00e1r, a jelek szerint sokakat t\u00e1vol tart a munkaer\u0151piacr\u00f3l.<br \/>\n<a title=\"Hely megnyit\u00e1sa\" href=\"https:\/\/www.bls.gov\/news.release\/empsit.nr0.htm\" target=\"_blank\" rel=\"noopener\">https:\/\/www.bls.gov\/news.release\/empsit.nr0.htm<\/a><\/p>\n<p>(MTI)<\/p><div id=\"gazda-832867595\" class=\"gazda-tartalomban gazda-entity-placement\"><script async src=\"https:\/\/pagead2.googlesyndication.com\/pagead\/js\/adsbygoogle.js\"><\/script>\r\n<ins class=\"adsbygoogle\"\r\n     style=\"display:block\"\r\n     data-ad-format=\"fluid\"\r\n     data-ad-layout-key=\"-6t+ed+2i-1n-4w\"\r\n     data-ad-client=\"ca-pub-1959107119989764\"\r\n     data-ad-slot=\"4008251320\"><\/ins>\r\n<script>\r\n     (adsbygoogle = window.adsbygoogle || []).push({});\r\n<\/script><\/div>\n","protected":false},"excerpt":{"rendered":"<p>J\u00faniusban az elemz\u0151k \u00e1ltal v\u00e1rt cs\u00f6kken\u00e9s helyett n\u0151tt a munkan\u00e9lk\u00fclis\u00e9gi r\u00e1ta a m\u00e1jusi 14 havi m\u00e9lyponthoz k\u00e9pest az Egyes\u00fclt \u00c1llamokban, mik\u00f6zben a foglalkoztatottak sz\u00e1ma is emelkedett a washingtoni munka\u00fcgyi miniszt\u00e9rium statisztikai int\u00e9zete, a Bureau of Labor Statistics p\u00e9nteki jelent\u00e9se alapj\u00e1n.<\/p>\n","protected":false},"author":1,"featured_media":0,"comment_status":"open","ping_status":"open","sticky":false,"template":"","format":"standard","meta":[],"categories":[19,246],"tags":[],"_links":{"self":[{"href":"https:\/\/gazdasagportal.hu\/index.php\/wp-json\/wp\/v2\/posts\/136659"}],"collection":[{"href":"https:\/\/gazdasagportal.hu\/index.php\/wp-json\/wp\/v2\/posts"}],"about":[{"href":"https:\/\/gazdasagportal.hu\/index.php\/wp-json\/wp\/v2\/types\/post"}],"author":[{"embeddable":true,"href":"https:\/\/gazdasagportal.hu\/index.php\/wp-json\/wp\/v2\/users\/1"}],"replies":[{"embeddable":true,"href":"https:\/\/gazdasagportal.hu\/index.php\/wp-json\/wp\/v2\/comments?post=136659"}],"version-history":[{"count":1,"href":"https:\/\/gazdasagportal.hu\/index.php\/wp-json\/wp\/v2\/posts\/136659\/revisions"}],"predecessor-version":[{"id":136660,"href":"https:\/\/gazdasagportal.hu\/index.php\/wp-json\/wp\/v2\/posts\/136659\/revisions\/136660"}],"wp:attachment":[{"href":"https:\/\/gazdasagportal.hu\/index.php\/wp-json\/wp\/v2\/media?parent=136659"}],"wp:term":[{"taxonomy":"category","embeddable":true,"href":"https:\/\/gazdasagportal.hu\/index.php\/wp-json\/wp\/v2\/categories?post=136659"},{"taxonomy":"post_tag","embeddable":true,"href":"https:\/\/gazdasagportal.hu\/index.php\/wp-json\/wp\/v2\/tags?post=136659"}],"curies":[{"name":"wp","href":"https:\/\/api.w.org\/{rel}","templated":true}]}}