{"id":136638,"date":"2021-07-01T12:52:05","date_gmt":"2021-07-01T10:52:05","guid":{"rendered":"https:\/\/gazdasagportal.hu\/?p=136638"},"modified":"2021-07-01T12:52:05","modified_gmt":"2021-07-01T10:52:05","slug":"35-szazalek-fole-novelte-autowallis-reszesedeset-a-generali-alapkezelo","status":"publish","type":"post","link":"https:\/\/gazdasagportal.hu\/index.php\/35-szazalek-fole-novelte-autowallis-reszesedeset-a-generali-alapkezelo\/","title":{"rendered":"3,5 sz\u00e1zal\u00e9k f\u00f6l\u00e9 n\u00f6velte AutoWallis r\u00e9szesed\u00e9s\u00e9t a Generali Alapkezel\u0151"},"content":{"rendered":"<p><strong>Tov\u00e1bb n\u00f6velte r\u00e9szesed\u00e9s\u00e9t a Generali Alapkezel\u0151 az AutoWallis-ban a rekordmagas els\u0151 negyed\u00e9ves eredm\u00e9nyt k\u00f6vet\u0151en, miut\u00e1n \u00e9rt\u00e9kel\u00e9s\u00fck szerint a t\u0151zsde aut\u00f3s v\u00e1llalata gyorsabban halad kor\u00e1bban meghirdetett strat\u00e9gi\u00e1j\u00e1nak megval\u00f3s\u00edt\u00e1s\u00e1ban. Az Alapkezel\u0151 az AutoWallis k\u00f6zel 8 milli\u00f3 darab saj\u00e1t r\u00e9szv\u00e9ny\u00e9nek megszerz\u00e9s\u00e9vel imm\u00e1r 3,5 sz\u00e1zal\u00e9k feletti tulajdonr\u00e9sszel rendelkezik.<\/strong><!--more--><\/p>\n<div class=\"ads-in-post1\"><div id=\"gazdasagportal.hu_fullbanner_wideboard\"><\/div>\r\n<\/div>\n<p><strong>\u00a0<\/strong>Az AutoWallis Nyrt. t\u0151zsdei fix \u00fczletk\u00f6t\u00e9s keret\u00e9ben \u00e9rt\u00e9kes\u00edtette saj\u00e1t r\u00e9szv\u00e9nyeit, \u00edgy a Budapesti \u00c9rt\u00e9kt\u0151zsde Pr\u00e9mium kateg\u00f3ri\u00e1j\u00e1ban jegyzett t\u00e1rsas\u00e1g saj\u00e1tr\u00e9szv\u00e9ny-\u00e1llom\u00e1nya null\u00e1ra cs\u00f6kkent. A tranzakci\u00f3 93 forintos \u00e1rfolyamon t\u00f6rt\u00e9nt, mely 12 sz\u00e1zal\u00e9kkal magasabb a tavaly decemberi t\u0151keemel\u00e9s 83 forintos szintj\u00e9n\u00e9l, melynek sor\u00e1n az Alapkezel\u0151 m\u00e1sik k\u00e9t int\u00e9zm\u00e9nyi befektet\u0151 mellett m\u00e1r v\u00e1s\u00e1rolt AutoWallis r\u00e9szv\u00e9nyeket. <strong>Sz\u00e9kely G\u00e1bor, az AutoWallis befektet\u00e9si igazgat\u00f3ja a tranzakci\u00f3val kapcsolatban elmondta, hogy az t\u00f6bb szempontb\u00f3l t\u00e1mogatja a v\u00e1llalat meghirdetett strat\u00e9gi\u00e1j\u00e1t: <\/strong>egyr\u00e9szt n\u00f6veli a r\u00e9szv\u00e9nyek k\u00f6zk\u00e9zh\u00e1nyad\u00e1t, m\u00e1sr\u00e9szt a befoly\u00f3 \u00f6sszeget a t\u00e1rsas\u00e1g kor\u00e1bban meghirdetett strat\u00e9giai c\u00e9ljainak finansz\u00edroz\u00e1s\u00e1ra haszn\u00e1lja fel. A tranzakci\u00f3 emellett a v\u00e1llalat saj\u00e1t t\u0151ke \u00e9rt\u00e9k\u00e9t emeli, \u00edgy az AutoWallis \u00fajabb, a tervek szerint a N\u00f6veked\u00e9si K\u00f6tv\u00e9nyprogram keretein bel\u00fcl v\u00e9grehajtand\u00f3 k\u00f6tv\u00e9nykibocs\u00e1t\u00e1si lehet\u0151s\u00e9geit er\u0151s\u00edti. <strong>Pallag R\u00f3bert, <\/strong><strong>a Generali Alapkezel\u0151 Zrt. befektet\u00e9sek\u00e9rt felel\u0151s vezet\u0151je az Alapkezel\u0151 r\u00e9szesed\u00e9s\u00e9nek n\u00f6vel\u00e9se kapcs\u00e1n elmondta,<\/strong> hogy b\u00edznak az AutoWallis Csoport tov\u00e1bbi jelent\u0151s \u00e9rt\u00e9kteremt\u00e9s\u00e9ben, mivel a kor\u00e1bban meghirdetett strat\u00e9gia megval\u00f3s\u00edt\u00e1sa az eredetileg meghirdetettn\u00e9l gyorsabban halad, amit m\u00e1r a t\u00e1rsas\u00e1g idei els\u0151 negyed\u00e9ves rekordmagas eredm\u00e9nye is bizony\u00edt, \u00edgy r\u00e9szesed\u00e9s\u00fckre hossz\u00fa t\u00e1v\u00fa befektet\u00e9sk\u00e9nt tekintenek.<\/p>\n<div class=\"ads-in-post2\"><script async src=\"https:\/\/pagead2.googlesyndication.com\/pagead\/js\/adsbygoogle.js\"><\/script>\r\n<ins class=\"adsbygoogle\"\r\n     style=\"display:block\"\r\n     data-ad-format=\"fluid\"\r\n     data-ad-layout-key=\"-6t+ed+2i-1n-4w\"\r\n     data-ad-client=\"ca-pub-1959107119989764\"\r\n     data-ad-slot=\"4008251320\"><\/ins>\r\n<script>\r\n     (adsbygoogle = window.adsbygoogle || []).push({});\r\n<\/script><\/div>\n<strong>\u00a0<\/strong><\/p>\n<p><strong>AutoWallis Csoport<\/strong><\/p><div id=\"gazda-1234908233\" class=\"gazda-tartalomban gazda-entity-placement\"><script async src=\"https:\/\/pagead2.googlesyndication.com\/pagead\/js\/adsbygoogle.js\"><\/script>\r\n<ins class=\"adsbygoogle\"\r\n     style=\"display:block\"\r\n     data-ad-format=\"fluid\"\r\n     data-ad-layout-key=\"-6t+ed+2i-1n-4w\"\r\n     data-ad-client=\"ca-pub-1959107119989764\"\r\n     data-ad-slot=\"4008251320\"><\/ins>\r\n<script>\r\n     (adsbygoogle = window.adsbygoogle || []).push({});\r\n<\/script><\/div>\n<p>A Budapesti \u00c9rt\u00e9kt\u0151zsde Pr\u00e9mium kateg\u00f3ri\u00e1j\u00e1ban, valamint a BUX \u00e9s BUMIX indexekben jegyzett AutoWallis Nyrt. c\u00e9lja, hogy az \u00e9vtized v\u00e9g\u00e9re a k\u00f6z\u00e9p-kelet-eur\u00f3pai r\u00e9gi\u00f3 meghat\u00e1roz\u00f3 aut\u00f3kereskedelmi \u00e9s mobilit\u00e1si szolg\u00e1ltat\u00f3ja legyen. A v\u00e1llalat c\u00e9lja, hogy az aut\u00f3ipari befektet\u00e9sekre f\u00f3kusz\u00e1l\u00f3 befektet\u00e9si portf\u00f3li\u00f3j\u00e1nak folyamatos, akviz\u00edci\u00f3s \u00faton t\u00f6rt\u00e9n\u0151 sz\u00e9les\u00edt\u00e9s\u00e9vel klasszikus, konzervat\u00edv \u00fczletpolitik\u00e1t k\u00e9pvisel\u0151 vagyonkezel\u0151k\u00e9nt m\u0171k\u00f6dj\u00f6n. Az AutoWallis Csoport a k\u00f6z\u00e9p-kelet-eur\u00f3pai r\u00e9gi\u00f3 14 orsz\u00e1g\u00e1ban (Alb\u00e1nia, Bosznia-Hercegovina, Csehorsz\u00e1g, Bulg\u00e1ria, Horv\u00e1torsz\u00e1g, Koszov\u00f3, Lengyelorsz\u00e1g, Rom\u00e1nia, Szerbia, Szlov\u00e1kia, Szlov\u00e9nia, \u00c9szak-Maced\u00f3nia, Magyarorsz\u00e1g, Montenegr\u00f3) g\u00e9pj\u00e1rm\u0171- \u00e9s alkatr\u00e9sz kis- \u00e9s nagykereskedelemmel, szerviz szolg\u00e1ltat\u00e1sokkal, r\u00f6vid- \u00e9s hossz\u00fa t\u00e1v\u00fa g\u00e9pj\u00e1rm\u0171-k\u00f6lcs\u00f6nz\u00e9ssel van jelen. A csoport \u00e1ltal k\u00e9pviselt m\u00e1rk\u00e1k k\u00f6z\u00e9 tartoznak a BMW szem\u00e9lyaut\u00f3k \u00e9s motorker\u00e9kp\u00e1rok, a Citro\u00ebn, a Dacia, az Isuzu, a Jaguar, a Land Rover, a Maserati, a MINI, a Nissan, az Opel, a Peugeot, a Renault, a SsangYong, a Suzuki, a Toyota, a Saab alkatr\u00e9szek ut\u00e1np\u00f3tl\u00e1sa \u00e9s a Sixt rent-a-car. Az AutoWallis a Budapesti \u00c9rt\u00e9kt\u0151zsde Legek 2020 D\u00edj\u00e1tad\u00f3n elnyerte \u201eAz \u00e9v alapt\u0151ke-emel\u00e9se\u201d d\u00edjat. www.autowallis.hu www.facebook.com\/AutoWallis<\/p>\n","protected":false},"excerpt":{"rendered":"<p>Tov\u00e1bb n\u00f6velte r\u00e9szesed\u00e9s\u00e9t a Generali Alapkezel\u0151 az AutoWallis-ban a rekordmagas els\u0151 negyed\u00e9ves eredm\u00e9nyt k\u00f6vet\u0151en, miut\u00e1n \u00e9rt\u00e9kel\u00e9s\u00fck szerint a t\u0151zsde aut\u00f3s v\u00e1llalata gyorsabban halad kor\u00e1bban meghirdetett strat\u00e9gi\u00e1j\u00e1nak megval\u00f3s\u00edt\u00e1s\u00e1ban. Az Alapkezel\u0151 az AutoWallis k\u00f6zel 8 milli\u00f3 darab saj\u00e1t r\u00e9szv\u00e9ny\u00e9nek megszerz\u00e9s\u00e9vel imm\u00e1r 3,5 sz\u00e1zal\u00e9k feletti tulajdonr\u00e9sszel rendelkezik.<\/p>\n","protected":false},"author":1001005,"featured_media":0,"comment_status":"open","ping_status":"open","sticky":false,"template":"","format":"standard","meta":[],"categories":[7],"tags":[],"_links":{"self":[{"href":"https:\/\/gazdasagportal.hu\/index.php\/wp-json\/wp\/v2\/posts\/136638"}],"collection":[{"href":"https:\/\/gazdasagportal.hu\/index.php\/wp-json\/wp\/v2\/posts"}],"about":[{"href":"https:\/\/gazdasagportal.hu\/index.php\/wp-json\/wp\/v2\/types\/post"}],"author":[{"embeddable":true,"href":"https:\/\/gazdasagportal.hu\/index.php\/wp-json\/wp\/v2\/users\/1001005"}],"replies":[{"embeddable":true,"href":"https:\/\/gazdasagportal.hu\/index.php\/wp-json\/wp\/v2\/comments?post=136638"}],"version-history":[{"count":1,"href":"https:\/\/gazdasagportal.hu\/index.php\/wp-json\/wp\/v2\/posts\/136638\/revisions"}],"predecessor-version":[{"id":136639,"href":"https:\/\/gazdasagportal.hu\/index.php\/wp-json\/wp\/v2\/posts\/136638\/revisions\/136639"}],"wp:attachment":[{"href":"https:\/\/gazdasagportal.hu\/index.php\/wp-json\/wp\/v2\/media?parent=136638"}],"wp:term":[{"taxonomy":"category","embeddable":true,"href":"https:\/\/gazdasagportal.hu\/index.php\/wp-json\/wp\/v2\/categories?post=136638"},{"taxonomy":"post_tag","embeddable":true,"href":"https:\/\/gazdasagportal.hu\/index.php\/wp-json\/wp\/v2\/tags?post=136638"}],"curies":[{"name":"wp","href":"https:\/\/api.w.org\/{rel}","templated":true}]}}