{"id":136586,"date":"2021-06-30T06:34:04","date_gmt":"2021-06-30T04:34:04","guid":{"rendered":"https:\/\/gazdasagportal.hu\/?p=136586"},"modified":"2021-06-30T00:10:10","modified_gmt":"2021-06-29T22:10:10","slug":"jelentosen-emelkedett-a-horvatorszagba-utazo-magyarok-szama","status":"publish","type":"post","link":"https:\/\/gazdasagportal.hu\/index.php\/jelentosen-emelkedett-a-horvatorszagba-utazo-magyarok-szama\/","title":{"rendered":"Jelent\u0151sen emelkedett a Horv\u00e1torsz\u00e1gba utaz\u00f3 magyarok sz\u00e1ma"},"content":{"rendered":"<p><strong>Az elm\u00falt \u00e9vhez k\u00e9pest csaknem k\u00e9tszeres\u00e9re n\u0151tt id\u00e9n j\u00fanius v\u00e9g\u00e9ig a Horv\u00e1torsz\u00e1gba utaz\u00f3 magyarok sz\u00e1ma &#8211; mondta el keddi budapesti sajt\u00f3t\u00e1j\u00e9koztat\u00f3j\u00e1n a Horv\u00e1t Idegenforgalmi K\u00f6z\u00f6ss\u00e9g magyarorsz\u00e1gi igazgat\u00f3ja.<\/strong><!--more--><\/p>\n<div class=\"ads-in-post2\"><script async src=\"https:\/\/pagead2.googlesyndication.com\/pagead\/js\/adsbygoogle.js\"><\/script>\r\n<ins class=\"adsbygoogle\"\r\n     style=\"display:block\"\r\n     data-ad-format=\"fluid\"\r\n     data-ad-layout-key=\"-6t+ed+2i-1n-4w\"\r\n     data-ad-client=\"ca-pub-1959107119989764\"\r\n     data-ad-slot=\"4008251320\"><\/ins>\r\n<script>\r\n     (adsbygoogle = window.adsbygoogle || []).push({});\r\n<\/script><\/div>\n<p>    Ivana Herceg kifejtette: a janu\u00e1r 1-j\u00e9t\u0151l j\u00fanius 28-ig tart\u00f3 id\u0151szakban a 2020-as hasonl\u00f3 id\u0151szakhoz k\u00e9pest 90 sz\u00e1zal\u00e9kkal, 54 ezerre n\u00f6vekedett az adriai \u00e1llamba utaz\u00f3 magyarok sz\u00e1ma. A vend\u00e9g\u00e9jszak\u00e1k sz\u00e1ma ugyanakkor 105 sz\u00e1zal\u00e9kkal, 230 ezer \u00e9jszak\u00e1ra emelkedett ebben a csaknem 6 h\u00f3napban.<br \/>\n    A magyarok \u00e1ltal ebben az id\u0151szakban a legl\u00e1togatottabb telep\u00fcl\u00e9sek k\u00f6z\u00e9 tartozott Rovinj, Vir, Crikvenica, Opatija \u00e9s Porec &#8211; jelezte a horv\u00e1t idegenforgalmi szakember.<br \/>\n    A t\u00e1j\u00e9koztat\u00f3n &#8211; amelyen r\u00e9szt vett Mladen Andrlic, Horv\u00e1torsz\u00e1g magyarorsz\u00e1gi nagyk\u00f6vete is &#8211; a turisztikai szakember kifejtette: a jelenlegi szab\u00e1lyok szerint a magyar \u00e1llampolg\u00e1rok k\u00f6z\u00faton vagy vas\u00faton minden korl\u00e1toz\u00e1s n\u00e9lk\u00fcl utazhatnak Horv\u00e1torsz\u00e1gba \u00e9s a hazautaz\u00e1shoz sincs sz\u00fcks\u00e9g v\u00e9detts\u00e9gi igazolv\u00e1nyra. A rep\u00fcl\u0151g\u00e9ppel utaz\u00f3k azonban kiv\u00e9telnek sz\u00e1m\u00edtanak, az \u0151 utaz\u00e1sukhoz v\u00e9detts\u00e9gi igazolv\u00e1ny, PCR-teszt vagy karant\u00e9nk\u00f6telezetts\u00e9g t\u00e1rsul.<br \/>\n<div class=\"ads-in-post2\"><script async src=\"https:\/\/pagead2.googlesyndication.com\/pagead\/js\/adsbygoogle.js\"><\/script>\r\n<ins class=\"adsbygoogle\"\r\n     style=\"display:block\"\r\n     data-ad-format=\"fluid\"\r\n     data-ad-layout-key=\"-6t+ed+2i-1n-4w\"\r\n     data-ad-client=\"ca-pub-1959107119989764\"\r\n     data-ad-slot=\"4008251320\"><\/ins>\r\n<script>\r\n     (adsbygoogle = window.adsbygoogle || []).push({});\r\n<\/script><\/div>\n    A horv\u00e1torsz\u00e1gi tart\u00f3zkod\u00e1s idej\u00e9n nincs k\u00fcl\u00f6nbs\u00e9g a beoltott \u00e9s a nem beoltott turist\u00e1k k\u00f6z\u00f6tt, \u00edgy z\u00e1rt t\u00e9rben mindenkinek k\u00f6telez\u0151 a maszkvisel\u00e9s. A vend\u00e9gl\u00e1t\u00f3helyek nyitva tartanak ugyan &#8211; kiv\u00e9ve az \u00e9jszakai klubokat -, de egyel\u0151re korl\u00e1toz\u00e1sokkal, reggel 6 \u00f3r\u00e1t\u00f3l \u00e9jf\u00e9lig &#8211; ismertette Ivana Herceg.<br \/>\n    Hozz\u00e1tette: jelenleg m\u00e1r nem k\u00f6telez\u0151, de a hat\u00e1r\u00e1tl\u00e9p\u00e9s meggyors\u00edt\u00e1sa \u00e9rdek\u00e9ben \u00e9rdemes kit\u00f6ltenie az utaz\u00f3knak a magyar nyelven is el\u00e9rhet\u0151 horv\u00e1t regisztr\u00e1ci\u00f3s dokumentumot az entercroatia.mup.hr oldalon.<br \/>\n    Kit\u00e9rt arra is, hogy az idei turisztikai szezonban \u00fajb\u00f3l lehet rep\u00fcl\u0151g\u00e9ppel \u00e9s vonattal is Horv\u00e1torsz\u00e1gba utazni. A Ryanair Budapest \u00e9s Zadar k\u00f6z\u00f6tt j\u00faliust\u00f3l okt\u00f3berig hetente k\u00e9tszer k\u00f6zlekedtet j\u00e1ratokat, Budapest \u00e9s Rijeka, illetve Split k\u00f6z\u00f6tt pedig a cseh RegioJet vonata j\u00e1r j\u00faliusban \u00e9s augusztusban naponta, szeptemberben pedig hetente h\u00e1romszor.<br \/>\n<div class=\"ads-in-post2\"><script async src=\"https:\/\/pagead2.googlesyndication.com\/pagead\/js\/adsbygoogle.js\"><\/script>\r\n<ins class=\"adsbygoogle\"\r\n     style=\"display:block\"\r\n     data-ad-format=\"fluid\"\r\n     data-ad-layout-key=\"-6t+ed+2i-1n-4w\"\r\n     data-ad-client=\"ca-pub-1959107119989764\"\r\n     data-ad-slot=\"4008251320\"><\/ins>\r\n<script>\r\n     (adsbygoogle = window.adsbygoogle || []).push({});\r\n<\/script><\/div>\n    Ivana Herceg besz\u00e9lt arr\u00f3l is, hogy a horv\u00e1t turizmus, \u00e9s ezzel a vend\u00e9gek biztons\u00e1ga \u00e9rdek\u00e9ben sz\u00e1mos int\u00e9zked\u00e9st hoztak az elm\u00falt id\u0151szakban. P\u00e9ldak\u00e9nt eml\u00edtette, hogy \u00e1prilisban kezdt\u00e9k el &#8211; az egyik kiemelt csoportk\u00e9nt &#8211; a turizmusban dolgoz\u00f3k olt\u00e1si kamp\u00e1ny\u00e1t.<br \/>\n    A kor\u00e1bbi k\u00f6zl\u00e9s szerint 2020-ban t\u00f6bb mint 220 ezer magyar vend\u00e9g j\u00e1rt Horv\u00e1torsz\u00e1gban, 65 sz\u00e1zal\u00e9kkal kevesebb, mint a 2019-es rekord\u00e9vben, amikor 644 ezer magyar pihent az adriai \u00e1llamban. Tavaly 1,3 milli\u00f3 \u00e9jszak\u00e1t t\u00f6lt\u00f6ttek magyar vend\u00e9gek az orsz\u00e1gban, ez 60 sz\u00e1zal\u00e9kos cs\u00f6kken\u00e9st jelentett a tavalyel\u0151tti, k\u00f6zel 3,3 milli\u00f3hoz viszony\u00edtva.(MTI)<\/p>\n","protected":false},"excerpt":{"rendered":"<p>Az elm\u00falt \u00e9vhez k\u00e9pest csaknem k\u00e9tszeres\u00e9re n\u0151tt id\u00e9n j\u00fanius v\u00e9g\u00e9ig a Horv\u00e1torsz\u00e1gba utaz\u00f3 magyarok sz\u00e1ma &#8211; mondta el keddi budapesti sajt\u00f3t\u00e1j\u00e9koztat\u00f3j\u00e1n a Horv\u00e1t Idegenforgalmi K\u00f6z\u00f6ss\u00e9g magyarorsz\u00e1gi igazgat\u00f3ja.<\/p>\n","protected":false},"author":1001006,"featured_media":0,"comment_status":"open","ping_status":"open","sticky":false,"template":"","format":"standard","meta":[],"categories":[4],"tags":[],"_links":{"self":[{"href":"https:\/\/gazdasagportal.hu\/index.php\/wp-json\/wp\/v2\/posts\/136586"}],"collection":[{"href":"https:\/\/gazdasagportal.hu\/index.php\/wp-json\/wp\/v2\/posts"}],"about":[{"href":"https:\/\/gazdasagportal.hu\/index.php\/wp-json\/wp\/v2\/types\/post"}],"author":[{"embeddable":true,"href":"https:\/\/gazdasagportal.hu\/index.php\/wp-json\/wp\/v2\/users\/1001006"}],"replies":[{"embeddable":true,"href":"https:\/\/gazdasagportal.hu\/index.php\/wp-json\/wp\/v2\/comments?post=136586"}],"version-history":[{"count":1,"href":"https:\/\/gazdasagportal.hu\/index.php\/wp-json\/wp\/v2\/posts\/136586\/revisions"}],"predecessor-version":[{"id":136587,"href":"https:\/\/gazdasagportal.hu\/index.php\/wp-json\/wp\/v2\/posts\/136586\/revisions\/136587"}],"wp:attachment":[{"href":"https:\/\/gazdasagportal.hu\/index.php\/wp-json\/wp\/v2\/media?parent=136586"}],"wp:term":[{"taxonomy":"category","embeddable":true,"href":"https:\/\/gazdasagportal.hu\/index.php\/wp-json\/wp\/v2\/categories?post=136586"},{"taxonomy":"post_tag","embeddable":true,"href":"https:\/\/gazdasagportal.hu\/index.php\/wp-json\/wp\/v2\/tags?post=136586"}],"curies":[{"name":"wp","href":"https:\/\/api.w.org\/{rel}","templated":true}]}}