{"id":136556,"date":"2021-06-28T17:06:05","date_gmt":"2021-06-28T15:06:05","guid":{"rendered":"https:\/\/gazdasagportal.hu\/?p=136556"},"modified":"2021-06-28T10:07:30","modified_gmt":"2021-06-28T08:07:30","slug":"6-9-honap-alatt-lesz-piackepes-mernok-a-palyakezdokbol-egy-friss-kutatas-szerint","status":"publish","type":"post","link":"https:\/\/gazdasagportal.hu\/index.php\/6-9-honap-alatt-lesz-piackepes-mernok-a-palyakezdokbol-egy-friss-kutatas-szerint\/","title":{"rendered":"6-9 h\u00f3nap alatt lesz piack\u00e9pes m\u00e9rn\u00f6k a p\u00e1lyakezd\u0151kb\u0151l egy friss kutat\u00e1s szerint"},"content":{"rendered":"<p><strong>Ma az egyik legnagyobb kih\u00edv\u00e1s a hazai p\u00e1lyakezd\u0151 m\u00e9rn\u00f6k\u00f6k eset\u00e9ben az, hogy az egyetemeken elsaj\u00e1t\u00edtott elm\u00e9leti tud\u00e1st, hogyan k\u00e9pesek alkalmazni a gyakorlatban. Az ismereteik javar\u00e9szt megvannak arr\u00f3l, hogy mit kellene tenni\u00fck, de a r\u00e1juk v\u00e1r\u00f3 feladatok megold\u00e1s\u00e1hoz sz\u00fcks\u00e9ges k\u00e9pess\u00e9gek, k\u00e9szs\u00e9gek m\u00e9g rendszeresen fejleszt\u00e9sre szorulnak \u2013 der\u00fcl ki az <\/strong><strong>Egy\u00fctt a J\u00f6v\u0151 M\u00e9rn\u00f6kei\u00e9rt Sz\u00f6vets\u00e9g (EJMSZ)<\/strong><strong> \u00e9s a vezet\u0151 eur\u00f3pai munkaer\u0151-k\u00f6zvet\u00edt\u0151 v\u00e1llalat, a <\/strong><strong>Tech People<\/strong><strong> legfrissebb, 2021. m\u00e1jus\u00e1ban k\u00e9sz\u00edtett k\u00f6z\u00f6s kutat\u00e1s\u00e1b\u00f3l, amely Magyarorsz\u00e1g 75 legmeghat\u00e1roz\u00f3bb, sz\u00e1z f\u0151n\u00e9l t\u00f6bb m\u0171szaki szakembert foglalkoztat\u00f3 gy\u00e1rt\u00f3- \u00e9s termel\u0151v\u00e1llalat fels\u0151vezet\u0151inek szem\u00e9lyes megk\u00e9rdez\u00e9s\u00e9n alapul.\u00a0 A felm\u00e9r\u00e9s r\u00e1mutat, hogy a m\u0171szaki fels\u0151oktat\u00e1s hat\u00e9konys\u00e1g\u00e1t, a piacra l\u00e9p\u0151 friss m\u00e9rn\u00f6k\u00f6k munk\u00e1ra val\u00f3 alkalmass\u00e1g\u00e1t jav\u00edtand\u00f3 a c\u00e9geknek \u00e9s az egyetemeknek a jelenlegin\u00e9l j\u00f3val szorosabban kellene egy\u00fcttm\u0171k\u00f6dni\u00fck, mert a fiatalok a legmodernebb technol\u00f3gi\u00e1kat, gy\u00e1rt\u00e1si folyamatokat, illetve a projektmenedzsment szeml\u00e9letet, az eredm\u00e9nyes csapatmunk\u00e1t \u00e9s az egy\u00e9ni d\u00f6nt\u00e9shozatal felel\u0151ss\u00e9g\u00e9t kiz\u00e1r\u00f3lag v\u00e1llalati k\u00f6rnyezetben ismerhetik meg igaz\u00e1n.<\/strong><!--more--><\/p>\n<div class=\"ads-in-post2\"><script async src=\"https:\/\/pagead2.googlesyndication.com\/pagead\/js\/adsbygoogle.js\"><\/script>\r\n<ins class=\"adsbygoogle\"\r\n     style=\"display:block\"\r\n     data-ad-format=\"fluid\"\r\n     data-ad-layout-key=\"-6t+ed+2i-1n-4w\"\r\n     data-ad-client=\"ca-pub-1959107119989764\"\r\n     data-ad-slot=\"4008251320\"><\/ins>\r\n<script>\r\n     (adsbygoogle = window.adsbygoogle || []).push({});\r\n<\/script><\/div>\n<p>\u201eJobban \u00e1llunk, mint p\u00e1r \u00e9ve, de m\u00e9g messze az ide\u00e1lis \u00e1llapot a hazai m\u00e9rn\u00f6kk\u00e9pz\u00e9sben. Javult a p\u00e1lyakezd\u0151k nyelvtud\u00e1sa, a motiv\u00e1lts\u00e1guk, megalapozottabb az elm\u00e9leti tud\u00e1suk, er\u0151s\u00f6d\u00f6tt az informatikai h\u00e1tter\u00fck, viszont a t\u00f6bbs\u00e9g m\u00e9g mindig h\u00edj\u00e1n van a relev\u00e1ns szakmai tapasztalatoknak, gyakorlati tud\u00e1snak, \u00edgy a probl\u00e9mamegold\u00f3- \u00e9s kooper\u00e1ci\u00f3s k\u00e9pess\u00e9g\u00fck, a munk\u00e1hoz val\u00f3 hozz\u00e1\u00e1ll\u00e1suk is fejlesztend\u0151, ami sokszor azzal j\u00e1r, hogy a bel\u00e9p\u00e9s ut\u00e1n <strong>6-9 h\u00f3nappal mondhatjuk egy-egy p\u00e1lyakezd\u0151 m\u00e9rn\u00f6kr\u0151l, hogy tud\u00e1suk el\u00e9rte a piack\u00e9pes szintet,<\/strong> \u00edgy a saj\u00e1t szakter\u00fclet\u00e9n teljes \u00e9rt\u00e9k\u0171 munk\u00e1t k\u00e9pes v\u00e9gezni az adott c\u00e9gn\u00e9l.\u201d \u2013 emeli ki Berk\u00f3 Bence a kutat\u00e1st v\u00e9gz\u0151 egyik f\u00e9l, a Tech People szak\u00e9rt\u0151je, aki a neh\u00e9zs\u00e9gek okait r\u00e9szben oda vezeti vissza, hogy az egyetemeken zajl\u00f3 oktat\u00e1s t\u00e1rgyi, szem\u00e9lyi \u00e9s k\u00f6lts\u00e9gvet\u00e9si okokb\u00f3l nem k\u00e9pes l\u00e9p\u00e9st tartani a gy\u00e1rt\u00f3- \u00e9s termel\u0151v\u00e1llalatokn\u00e1l zajl\u00f3 fejl\u0151d\u00e9ssel.<\/p>\n<p>A felm\u00e9r\u00e9s r\u00e1mutat, hogy <strong>a m\u0171szaki fels\u0151oktat\u00e1s ma is a lehet\u0151 legmagasabb szint\u0171 elm\u00e9leti tud\u00e1ssal igyekszik felv\u00e9rtezni a hallgat\u00f3kat<\/strong>, akik azonban a diplomaszerz\u00e9s ut\u00e1n szembes\u00fclnek azzal, hogy a megl\u00e9v\u0151 tud\u00e1suk sokszor nem konvert\u00e1lhat\u00f3 \u00e1t gyakorlati j\u00e1rtass\u00e1gra val\u00f3di v\u00e1llalati k\u00f6rnyezetben. Emiatt, a kutat\u00e1sba bevont v\u00e1llalati m\u00e9rn\u00f6kszakemberek egybehangz\u00f3 \u00e1ll\u00edt\u00e1sa szerint <strong>eg\u00e9sz kor\u00e1n meg kellene ismertetni a fiatalokat azzal, hogy a v\u00e1llalati k\u00f6rnyezet ma mit v\u00e1r el egy m\u00e9rn\u00f6kt\u0151l,<\/strong> legyen sz\u00f3 informatikai, \u00e9p\u00edt\u0151ipari, elektronikai, g\u00e9pgy\u00e1rt\u00f3, vagy m\u00e1s gy\u00e1rt\u00f3-termel\u0151 szektorr\u00f3l. Az Ipar 4.0 kor\u00e1ba l\u00e9pve a <strong>naprak\u00e9sz tud\u00e1ssal rendelkez\u0151, a trendeket k\u00f6vet\u0151 szakemberekre van \u00e9s lesz sz\u00fcks\u00e9g<\/strong>, emiatt Magyarorsz\u00e1gon is m\u00e1sk\u00e9ppen kell a j\u00f6v\u0151 m\u00e9rn\u00f6keit felk\u00e9sz\u00edteni az el\u0151tt\u00fck \u00e1ll\u00f3 szakmai kih\u00edv\u00e1sokra &#8211; \u00e1ll\u00edtj\u00e1k egybehangz\u00f3an a megk\u00e9rdezettek.<br \/>\n<div class=\"ads-in-post2\"><script async src=\"https:\/\/pagead2.googlesyndication.com\/pagead\/js\/adsbygoogle.js\"><\/script>\r\n<ins class=\"adsbygoogle\"\r\n     style=\"display:block\"\r\n     data-ad-format=\"fluid\"\r\n     data-ad-layout-key=\"-6t+ed+2i-1n-4w\"\r\n     data-ad-client=\"ca-pub-1959107119989764\"\r\n     data-ad-slot=\"4008251320\"><\/ins>\r\n<script>\r\n     (adsbygoogle = window.adsbygoogle || []).push({});\r\n<\/script><\/div>\n<p>A v\u00e1laszad\u00f3 szak\u00e9rt\u0151k <strong>az egyetemek \u00e9s a v\u00e1llalatok szorosabb kooper\u00e1ci\u00f3j\u00e1ban l\u00e1tj\u00e1k a hazai m\u00e9rn\u00f6kk\u00e9pz\u00e9s-sz\u00ednvonal emel\u00e9s\u00e9nek lehet\u0151s\u00e9g\u00e9t<\/strong>. Ennek keret\u00e9ben az egyetemek \u00e9s a v\u00e1llalatok olyan egy\u00fcttm\u0171k\u00f6d\u00e9sekre l\u00e9phetn\u00e9nek egym\u00e1ssal, amelyek r\u00e9v\u00e9n jobban felismerhet\u0151k \u00e9s fejleszthet\u0151k lenn\u00e9nek az oktat\u00f3k \u00e9s hallgat\u00f3k most m\u00e9g hi\u00e1nyos gyakorlati ismeretei. A fels\u0151fok\u00fa int\u00e9zm\u00e9nyek r\u00e9sz\u00e9r\u0151l ez megk\u00f6veteln\u00e9, hogy <strong>tan\u00e1raik \u00e9s di\u00e1kjaik sz\u00e1m\u00e1ra biztos\u00edts\u00e1k a tov\u00e1bbk\u00e9pz\u00e9st, az \u00f6nfejleszt\u00e9st \u00fagy, hogy a v\u00e1llalatokn\u00e1l vagy az egyetemi k\u00e9pz\u00e9s keret\u00e9ben a v\u00e1llalatok k\u00e9pvisel\u0151inek seg\u00edts\u00e9g\u00e9vel ismerhess\u00e9k meg a leg\u00fajabb technol\u00f3gi\u00e1kat, megold\u00e1sokat, folyamatokat<\/strong>, \u00e9s ezekkel friss\u00edthess\u00e9k lexik\u00e1lis tud\u00e1sukat. M\u00e1sr\u00e9szr\u0151l a c\u00e9gekn\u00e9l a saj\u00e1t, gyakorlati-f\u00f3kusz\u00fa k\u00e9pz\u00e9seik \u00e9s gyakornoki programjaik sor\u00e1n <strong>hangs\u00falyosabb\u00e1 kell tenni a hozz\u00e1juk \u00e9rkez\u0151, tanulni v\u00e1gy\u00f3 fiatalok k\u00f6r\u00e9ben a szakmai ismeretek megoszt\u00e1sa mellett az olyan k\u00e9szs\u00e9gek fejleszt\u00e9s\u00e9t is, mint a csapatmunk\u00e1ban val\u00f3 r\u00e9szv\u00e9tel t\u00e1mogat\u00e1sa, a prezent\u00e1ci\u00f3s k\u00e9szs\u00e9gek fejleszt\u00e9se, az \u00f6n\u00e1ll\u00f3 projektfeladatok biztos\u00edt\u00e1sa, vagy a v\u00e1llalaton bel\u00fcli proakt\u00edv kommunik\u00e1ci\u00f3 el\u0151seg\u00edt\u00e9se<\/strong>. Az EJMSZ pont emiatt \u2013 felismerve ezt a sz\u00fcks\u00e9gletet \u2013 is egy olyan, saj\u00e1t tant\u00e1rgy l\u00e9trehoz\u00e1s\u00e1n dolgozik, amely ezeknek a kompetenci\u00e1knak a fejleszt\u00e9s\u00e9t c\u00e9lozza meg.<\/p>\n<p>A kutat\u00e1sba bevont megk\u00e9rdezettek t\u00f6bbs\u00e9ge azt is kiemelte, hogy a fiatal m\u00e9rn\u00f6k\u00f6k nyelvtud\u00e1s\u00e1t \u2013 mint az egyik legink\u00e1bb sz\u00fcks\u00e9ges k\u00e9szs\u00e9get \u2013 azzal lehetne er\u0151s\u00edteni, ha bizonyos szakismereteket \u00e1tad\u00f3 interakt\u00edv egyetemi \u00f3r\u00e1k, vagy foglalkoz\u00e1sok idegen nyelven zajlan\u00e1nak, \u00edgy mindenki r\u00e1 lenne szor\u00edtva arra, hogy ne az anyanyelv\u00e9n fejezze ki a gondolatait, javaslatait.<br \/>\n<div class=\"ads-in-post2\"><script async src=\"https:\/\/pagead2.googlesyndication.com\/pagead\/js\/adsbygoogle.js\"><\/script>\r\n<ins class=\"adsbygoogle\"\r\n     style=\"display:block\"\r\n     data-ad-format=\"fluid\"\r\n     data-ad-layout-key=\"-6t+ed+2i-1n-4w\"\r\n     data-ad-client=\"ca-pub-1959107119989764\"\r\n     data-ad-slot=\"4008251320\"><\/ins>\r\n<script>\r\n     (adsbygoogle = window.adsbygoogle || []).push({});\r\n<\/script><\/div>\n<p>A m\u00e9rn\u00f6k\u00f6k rugalmasabb, a piaci ig\u00e9nyekre szabott k\u00e9pz\u00e9s\u00e9t az\u00e9rt is l\u00e1tj\u00e1k egyre s\u00fcrget\u0151bbnek \u00e9s indokoltnak a v\u00e1llalatokat k\u00e9pvisel\u0151 v\u00e1laszad\u00f3k, mert a <strong>k\u00f6vetkez\u0151 \u00e9vek ipari trendjei m\u00e9g ink\u00e1bb azt vet\u00edtik el\u0151re, hogy a mesters\u00e9ges intelligencia t\u00e9rnyer\u00e9se, a glob\u00e1lis digitaliz\u00e1ci\u00f3, a virtualiz\u00e1ci\u00f3, a robotika fejl\u0151d\u00e9se \u00e9s az automatiz\u00e1l\u00e1s teljesen \u00e1tform\u00e1lja a gy\u00e1rt\u00f3- \u00e9s termel\u0151v\u00e1llalatok m\u0171k\u00f6d\u00e9s\u00e9t<\/strong>. Ezek a folyamatok m\u00e1r zajlanak, \u00e9s olyan szakembereket k\u00f6vetelnek, akik gyorsan, hat\u00e9konyan adapt\u00e1lj\u00e1k a k\u00fcl\u00f6nb\u00f6z\u0151 helyzeteket, kreat\u00edv probl\u00e9mamegold\u00f3k, valamint k\u00e9pesek folyamatosan meg\u00fajulni, fejl\u0151dni.<\/p>\n<p>Az Egy\u00fctt a J\u00f6v\u0151 M\u00e9rn\u00f6kei\u00e9rt Sz\u00f6vets\u00e9g \u00e9s a Tech People k\u00f6z\u00f6s online, v\u00e1llalati kutat\u00e1sa 2021. m\u00e1jus\u00e1ban k\u00e9sz\u00fclt.<\/p>\n<p>&nbsp;<\/p>\n<p><strong>Az EJMSZ<\/strong><\/p>\n<p>Az EJMSZ az\u00e9rt j\u00f6tt l\u00e9tre, hogy k\u00f6zvetlen tapasztalataival seg\u00edtse \u00e9s t\u00e1mogassa, m\u00e9g intenz\u00edvebb\u00e9 tegye az oktat\u00e1si int\u00e9zm\u00e9nyek, a gazdas\u00e1gi szerepl\u0151k \u00e9s a m\u00e9rn\u00f6kszakma k\u00e9pvisel\u0151i k\u00f6z\u00f6tti kapcsolatot; tan\u00e1csaival hozz\u00e1j\u00e1ruljon egy sikeres \u00e9s kreat\u00edv m\u00e9rn\u00f6knemzed\u00e9k kimunk\u00e1l\u00e1s\u00e1hoz.<br \/>\n<div class=\"ads-in-post2\"><script async src=\"https:\/\/pagead2.googlesyndication.com\/pagead\/js\/adsbygoogle.js\"><\/script>\r\n<ins class=\"adsbygoogle\"\r\n     style=\"display:block\"\r\n     data-ad-format=\"fluid\"\r\n     data-ad-layout-key=\"-6t+ed+2i-1n-4w\"\r\n     data-ad-client=\"ca-pub-1959107119989764\"\r\n     data-ad-slot=\"4008251320\"><\/ins>\r\n<script>\r\n     (adsbygoogle = window.adsbygoogle || []).push({});\r\n<\/script><\/div>\n<p>Az EJMSZ tagv\u00e1llalatai: Balluff-Elektronika Kft., Continental Automotive Hungary Kft., Diehl Aviation Hungary Kft., EON Tisz\u00e1nt\u00fali \u00c1ramh\u00e1l\u00f3zati Zrt., Ericsson Magyarorsz\u00e1g Kft., evosoft Hungary Kft., Grundfos Magyarorsz\u00e1g Gy\u00e1rt\u00f3 Kft., G\u00fcntner-Tata Kft., Knorr-Bremse F\u00e9krendszerek Kft., LEGO Manufacturing Kft., MVM Magyar Villamos M\u0171vek Zrt., Nemak Gy\u0151r Kft., NI Hungary Kft., NOKIA Hungary, Sensirion Hungary Kft., S&amp;T Consulting, Tungsram Operations Kft.<\/p>\n<p>&nbsp;<\/p>\n<p><strong>A Tech People<\/strong><\/p>\n<p>A Tech People egy eur\u00f3pai munkaer\u0151-k\u00f6zvet\u00edt\u0151 v\u00e1llalat, mely magasan k\u00e9pzett er\u0151forr\u00e1sokat, valamint kiszervezett technol\u00f3giai szolg\u00e1ltat\u00e1sokat biztos\u00edt k\u00fcl\u00f6nb\u00f6z\u0151 ipar\u00e1gak sz\u00e1m\u00e1ra. A v\u00e1llalat Budapesten tal\u00e1lhat\u00f3 k\u00f6zpontj\u00e1val, Londonban \u00e9s Vars\u00f3ban l\u00e9v\u0151 irod\u00e1ival, valamint Eur\u00f3pa-szerte tal\u00e1lhat\u00f3 szolg\u00e1ltat\u00f3 helysz\u00edneken \u00e1ll partnerei rendelkez\u00e9s\u00e9re.<\/p>\n<p>&nbsp;<\/p>\n","protected":false},"excerpt":{"rendered":"<p>Ma az egyik legnagyobb kih\u00edv\u00e1s a hazai p\u00e1lyakezd\u0151 m\u00e9rn\u00f6k\u00f6k eset\u00e9ben az, hogy az egyetemeken elsaj\u00e1t\u00edtott elm\u00e9leti tud\u00e1st, hogyan k\u00e9pesek alkalmazni a gyakorlatban. Az ismereteik javar\u00e9szt megvannak arr\u00f3l, hogy mit kellene tenni\u00fck, de a r\u00e1juk v\u00e1r\u00f3 feladatok megold\u00e1s\u00e1hoz sz\u00fcks\u00e9ges k\u00e9pess\u00e9gek, k\u00e9szs\u00e9gek m\u00e9g rendszeresen fejleszt\u00e9sre szorulnak \u2013 der\u00fcl ki az Egy\u00fctt a J\u00f6v\u0151 M\u00e9rn\u00f6kei\u00e9rt Sz\u00f6vets\u00e9g (EJMSZ) \u00e9s &#8230;<\/p>\n","protected":false},"author":1,"featured_media":0,"comment_status":"open","ping_status":"open","sticky":false,"template":"","format":"standard","meta":[],"categories":[19],"tags":[],"_links":{"self":[{"href":"https:\/\/gazdasagportal.hu\/index.php\/wp-json\/wp\/v2\/posts\/136556"}],"collection":[{"href":"https:\/\/gazdasagportal.hu\/index.php\/wp-json\/wp\/v2\/posts"}],"about":[{"href":"https:\/\/gazdasagportal.hu\/index.php\/wp-json\/wp\/v2\/types\/post"}],"author":[{"embeddable":true,"href":"https:\/\/gazdasagportal.hu\/index.php\/wp-json\/wp\/v2\/users\/1"}],"replies":[{"embeddable":true,"href":"https:\/\/gazdasagportal.hu\/index.php\/wp-json\/wp\/v2\/comments?post=136556"}],"version-history":[{"count":1,"href":"https:\/\/gazdasagportal.hu\/index.php\/wp-json\/wp\/v2\/posts\/136556\/revisions"}],"predecessor-version":[{"id":136557,"href":"https:\/\/gazdasagportal.hu\/index.php\/wp-json\/wp\/v2\/posts\/136556\/revisions\/136557"}],"wp:attachment":[{"href":"https:\/\/gazdasagportal.hu\/index.php\/wp-json\/wp\/v2\/media?parent=136556"}],"wp:term":[{"taxonomy":"category","embeddable":true,"href":"https:\/\/gazdasagportal.hu\/index.php\/wp-json\/wp\/v2\/categories?post=136556"},{"taxonomy":"post_tag","embeddable":true,"href":"https:\/\/gazdasagportal.hu\/index.php\/wp-json\/wp\/v2\/tags?post=136556"}],"curies":[{"name":"wp","href":"https:\/\/api.w.org\/{rel}","templated":true}]}}