{"id":136552,"date":"2021-06-28T12:20:39","date_gmt":"2021-06-28T10:20:39","guid":{"rendered":"https:\/\/gazdasagportal.hu\/?p=136552"},"modified":"2021-06-28T10:03:16","modified_gmt":"2021-06-28T08:03:16","slug":"megjelent-a-mazars-2021-es-kozep-es-kelet-europai-adobrosuraja","status":"publish","type":"post","link":"https:\/\/gazdasagportal.hu\/index.php\/megjelent-a-mazars-2021-es-kozep-es-kelet-europai-adobrosuraja\/","title":{"rendered":"Megjelent a Mazars 2021-es k\u00f6z\u00e9p- \u00e9s kelet-eur\u00f3pai Ad\u00f3bros\u00far\u00e1ja"},"content":{"rendered":"<p><strong>21 orsz\u00e1g aktu\u00e1lis ad\u00f3z\u00e1si inform\u00e1ci\u00f3ir\u00f3l ny\u00fajt k\u00f6rk\u00e9pet a M<\/strong><strong>azars<\/strong><strong> nemzetk\u00f6zi k\u00f6nyvvizsg\u00e1l\u00f3 \u00e9s tan\u00e1csad\u00f3 v\u00e1llalat id\u00e9n kilencedik alkalommal kiadott ad\u00f3bros\u00far\u00e1ja, melynek f\u00f3kusz\u00e1ban a foglalkoztat\u00e1st terhel\u0151 \u00e9s a forgalmi t\u00edpus\u00fa ad\u00f3k mellett a t\u00e1rsas\u00e1gi nyeres\u00e9gad\u00f3z\u00e1s r\u00e9szletei \u00e9s a transzfer\u00e1raz\u00e1s \u00e1llnak. Hab\u00e1r a pand\u00e9mia sz\u00e1mos v\u00e1ltoz\u00e1st eredm\u00e9nyezett a r\u00e9gi\u00f3 minden orsz\u00e1g\u00e1nak ad\u00f3rendszer\u00e9ben, a kiadv\u00e1ny ez\u00fattal is a hossz\u00fa t\u00e1v\u00fa trendekre koncentr\u00e1l, hiszen beruh\u00e1z\u00e1si d\u00f6nt\u00e9seik meghozatal\u00e1ban a tendenci\u00e1k, az ad\u00f3rezsimek egym\u00e1shoz \u00e9s a kor\u00e1bbi \u00e9vekhez viszony\u00edtott v\u00e1ltoz\u00e1sainak elemz\u00e9se seg\u00edti a v\u00e1llalatvezet\u0151ket.<\/strong><!--more--><\/p>\n<div class=\"ads-in-post2\"><script async src=\"https:\/\/pagead2.googlesyndication.com\/pagead\/js\/adsbygoogle.js\"><\/script>\r\n<ins class=\"adsbygoogle\"\r\n     style=\"display:block\"\r\n     data-ad-format=\"fluid\"\r\n     data-ad-layout-key=\"-6t+ed+2i-1n-4w\"\r\n     data-ad-client=\"ca-pub-1959107119989764\"\r\n     data-ad-slot=\"4008251320\"><\/ins>\r\n<script>\r\n     (adsbygoogle = window.adsbygoogle || []).push({});\r\n<\/script><\/div>\n<p>A Mazars ad\u00f3kiadv\u00e1ny\u00e1ban szerepl\u0151 orsz\u00e1gok list\u00e1ja az elm\u00falt \u00e9vekben folyamatosan b\u0151v\u00fclt, a <strong>2021-es kiad\u00e1s 21 orsz\u00e1g adatait tartalmazza<\/strong>, a visegr\u00e1di n\u00e9gyek mellett D\u00e9lkelet-Eur\u00f3pa \u00e1llamait, N\u00e9metorsz\u00e1got, Ausztri\u00e1t, Oroszorsz\u00e1got, Ukrajn\u00e1t \u00e9s a balti \u00e1llamokat. A kutat\u00e1s c\u00e9lja az, hogy \u00e1tfog\u00f3 k\u00e9pet ny\u00fajtson a r\u00e9gi\u00f3s orsz\u00e1gok ad\u00f3rendszer\u00e9r\u0151l \u00e9s ad\u00f3politik\u00e1j\u00e1r\u00f3l, ez\u00e9rt a koronav\u00edrus-j\u00e1rv\u00e1nnyal \u00f6sszef\u00fcgg\u00e9sben alkalmazott, \u00e1tmeneti ad\u00f3kedvezm\u00e9nyek bemutat\u00e1sa nem volt a felm\u00e9r\u00e9s t\u00e1rgya.<\/p>\n<p><em>&#8222;Ami a Covid-j\u00e1rv\u00e1ny gazdas\u00e1gi hat\u00e1sait illeti, \u00fagy t\u0171nik, a korm\u00e1ny els\u0151sorban nem az ad\u00f3rendszeren kereszt\u00fcl k\u00edv\u00e1nta er\u0151teljes m\u00e9rt\u00e9kben t\u00e1mogatni a gazdas\u00e1got.<strong> Az \u00e9rdemi ad\u00f3k\u00f6nny\u00edt\u00e9sek ugyanis csak meghat\u00e1rozott szektorokban voltak el\u00e9rhet\u0151ek.<\/strong> Ezzel egy\u00fctt a recesszi\u00f3 megterhelte a k\u00f6lts\u00e9gvet\u00e9st, amelyet v\u00e1rhat\u00f3an intenz\u00edvebb ad\u00f3ellen\u0151rz\u00e9sekkel igyekeznek majd kompenz\u00e1lni&#8221;<\/em> \u2013 <strong>mutatott r\u00e1 dr. H. Nagy D\u00e1niel, a M<\/strong><strong>azars<\/strong><strong> ad\u00f3igazgat\u00f3ja.<\/strong><\/p><div id=\"gazda-712167110\" class=\"gazda-tartalomban gazda-entity-placement\"><script async src=\"https:\/\/pagead2.googlesyndication.com\/pagead\/js\/adsbygoogle.js\"><\/script>\r\n<ins class=\"adsbygoogle\"\r\n     style=\"display:block\"\r\n     data-ad-format=\"fluid\"\r\n     data-ad-layout-key=\"-6t+ed+2i-1n-4w\"\r\n     data-ad-client=\"ca-pub-1959107119989764\"\r\n     data-ad-slot=\"4008251320\"><\/ins>\r\n<script>\r\n     (adsbygoogle = window.adsbygoogle || []).push({});\r\n<\/script><\/div>\n<p><strong>2021-ben tov\u00e1bb cs\u00f6kkentek a j\u00f6vedelmek, valamint a foglalkoztat\u00e1st terhel\u0151 ad\u00f3k<\/strong> \u00e9s j\u00e1rul\u00e9kok, m\u00e9rt\u00e9k\u00fck azonban hangs\u00falyos k\u00fcl\u00f6nbs\u00e9geket mutat a vizsg\u00e1lt orsz\u00e1gokban. V\u00e1ltoz\u00e1s, hogy <strong>Csehorsz\u00e1g id\u00e9n visszat\u00e9r a progressz\u00edv ad\u00f3z\u00e1shoz<\/strong>, ezt az ad\u00f3politik\u00e1t k\u00f6veti t\u00f6bbek k\u00f6z\u00f6tt Ausztria, N\u00e9metorsz\u00e1g, Szlov\u00e9nia, valamint Horv\u00e1torsz\u00e1g \u00e9s Szlov\u00e1kia is. M\u00e1s orsz\u00e1gok, \u00edgy haz\u00e1nk mellett p\u00e9ld\u00e1ul Bulg\u00e1ria, Rom\u00e1nia, valamint Ukrajna azonban tov\u00e1bbra is az egykulcsos j\u00f6vedelemad\u00f3t alkalmazz\u00e1k.<br \/>\n<div class=\"ads-in-post2\"><script async src=\"https:\/\/pagead2.googlesyndication.com\/pagead\/js\/adsbygoogle.js\"><\/script>\r\n<ins class=\"adsbygoogle\"\r\n     style=\"display:block\"\r\n     data-ad-format=\"fluid\"\r\n     data-ad-layout-key=\"-6t+ed+2i-1n-4w\"\r\n     data-ad-client=\"ca-pub-1959107119989764\"\r\n     data-ad-slot=\"4008251320\"><\/ins>\r\n<script>\r\n     (adsbygoogle = window.adsbygoogle || []).push({});\r\n<\/script><\/div>\n<p><strong>A munk\u00e1ltat\u00f3k teljes b\u00e9rk\u00f6lts\u00e9g\u00e9nek r\u00e9gi\u00f3s \u00e1tlaga v\u00e1ltozatlanul a nett\u00f3 b\u00e9rek 160 sz\u00e1zal\u00e9k\u00e1t teszi ki<\/strong>, de ez az \u00e9rt\u00e9k orsz\u00e1gonk\u00e9nt jelent\u0151s elt\u00e9r\u00e9st mutat. Az ad\u00f3k \u00e9s j\u00e1rul\u00e9kok k\u00f6z\u00fcl a munk\u00e1ltat\u00f3kat terhel\u0151 k\u00f6lts\u00e9gek brutt\u00f3 b\u00e9rekre vet\u00edtett ar\u00e1nya \u00e1tlagosan 15 sz\u00e1zal\u00e9k, <strong>de a legalacsonyabb \u00e9s a legmagasabb munk\u00e1ltat\u00f3i j\u00e1rul\u00e9kok k\u00f6z\u00f6tt 30 sz\u00e1zal\u00e9kpontot meghalad\u00f3 k\u00fcl\u00f6nbs\u00e9g van.<\/strong> K\u00e9t sz\u00e9ls\u0151\u00e9rt\u00e9k (Rom\u00e1ni\u00e1ban 5 sz\u00e1zal\u00e9k alatt, Szlov\u00e1ki\u00e1ban 30 sz\u00e1zal\u00e9k felett van a j\u00e1rul\u00e9kteher) r\u00e1vil\u00e1g\u00edt az egyes ad\u00f3z\u00e1si rendszerek \u00f6sszehasonl\u00edthat\u00f3s\u00e1g\u00e1nak korl\u00e1taira is.<\/p>\n<p>A munk\u00e1ltat\u00f3i b\u00e9rj\u00e1rul\u00e9kok tekintet\u00e9ben<strong> Magyarorsz\u00e1g 2020-ra \u00e9rte el a r\u00e9gi\u00f3s \u00e1tlagot. <\/strong>A 2020. j\u00falius 1-j\u00e9t\u0151l hat\u00e1lyos 2 sz\u00e1zal\u00e9kpontos szoci\u00e1lis hozz\u00e1j\u00e1rul\u00e1si ad\u00f3 cs\u00f6kkent\u00e9ssel pedig<strong> versenyk\u00e9pesebb\u00e9 v\u00e1lt<\/strong> a hazai munk\u00e1ltat\u00f3i b\u00e9rk\u00f6lts\u00e9gar\u00e1ny: a 21 orsz\u00e1g k\u00f6z\u00e9pmez\u0151ny\u00e9be ker\u00fclt\u00fcnk. A frissen elfogadott ad\u00f3csomag 2022 j\u00falius\u00e1t\u00f3l az <strong>\u00fajabb 2 sz\u00e1zal\u00e9kpontos munk\u00e1ltat\u00f3i b\u00e9rteher cs\u00f6kken\u00e9ssel<\/strong> sz\u00e1mol<strong>: <\/strong>a tervek szerint j\u00f6v\u0151 f\u00e9l\u00e9vt\u0151l a f\u00e9l sz\u00e1zal\u00e9kpontos szoci\u00e1lis hozz\u00e1j\u00e1rul\u00e1si ad\u00f3 cs\u00f6kkent\u00e9se \u00e9s a 1,5 sz\u00e1zal\u00e9kos szakk\u00e9pz\u00e9si hozz\u00e1j\u00e1rul\u00e1s szoch\u00f3ba \u00e9p\u00edt\u00e9se tov\u00e1bb jav\u00edtja a poz\u00edci\u00f3nkat.<\/p>\n<p>Hogy mennyit \u00e9r a fizet\u00e9s, az nemcsak a munkav\u00e1llal\u00f3 b\u00e9rszintj\u00e9t\u0151l, hanem \u2013 mint Magyarorsz\u00e1gon is \u2013 a csal\u00e1di \u00e1llapot\u00e1t\u00f3l is f\u00fcgg, <strong>a t\u00f6bb gyermeket nevel\u0151k nett\u00f3 fizet\u00e9se itthon l\u00e9nyegesen magasabb, egyed\u00fcl\u00e1ll\u00f3k eset\u00e9ben azonban tov\u00e1bbra is sereghajt\u00f3k vagyunk a nett\u00f3 b\u00e9r \u00e9s a munk\u00e1ltat\u00f3i b\u00e9rk\u00f6lts\u00e9gar\u00e1nyt tekintve.<\/strong> Havi 500 eur\u00f3s brutt\u00f3 fizet\u00e9sb\u0151l egy h\u00e1rom gyermeket nevel\u0151 dolgoz\u00f3nak 493 eur\u00f3 marad a zseb\u00e9ben, gyermektelen koll\u00e9g\u00e1j\u00e1nak csup\u00e1n 333.<br \/>\n<div class=\"ads-in-post2\"><script async src=\"https:\/\/pagead2.googlesyndication.com\/pagead\/js\/adsbygoogle.js\"><\/script>\r\n<ins class=\"adsbygoogle\"\r\n     style=\"display:block\"\r\n     data-ad-format=\"fluid\"\r\n     data-ad-layout-key=\"-6t+ed+2i-1n-4w\"\r\n     data-ad-client=\"ca-pub-1959107119989764\"\r\n     data-ad-slot=\"4008251320\"><\/ins>\r\n<script>\r\n     (adsbygoogle = window.adsbygoogle || []).push({});\r\n<\/script><\/div>\n<p>A r\u00e9gi\u00f3 orsz\u00e1gai a legnagyobb sz\u00f3r\u00e1st a b\u00e9rsz\u00ednvonalukban mutatj\u00e1k. <strong>A minim\u00e1lb\u00e9r a V4 orsz\u00e1gokban 400-630 eur\u00f3 k\u00f6z\u00f6tt mozog<\/strong>, l\u00e9nyegesen alacsonyabb a Balk\u00e1non \u00e9s Ukrajn\u00e1ban, \u00e9s \u00f6ssze sem hasonl\u00edthat\u00f3 a mintegy 1\u00a0700\u20131 900 eur\u00f3s \u00e9rt\u00e9kekkel N\u00e9metorsz\u00e1gban \u00e9s Ausztri\u00e1ban. 2021-ig ugyanakkor t\u00f6bb orsz\u00e1gban is jelent\u0151sen emelkedett az eur\u00f3ban sz\u00e1molt minim\u00e1lb\u00e9r (Boszni\u00e1ban, Szerbi\u00e1ban \u00e9s Lettorsz\u00e1gban). <strong>Magyarorsz\u00e1gon viszont cs\u00f6kkent az eur\u00f3ban kifejezett minim\u00e1lb\u00e9r <\/strong>a tavalyi jelent\u0151s \u00e1rfolyam v\u00e1ltoz\u00e1s miatt (460 EUR, 2021 \u00e9v eleji \u00e1rfolyammal sz\u00e1molva), \u00edgy a sorrendben jelent\u0151sen rontottuk a poz\u00edci\u00f3nkat, <strong>az utols\u00f3 helyre cs\u00fasztunk a visegr\u00e1di orsz\u00e1gok k\u00f6z\u00f6tt<\/strong>, ami \u2013 legal\u00e1bbis eur\u00f3ban t\u00f6rt\u00e9n\u0151 \u00f6sszehasonl\u00edt\u00e1sban \u2013 a minim\u00e1lb\u00e9r-n\u00f6veked\u00e9s eddig emelked\u0151 trendj\u00e9t visszavetette. Figyelembe kell venni ugyanakkor, hogy ez janu\u00e1ri adat, az\u00f3ta \u00fajra sokat v\u00e1ltozott a forint \u00e1rfolyama.<\/p>\n<p>A <strong>priv\u00e1t szektorra jellemz\u0151 \u00e1tlagos b\u00e9rsz\u00ednvonal<\/strong> eur\u00f3ban a legnagyobb m\u00e9rt\u00e9kben, 14 sz\u00e1zal\u00e9k N\u00e9metorsz\u00e1gban n\u0151tt, de 5\u201310 sz\u00e1zal\u00e9k k\u00f6z\u00f6tti n\u00f6veked\u00e9st \u00e9rt el Szlov\u00e1kia, Horv\u00e1torsz\u00e1g, Lettorsz\u00e1g \u00e9s \u00c9szak-Maced\u00f3nia is. <strong>A magyar \u00e1tlagb\u00e9r \u00e9rt\u00e9ke eur\u00f3ban sz\u00e1m\u00edtva nem v\u00e1ltozott<\/strong>, 1 150 eur\u00f3 k\u00f6r\u00fcl van, a V4-ek k\u00f6z\u00fcl csak Szlov\u00e1ki\u00e1t el\u0151zz\u00fck meg.<\/p>\n<p><strong>\u00c1fa \u00e9s online sz\u00e1mla<\/strong><\/p>\n<p><strong>A forgalmi ad\u00f3k m\u00e9rt\u00e9k\u00e9ben<\/strong> az elm\u00falt \u00e9vben nem t\u00f6rt\u00e9nt v\u00e1ltoz\u00e1s a r\u00e9gi\u00f3ban, a norm\u00e1l \u00e1fakulcsok \u00e1tlagosan 21 sz\u00e1zal\u00e9k k\u00f6r\u00fcl mozogtak, azonban orsz\u00e1gonk\u00e9nt nagyfok\u00fa elt\u00e9r\u00e9seket mutatnak. <strong>A Magyarorsz\u00e1gon \u00e9s Horv\u00e1torsz\u00e1gban hat\u00e1lyban l\u00e9v\u0151 27, illetve 25 sz\u00e1zal\u00e9kos norm\u00e1l \u00e1fakulcs tov\u00e1bbra is k\u00fcl\u00f6n\u00f6sen magasnak<\/strong> sz\u00e1m\u00edt. \u00d6sszehasonl\u00edt\u00e1sk\u00e9ppen: N\u00e9metorsz\u00e1gban, ahol az \u00e1tlagb\u00e9r m\u00e1r megk\u00f6zel\u00edti a 4 000 eur\u00f3t, 19 sz\u00e1zal\u00e9k a norm\u00e1l \u00e1fakulcs.<br \/>\n<div class=\"ads-in-post2\"><script async src=\"https:\/\/pagead2.googlesyndication.com\/pagead\/js\/adsbygoogle.js\"><\/script>\r\n<ins class=\"adsbygoogle\"\r\n     style=\"display:block\"\r\n     data-ad-format=\"fluid\"\r\n     data-ad-layout-key=\"-6t+ed+2i-1n-4w\"\r\n     data-ad-client=\"ca-pub-1959107119989764\"\r\n     data-ad-slot=\"4008251320\"><\/ins>\r\n<script>\r\n     (adsbygoogle = window.adsbygoogle || []).push({});\r\n<\/script><\/div>\n<p>A vil\u00e1gj\u00e1rv\u00e1ny megjelen\u00e9se el\u0151tt a korm\u00e1nyok arra t\u00f6rekedtek, hogy a fogyaszt\u00e1s n\u00f6veked\u00e9s\u00e9re \u00e9p\u00edtsenek, a forgalmi t\u00edpus\u00fa ad\u00f3k pedig az \u00e1llami k\u00f6lts\u00e9gvet\u00e9sek egyik legfontosabb bev\u00e9teli forr\u00e1s\u00e1v\u00e1 v\u00e1ltak. <strong>Az \u00e1llamok egyre nagyobb hangs\u00falyt helyeznek az ad\u00f3beszed\u00e9s hat\u00e9konys\u00e1g\u00e1nak jav\u00edt\u00e1s\u00e1ra<\/strong>, digit\u00e1lis technol\u00f3gi\u00e1val pr\u00f3b\u00e1lnak fell\u00e9pni a vissza\u00e9l\u00e9sek ellen, mivel ezen a ter\u00fcleten a legnagyobb az ad\u00f3kij\u00e1tsz\u00e1s vesz\u00e9lye. A c\u00e9l az \u00e9rt\u00e9kes\u00edt\u00e9si folyamat v\u00e9gpontok k\u00f6z\u00f6tti figyel\u00e9se, a nem ad\u00f3z\u00f3 \u00fcgyletek felder\u00edt\u00e9se \u00e9s az ad\u00f3csal\u00e1sok visszaszor\u00edt\u00e1sa. <strong>Az online p\u00e9nzt\u00e1rg\u00e9pek bevezet\u00e9se is eredm\u00e9nyes eszk\u00f6znek bizonyult a gazdas\u00e1g feh\u00e9r\u00edt\u00e9s\u00e9ben, ezt pedig az online sz\u00e1mlaadat-szolg\u00e1ltat\u00e1s k\u00f6vette.<\/strong><\/p>\n<p><em>&#8222;Az \u00e9v elej\u00e9n <strong>befejez\u0151d\u00f6tt a val\u00f3s idej\u0171 adatszolg\u00e1ltat\u00e1si rendszer ki\u00e9p\u00edt\u00e9se<\/strong>, az online sz\u00e1mlaadat-szolg\u00e1ltat\u00e1s janu\u00e1r 4-e \u00f3ta minden sz\u00e1ml\u00e1ra, \u00edgy a belf\u00f6ldi \u00e9s k\u00fclf\u00f6ldi mag\u00e1nszem\u00e9lyeknek \u00e9s v\u00e1llalkoz\u00e1soknak ki\u00e1ll\u00edtott bizonylatokra is vonatkozik. Az ad\u00f3hivatal gyakorlatilag minden sz\u00e1ml\u00e1r\u00f3l online \u00faton adathoz jut, az ad\u00f3elker\u00fcl\u00e9s lehet\u0151s\u00e9ge ezzel a kisebb \u00fczletekn\u00e9l is minim\u00e1lisra cs\u00f6kken \u2013 <\/em><strong>fogalmazott<\/strong> <strong>a M<\/strong><strong>azars<\/strong><strong> ad\u00f3igazgat\u00f3ja.<\/strong> <strong>Hozz\u00e1tette<\/strong><em>: A val\u00f3s idej\u0171 adatszolg\u00e1ltat\u00e1si rendszer kiterjeszt\u00e9se \u00faj teret nyit a kock\u00e1zatelemz\u00e9snek \u00e9s az ellen\u0151rz\u00e9seknek, m\u00e1sr\u00e9szt megjelenhetnek \u00faj \u00e1llami szolg\u00e1ltat\u00e1sok is, p\u00e9ld\u00e1ul az ad\u00f3hat\u00f3s\u00e1gon kereszt\u00fcli online sz\u00e1ml\u00e1z\u00e1s, valamint \u00e1fabevall\u00e1si tervezet elk\u00e9sz\u00edt\u00e9se a bejelentett sz\u00e1ml\u00e1k alapj\u00e1n.&#8221;<\/em><\/p>\n<p><strong>A nemzetk\u00f6zi e-kereskedelem szab\u00e1lyrendszere is \u00e1talakul 2021. j\u00falius 1-j\u00e9t\u0151l<\/strong>. Uni\u00f3s szinten jelent\u0151s v\u00e1ltoz\u00e1s a forgalmi t\u00edpus\u00fa ad\u00f3ztat\u00e1sban, hogy az OSS-rendszert (Egyablakos Rendszer, kor\u00e1bban MOSS rendszer, amely csak a t\u00e1vk\u00f6zl\u00e9si, r\u00e1di\u00f3- \u00e9s telev\u00edzi\u00f3m\u0171sor-, illetve elektronikus szolg\u00e1ltat\u00e1sokra volt alkalmazhat\u00f3) kiterjesztik \u00e1ltal\u00e1nos jelleggel a t\u00e1v\u00e9rt\u00e9kes\u00edt\u00e9sre (mag\u00e1nszem\u00e9lyek sz\u00e1m\u00e1ra t\u00f6rt\u00e9n\u0151 \u00e9rt\u00e9kes\u00edt\u00e9sekre), valamint valamennyi, nem ad\u00f3alany r\u00e9sz\u00e9re ny\u00fajtott szolg\u00e1ltat\u00e1sra, melyeknek teljes\u00edt\u00e9si helye a fogyaszt\u00e1s tag\u00e1llam\u00e1ban tal\u00e1lhat\u00f3.<br \/>\n<div class=\"ads-in-post2\"><script async src=\"https:\/\/pagead2.googlesyndication.com\/pagead\/js\/adsbygoogle.js\"><\/script>\r\n<ins class=\"adsbygoogle\"\r\n     style=\"display:block\"\r\n     data-ad-format=\"fluid\"\r\n     data-ad-layout-key=\"-6t+ed+2i-1n-4w\"\r\n     data-ad-client=\"ca-pub-1959107119989764\"\r\n     data-ad-slot=\"4008251320\"><\/ins>\r\n<script>\r\n     (adsbygoogle = window.adsbygoogle || []).push({});\r\n<\/script><\/div>\n<p><strong>T\u00e1rsas\u00e1gi ad\u00f3<\/strong><\/p>\n<p>Tov\u00e1bbra is szembet\u0171n\u0151, hogy <strong>az egyes orsz\u00e1gok nagyon elt\u00e9r\u0151 hangs\u00falyt helyeznek a v\u00e1llalati nyeres\u00e9g megad\u00f3ztat\u00e1s\u00e1ra: a legalacsonyabb \u00e9s a legmagasabb ad\u00f3kulcs k\u00f6z\u00f6tt 22 sz\u00e1zal\u00e9kpont k\u00fcl\u00f6nbs\u00e9g van.<\/strong> N\u00e9metorsz\u00e1gban a legmagasabb a t\u00e1rsas\u00e1gi j\u00f6vedelemad\u00f3ztat\u00e1s (31 sz\u00e1zal\u00e9k), <strong>Magyarorsz\u00e1gon \u00e9s Montenegr\u00f3ban a legalacsonyabb (9 sz\u00e1zal\u00e9k)<\/strong>, m\u00edg a r\u00e9gi\u00f3 orsz\u00e1gaiban jellemz\u0151en 15-20 sz\u00e1zal\u00e9k k\u00f6r\u00fcl alakul a t\u00e1rsas\u00e1gi ad\u00f3 kulcsa.<\/p>\n<p><strong>Az ad\u00f3verseny korl\u00e1tai azonban egyre ink\u00e1bb l\u00e1that\u00f3v\u00e1 v\u00e1lnak.<\/strong> Egyr\u00e9szt <strong>nem tal\u00e1lunk olyan orsz\u00e1got, ahol a nyeres\u00e9gad\u00f3 m\u00e9rt\u00e9ke cs\u00f6kkent<\/strong> volna, m\u00e1sr\u00e9szt <strong>az Eur\u00f3pai Uni\u00f3 is tudatosan t\u00f6rekszik az ad\u00f3verseny korl\u00e1toz\u00e1s\u00e1ra.<\/strong> A c\u00e9l a t\u00e1rsas\u00e1gi ad\u00f3z\u00e1s k\u00f6z\u00f6s keretrendszer\u00e9nek kialak\u00edt\u00e1sa, vagy legal\u00e1bbis a legk\u00e1rosabb ad\u00f3elker\u00fcl\u00e9si technik\u00e1k alkalmaz\u00e1s\u00e1nak megakad\u00e1lyoz\u00e1sa. Fontos eszk\u00f6z ebben az er\u0151fesz\u00edt\u00e9sben az <strong>ad\u00f3elker\u00fcl\u00e9s elleni ir\u00e1nyelv (ATAD<\/strong>, 2016\/1164 EK Ir\u00e1nyelv), melyet 2019. janu\u00e1r 1. \u00f3ta k\u00f6telez\u0151en alkalmaznak a tag\u00e1llamok, \u00edgy az ut\u00f3bbi \u00e9vek legnagyobb kih\u00edv\u00e1sa az uni\u00f3s szab\u00e1lyok \u00e1t\u00fcltet\u00e9se volt, ide\u00e9rtve a kamatlevon\u00e1si korl\u00e1toz\u00e1sokat is. Ugyancsak az ATAD-ra vezethet\u0151 vissza az offshore (ellen\u0151rz\u00f6tt k\u00fclf\u00f6ldi t\u00e1rsas\u00e1g, CFC)-szab\u00e1lyok egys\u00e9ges\u00edt\u00e9se is.<\/p>\n<p>A glob\u00e1lis minimumad\u00f3 tervezett bevezet\u00e9se pedig alapvet\u0151en v\u00e1ltoztatja meg a t\u00e1rsas\u00e1gi ad\u00f3z\u00e1s j\u00f6v\u0151j\u00e9t, valamint az orsz\u00e1gok k\u00f6z\u00f6tti ad\u00f3verseny sz\u00ednter\u00e9t.<\/p>\n<p>A hagyom\u00e1nyos t\u00e1rsas\u00e1gi ad\u00f3t alkalmaz\u00f3 <strong>k\u00f6z\u00e9p- \u00e9s kelet-eur\u00f3pai orsz\u00e1gok kiv\u00e9tel n\u00e9lk\u00fcl lehet\u0151v\u00e9 teszik a kor\u00e1bbi \u00e9vekben elszenvedett vesztes\u00e9gek \u00e1tvitel\u00e9t \u00e9s a k\u00e9s\u0151bbi \u00e9vek pozit\u00edv ad\u00f3alapj\u00e1hoz val\u00f3 viszony\u00edt\u00e1st<\/strong>. Ezzel a lehet\u0151s\u00e9ggel csak el\u0151re meghat\u00e1rozott id\u0151szakban lehet \u00e9lni, \u00e1ltal\u00e1ban 5\u20137 \u00e9vig, helyenk\u00e9nt csup\u00e1n 3\u20134 \u00e9vig. 7 orsz\u00e1g enged\u00e9lyezi a korl\u00e1tlan vesztes\u00e9g\u00e1tvitelt.<br \/>\n<div class=\"ads-in-post2\"><script async src=\"https:\/\/pagead2.googlesyndication.com\/pagead\/js\/adsbygoogle.js\"><\/script>\r\n<ins class=\"adsbygoogle\"\r\n     style=\"display:block\"\r\n     data-ad-format=\"fluid\"\r\n     data-ad-layout-key=\"-6t+ed+2i-1n-4w\"\r\n     data-ad-client=\"ca-pub-1959107119989764\"\r\n     data-ad-slot=\"4008251320\"><\/ins>\r\n<script>\r\n     (adsbygoogle = window.adsbygoogle || []).push({});\r\n<\/script><\/div>\n<p><strong>A t\u00e1rsas\u00e1gi nyeres\u00e9gad\u00f3r\u00f3l sz\u00f3lva \u00e9rdemes kiemelni, hogy Magyarorsz\u00e1g \u00e9s Litv\u00e1nia tov\u00e1bbra sem alkalmaz forr\u00e1sad\u00f3t a t\u0151kej\u00f6vedelmekre.<\/strong> 2019 \u00f3ta pedig itthon is el\u00e9rhet\u0151 a csoportos t\u00e1rsas\u00e1gi ad\u00f3z\u00e1s, amire kor\u00e1bban csak Ausztri\u00e1ban, Lengyelorsz\u00e1gban \u00e9s Bosznia-Hercegovin\u00e1ban volt m\u00f3d.<\/p>\n<p><strong>Transzfer\u00e1raz\u00e1s<\/strong><\/p>\n<p>2021-re a transzfer\u00e1rszab\u00e1lyoz\u00e1s <strong>gyakorlatilag az \u00f6sszes orsz\u00e1g ad\u00f3rendszer\u00e9ben megjelent<\/strong>, Montenegr\u00f3 kiv\u00e9tel\u00e9vel. Az OECD \u00e1ltal el\u0151\u00edrt, az \u00e1tl\u00e1that\u00f3s\u00e1g jav\u00edt\u00e1s\u00e1t c\u00e9lz\u00f3 \u201ecountry-by-country reporting\u201d (CbCR) el\u00e9rhet\u0151v\u00e9 teszi az ad\u00f3kock\u00e1zatok felm\u00e9r\u00e9s\u00e9hez sz\u00fcks\u00e9ges inform\u00e1ci\u00f3kat a helyi ad\u00f3hat\u00f3s\u00e1gok sz\u00e1m\u00e1ra.<\/p>\n<p><strong>Dr. H. Nagy D\u00e1niel kiemelte: <\/strong><strong><em>&#8222;A t\u00e1rsas\u00e1gi ad\u00f3z\u00e1sban a transzfer\u00e1raz\u00e1s k\u00f6vetkezetesebb alkalmaz\u00e1sa figyelhet\u0151 meg, amelyet egyre ink\u00e1bb kiterjesztenek a helyi ad\u00f3ztat\u00e1sban is.<\/em><\/strong><em> Ugyanakkor egyre nagyobb jelent\u0151s\u00e9gre tesz szert a magyar j\u00f6vedelemad\u00f3z\u00e1sban az a v\u00e1laszthat\u00f3 megold\u00e1s, amely \u2013 \u00c9sztorsz\u00e1ghoz \u00e9s Lengyelorsz\u00e1ghoz hasonl\u00f3an \u2013 csak a v\u00e1llalkoz\u00e1sb\u00f3l kivont osztal\u00e9kot, illetve t\u0151kej\u00f6vedelmet tekinti az ad\u00f3ztat\u00e1s alapj\u00e1nak, nem pedig a nyeres\u00e9get, illetve a vesztes\u00e9get. Ez a kisv\u00e1llalati ad\u00f3, amelynek hat\u00e1ly\u00e1t a jogalkot\u00f3k \u00e9vr\u0151l \u00e9vre egyre jobban kiterjesztik.&#8221;<\/em><\/p>\n<p>A transzfer\u00e1rakkal kapcsolatban <strong>az elm\u00falt \u00e9v legnagyobb kih\u00edv\u00e1sa vitathatatlanul a pand\u00e9mia<\/strong> <strong>k\u00f6vetkezm\u00e9nyeire val\u00f3 reag\u00e1l\u00e1s<\/strong> volt. A v\u00e1ls\u00e1g \u00e1talak\u00edtotta az elv\u00e1rhat\u00f3 profitszintet, a multinacion\u00e1lis v\u00e1llalatoknak be kellett avatkozniuk az \u00e1raz\u00e1si strukt\u00far\u00e1jukba, az pedig tov\u00e1bbra is k\u00e9rd\u00e9s, hogy az ad\u00f3hat\u00f3s\u00e1gok mennyire fogj\u00e1k vitatni a kor\u00e1bbi \u00e9vek\u00e9t\u0151l jelent\u0151sen elmarad\u00f3 ad\u00f3alapm\u00e9rt\u00e9keket.<br \/>\n<div class=\"ads-in-post2\"><script async src=\"https:\/\/pagead2.googlesyndication.com\/pagead\/js\/adsbygoogle.js\"><\/script>\r\n<ins class=\"adsbygoogle\"\r\n     style=\"display:block\"\r\n     data-ad-format=\"fluid\"\r\n     data-ad-layout-key=\"-6t+ed+2i-1n-4w\"\r\n     data-ad-client=\"ca-pub-1959107119989764\"\r\n     data-ad-slot=\"4008251320\"><\/ins>\r\n<script>\r\n     (adsbygoogle = window.adsbygoogle || []).push({});\r\n<\/script><\/div>\n<p>\u00c9s hogy mi k\u00f6vetkezik a t\u00e1rsas\u00e1gi ad\u00f3z\u00e1sban, azt mutatja a G7 d\u00f6nt\u00e9se a glob\u00e1lis minimumad\u00f3 bevezet\u00e9s\u00e9r\u0151l. M\u00e9g nem l\u00e1tjuk a t\u00f6rt\u00e9net v\u00e9g\u00e9t, de egy\u00e9rtelm\u0171, hogy egyre kevesebb lehet\u0151s\u00e9g lesz arra, hogy a multinacion\u00e1lis c\u00e9gek nyeres\u00e9g\u00e1tcsoportos\u00edt\u00e1st alkalmazzanak. <strong>Magyarorsz\u00e1g kedvez\u0151tlen\u00fcl fogadta a glob\u00e1lis minimumad\u00f3 ir\u00e1ny\u00e1ba tett nemzetk\u00f6zi l\u00e9p\u00e9seket<\/strong>, hiszen az orsz\u00e1g egyik legnagyobb versenyel\u0151nye \u00e9ppen a kir\u00edv\u00f3an alacsony (9 sz\u00e1zal\u00e9k) t\u00e1rsas\u00e1giad\u00f3-kulcs.<\/p>\n<p>A teljes Ad\u00f3bros\u00fara ezen a linken el\u00e9rhet\u0151: https:\/\/www.mazars.hu\/Nyitolap\/Hirek\/Kiadvanyaink\/Kozep-es-Kelet-Europai-Adokalauz\/Mazars-Koezep-es-Kelet-Europai-Adokalauz-2021<\/p>\n<p>&nbsp;<\/p>\n<p><strong>A Mazars-r\u00f3l<\/strong><br \/>\nA Mazars olyan nemzetk\u00f6zi, integr\u00e1lt \u00e9s f\u00fcggetlen szervezet, amely a k\u00f6nyvvizsg\u00e1lat, a sz\u00e1mvitel, valamint az ad\u00f3-, p\u00e9nz\u00fcgyi, jogi* \u00e9s \u00fczleti tan\u00e1csad\u00e1s ter\u00fclet\u00e9n ny\u00fajt szolg\u00e1ltat\u00e1sokat \u00fcgyfeleinek. A Mazars a vil\u00e1g t\u00f6bb mint 90 orsz\u00e1g\u00e1ban van jelen: 42 000 szakember tud\u00e1s\u00e1ra t\u00e1maszkodva \u2013 26 000 f\u0151 az integr\u00e1lt partners\u00e9gben \u00e9s 16 000 f\u0151 a Mazars North America Alliance keret\u00e9ben \u2013 seg\u00edti \u00fcgyfeleit fejl\u0151d\u00e9s\u00fck minden szakasz\u00e1ban.<\/p>\n<p>A Magyarorsz\u00e1gon 1991 \u00f3ta jelen l\u00e9v\u0151 Mazars az egyik vezet\u0151 hazai k\u00f6nyvvizsg\u00e1l\u00f3 \u00e9s tan\u00e1csad\u00f3 v\u00e1llalat. 150 magasan k\u00e9pzett \u00e9s elk\u00f6telezett szakemberrel teljes k\u00f6r\u0171 szolg\u00e1ltat\u00e1st ny\u00fajt \u00fcgyfeleinek valamennyi \u00e1gazatban. A p\u00e9nz\u00fcgyi \u00e9s a banki szektorban ugyan\u00fagy, mint az iparban \u00e9s a szolg\u00e1ltat\u00e1sok ter\u00fclet\u00e9n. \u00dcgyf\u00e9lportf\u00f3li\u00f3j\u00e1ban a t\u0151zsd\u00e9n jegyzett, nemzetk\u00f6zi nagyv\u00e1llalatok hazai le\u00e1nyv\u00e1llalatai mellett megtal\u00e1lhat\u00f3k a magyar kis- \u00e9s k\u00f6z\u00e9pv\u00e1llalatok is.<\/p>\n<p>*Ahol ezt a helyi szab\u00e1lyoz\u00e1s lehet\u0151v\u00e9 teszi.<\/p>\n","protected":false},"excerpt":{"rendered":"<p>21 orsz\u00e1g aktu\u00e1lis ad\u00f3z\u00e1si inform\u00e1ci\u00f3ir\u00f3l ny\u00fajt k\u00f6rk\u00e9pet a Mazars nemzetk\u00f6zi k\u00f6nyvvizsg\u00e1l\u00f3 \u00e9s tan\u00e1csad\u00f3 v\u00e1llalat id\u00e9n kilencedik alkalommal kiadott ad\u00f3bros\u00far\u00e1ja, melynek f\u00f3kusz\u00e1ban a foglalkoztat\u00e1st terhel\u0151 \u00e9s a forgalmi t\u00edpus\u00fa ad\u00f3k mellett a t\u00e1rsas\u00e1gi nyeres\u00e9gad\u00f3z\u00e1s r\u00e9szletei \u00e9s a transzfer\u00e1raz\u00e1s \u00e1llnak. Hab\u00e1r a pand\u00e9mia sz\u00e1mos v\u00e1ltoz\u00e1st eredm\u00e9nyezett a r\u00e9gi\u00f3 minden orsz\u00e1g\u00e1nak ad\u00f3rendszer\u00e9ben, a kiadv\u00e1ny ez\u00fattal is a hossz\u00fa &#8230;<\/p>\n","protected":false},"author":1,"featured_media":0,"comment_status":"open","ping_status":"open","sticky":false,"template":"","format":"standard","meta":[],"categories":[19],"tags":[],"_links":{"self":[{"href":"https:\/\/gazdasagportal.hu\/index.php\/wp-json\/wp\/v2\/posts\/136552"}],"collection":[{"href":"https:\/\/gazdasagportal.hu\/index.php\/wp-json\/wp\/v2\/posts"}],"about":[{"href":"https:\/\/gazdasagportal.hu\/index.php\/wp-json\/wp\/v2\/types\/post"}],"author":[{"embeddable":true,"href":"https:\/\/gazdasagportal.hu\/index.php\/wp-json\/wp\/v2\/users\/1"}],"replies":[{"embeddable":true,"href":"https:\/\/gazdasagportal.hu\/index.php\/wp-json\/wp\/v2\/comments?post=136552"}],"version-history":[{"count":1,"href":"https:\/\/gazdasagportal.hu\/index.php\/wp-json\/wp\/v2\/posts\/136552\/revisions"}],"predecessor-version":[{"id":136553,"href":"https:\/\/gazdasagportal.hu\/index.php\/wp-json\/wp\/v2\/posts\/136552\/revisions\/136553"}],"wp:attachment":[{"href":"https:\/\/gazdasagportal.hu\/index.php\/wp-json\/wp\/v2\/media?parent=136552"}],"wp:term":[{"taxonomy":"category","embeddable":true,"href":"https:\/\/gazdasagportal.hu\/index.php\/wp-json\/wp\/v2\/categories?post=136552"},{"taxonomy":"post_tag","embeddable":true,"href":"https:\/\/gazdasagportal.hu\/index.php\/wp-json\/wp\/v2\/tags?post=136552"}],"curies":[{"name":"wp","href":"https:\/\/api.w.org\/{rel}","templated":true}]}}