{"id":136454,"date":"2021-06-23T12:11:25","date_gmt":"2021-06-23T10:11:25","guid":{"rendered":"https:\/\/gazdasagportal.hu\/?p=136454"},"modified":"2021-06-23T12:11:43","modified_gmt":"2021-06-23T10:11:43","slug":"koronavirus-izraelben-erosodik-a-jarvany","status":"publish","type":"post","link":"https:\/\/gazdasagportal.hu\/index.php\/koronavirus-izraelben-erosodik-a-jarvany\/","title":{"rendered":"Koronav\u00edrus &#8211; Izraelben er\u0151s\u00f6dik a j\u00e1rv\u00e1ny"},"content":{"rendered":"<p><strong>Izraelben ism\u00e9t er\u0151s\u00f6dik a koronav\u00edrus-j\u00e1rv\u00e1ny, \u00e9s megjelent a v\u00edrus fert\u0151z\u0151bb \u00e9s vesz\u00e9lyesebb delta v\u00e1ltozata &#8211; jelentette a helyi m\u00e9dia szerd\u00e1n.<\/strong><!--more--><\/p>\n<div class=\"ads-in-post2\"><script async src=\"https:\/\/pagead2.googlesyndication.com\/pagead\/js\/adsbygoogle.js\"><\/script>\r\n<ins class=\"adsbygoogle\"\r\n     style=\"display:block\"\r\n     data-ad-format=\"fluid\"\r\n     data-ad-layout-key=\"-6t+ed+2i-1n-4w\"\r\n     data-ad-client=\"ca-pub-1959107119989764\"\r\n     data-ad-slot=\"4008251320\"><\/ins>\r\n<script>\r\n     (adsbygoogle = window.adsbygoogle || []).push({});\r\n<\/script><\/div>\n<p>    A h\u00e9t elej\u00e9n n\u00f6veked\u00e9snek indult az \u00faj koronav\u00edrus-fert\u0151z\u00f6ttek sz\u00e1ma, m\u00e1r k\u00e9t egym\u00e1st k\u00f6vet\u0151 napon t\u00f6bb mint sz\u00e1z \u00faj v\u00edrushordoz\u00f3t azonos\u00edtottak: az eg\u00e9szs\u00e9g\u00fcgyi miniszt\u00e9rium honlapj\u00e1nak jelent\u00e9se szerint h\u00e9tf\u0151n 125-\u00f6t, kedden 110-et.<br \/>\n    A fert\u0151z\u00e9si egy\u00fctthat\u00f3 szerd\u00e1ra 1,55-re n\u0151tt, azaz minden sz\u00e1z fert\u0151z\u00f6tt ember \u00e1tlagosan 155 embernek adja \u00e1t a v\u00edrust, vagyis n\u00f6vekszik a fert\u0151z\u00f6ttek sz\u00e1ma. A h\u00f3nap elej\u00e9n m\u00e9g 0,87 volt ez a mutat\u00f3, azaz sz\u00e1zan csak 87 embert fert\u0151ztek meg, \u00e9s fokozatosan visszavonul\u00f3ban volt a j\u00e1rv\u00e1ny.<br \/>\n    Naftali Bennett minisztereln\u00f6k a Ben Gurion rep\u00fcl\u0151t\u00e9ren tartott,  minden helyi TV-csatorna \u00e1ltal k\u00f6zvet\u00edtett kedd esti besz\u00e9d\u00e9ben arra k\u00e9rte az izraelieket, hogy id\u00e9n ne utazzanak k\u00fclf\u00f6ldre, nyaraljanak az orsz\u00e1gban, hogy kevesebb es\u00e9llyel ker\u00fcljenek be k\u00fclf\u00f6ldr\u0151l az \u00fajabb v\u00edrusv\u00e1ltozatok.<br \/>\n    Bennett azt javasolta, hogy z\u00e1rt t\u00e9rben, s k\u00fcl\u00f6n\u00f6sen a zs\u00fafoltabb helyeken t\u00e9rjenek vissza a maszkvisel\u00e9shez, de egyel\u0151re az emberek bel\u00e1t\u00e1s\u00e1ra b\u00edzz\u00e1k ezt a k\u00e9rd\u00e9st, nem adtak ki erre vonatkoz\u00f3 rendeletet.<br \/>\n    Bejelentette, hogy a j\u00e1rv\u00e1ny er\u0151s\u00f6d\u00e9se miatt a korm\u00e1ny \u00fajraalak\u00edtja a koronav\u00edrus \u00fcgyeivel foglalkoz\u00f3, s ebben \u00e9rintett miniszterek \u00e9s miniszt\u00e9riumok k\u00e9pvisel\u0151it koordin\u00e1l\u00f3 k\u00fcl\u00f6nleges koronakabinetet.<br \/>\n     Ism\u00e9t k\u00f6telez\u0151 a maszkvisel\u00e9s a tel-avivi Ben Gurion rep\u00fcl\u0151t\u00e9r teljes ter\u00fclet\u00e9n, mind az \u00fatnak indul\u00f3k, mind az \u00e9rkez\u0151k sz\u00e1m\u00e1ra, \u00e9s csakis PCR koronav\u00edrus-teszt elv\u00e9gz\u00e9se ut\u00e1n mehetnek haza a k\u00fclf\u00f6ldr\u0151l visszat\u00e9r\u0151k, akiket &#8211; ha nincsenek beoltva &#8211; k\u00e9thetes karant\u00e9nra k\u00f6teleznek.<br \/>\n<div class=\"ads-in-post2\"><script async src=\"https:\/\/pagead2.googlesyndication.com\/pagead\/js\/adsbygoogle.js\"><\/script>\r\n<ins class=\"adsbygoogle\"\r\n     style=\"display:block\"\r\n     data-ad-format=\"fluid\"\r\n     data-ad-layout-key=\"-6t+ed+2i-1n-4w\"\r\n     data-ad-client=\"ca-pub-1959107119989764\"\r\n     data-ad-slot=\"4008251320\"><\/ins>\r\n<script>\r\n     (adsbygoogle = window.adsbygoogle || []).push({});\r\n<\/script><\/div>\n    Az izraelieknek megtiltott\u00e1k az utaz\u00e1st hat orsz\u00e1gba, Oroszorsz\u00e1gba, Indi\u00e1ba, D\u00e9l-Afrik\u00e1ba, Mexik\u00f3ba, Braz\u00edli\u00e1ba \u00e9s Argent\u00edn\u00e1ba, s kil\u00e9p\u00e9skor \u00edr\u00e1sban k\u00f6telezni\u00fck kell magukat, hogy nem utaznak ezekbe az orsz\u00e1gokba. Ha m\u00e9gis megteszik, igen s\u00falyos, \u00f6tezer s\u00e9keles (mintegy f\u00e9lmilli\u00f3 forintos) b\u00edrs\u00e1got kell fizetni\u00fck.<br \/>\n    A Makkabi eg\u00e9szs\u00e9gbiztos\u00edt\u00f3 p\u00e9nzt\u00e1rhoz tartoz\u00f3 \u00f6sszes rendel\u0151ben ism\u00e9t elrendelt\u00e9k a maszkvisel\u00e9st, de a Klalit p\u00e9nzt\u00e1r int\u00e9zm\u00e9nyeiben egyel\u0151re csak aj\u00e1nlott\u00e1k a visszat\u00e9r\u00e9st a maszkokhoz.<br \/>\n     J\u00fanius m\u00e1sodik het\u00e9ben m\u00e9g \u00e1tlagosan csak 12-en fert\u0151z\u0151dtek meg naponta, s t\u00f6bb napon mind\u00f6ssze n\u00e9gy \u00faj v\u00edrushordoz\u00f3t tal\u00e1ltak, ezen a h\u00e9ten azonban m\u00e1r 87-re ugrott a napi \u00e1tlag. Az \u00faj esetek k\u00e9t g\u00f3cpontja Binjamina \u00e9s Modiin, ahov\u00e1 k\u00fclf\u00f6ldi utaz\u00e1sr\u00f3l visszat\u00e9r\u0151, \u00e9s m\u00e9g be nem oltott gyermekek vitt\u00e9k el a v\u00edrust.<br \/>\n    A gyerekek beoltott sz\u00fcleinek a helyi szab\u00e1lyok szerint a rep\u00fcl\u0151t\u00e9ri tesztel\u00e9s ut\u00e1n nem kell karant\u00e9nba vonulniuk, de a gyerekeket otthon kellett volna tartaniuk a meg\u00e9rkez\u00e9st k\u00f6vet\u0151 k\u00e9t h\u00e9tben. A nebul\u00f3k azonban megjelentek az iskol\u00e1kban \u00e9s az ifj\u00fas\u00e1gi mozgalom foglalkoz\u00e1sain, \u00e9s megfert\u0151zt\u00e9k t\u00e1rsaikat a koronav\u00edrus \u00faj v\u00e1ltozat\u00e1val. A j\u00f6v\u0151ben ilyen esetekben s\u00falyos b\u00edrs\u00e1got kapnak majd a sz\u00fcl\u0151k.<br \/>\n<div class=\"ads-in-post2\"><script async src=\"https:\/\/pagead2.googlesyndication.com\/pagead\/js\/adsbygoogle.js\"><\/script>\r\n<ins class=\"adsbygoogle\"\r\n     style=\"display:block\"\r\n     data-ad-format=\"fluid\"\r\n     data-ad-layout-key=\"-6t+ed+2i-1n-4w\"\r\n     data-ad-client=\"ca-pub-1959107119989764\"\r\n     data-ad-slot=\"4008251320\"><\/ins>\r\n<script>\r\n     (adsbygoogle = window.adsbygoogle || []).push({});\r\n<\/script><\/div>\n    Binjamina &#8222;narancss\u00e1rg\u00e1v\u00e1&#8221;, vagyis k\u00f6zepesen fert\u0151z\u00f6tt telep\u00fcl\u00e9ss\u00e9 v\u00e1lt, Modiin pedig &#8222;s\u00e1rga&#8221;, vagyis enyh\u00e9n fert\u0151z\u00f6tt lett, mik\u00f6zben Izrael \u00f6sszes t\u00f6bbi, 278 telep\u00fcl\u00e9se tov\u00e1bbra is &#8222;z\u00f6ld&#8221;, vagyis csak jelent\u00e9ktelen m\u00e9rt\u00e9kben tal\u00e1lhat\u00f3ak benn\u00fck v\u00edrushordoz\u00f3k.<br \/>\n    A december v\u00e9g\u00e9n kezd\u0151d\u00f6tt olt\u00e1si kamp\u00e1nyban Izrael mintegy 9,3 milli\u00f3s lakoss\u00e1g\u00e1b\u00f3l 5 506 696, 12 \u00e9vesn\u00e9l id\u0151sebb szem\u00e9lyt m\u00e1r legal\u00e1bb egyszer beoltottak a Pfizer \u00e9s a BioNTech k\u00f6z\u00f6sen kifejlesztett vakcin\u00e1j\u00e1val. Ez az orsz\u00e1g lakoss\u00e1g\u00e1nak 59,22 sz\u00e1zal\u00e9k\u00e1t jelenti.<br \/>\n    A h\u00e9t eleje \u00f3ta n\u00e9gy \u00faj, s\u00falyos \u00e1llapot\u00fa beteget sz\u00e1ll\u00edtottak k\u00f3rh\u00e1zba. Az eg\u00e9szs\u00e9g\u00fcgyi miniszt\u00e9rium jelent\u00e9se szerint egy oltatlan gyermeket is \u00e1polnak k\u00f6z\u00f6tt\u00fck. Az orvosi kezel\u00e9sre szorul\u00f3 fert\u0151z\u00f6ttek nyolcvan sz\u00e1zal\u00e9ka nem vette fel az olt\u00e1st.<br \/>\n<div class=\"ads-in-post2\"><script async src=\"https:\/\/pagead2.googlesyndication.com\/pagead\/js\/adsbygoogle.js\"><\/script>\r\n<ins class=\"adsbygoogle\"\r\n     style=\"display:block\"\r\n     data-ad-format=\"fluid\"\r\n     data-ad-layout-key=\"-6t+ed+2i-1n-4w\"\r\n     data-ad-client=\"ca-pub-1959107119989764\"\r\n     data-ad-slot=\"4008251320\"><\/ins>\r\n<script>\r\n     (adsbygoogle = window.adsbygoogle || []).push({});\r\n<\/script><\/div>\n     Jelenleg, a kor\u00e1bbiakn\u00e1l m\u00e1sf\u00e9lszer fert\u0151z\u0151bb delta v\u00edrusmut\u00e1nssal f\u00e9mjelzett \u00f6t\u00f6dik j\u00e1rv\u00e1nyhull\u00e1m kezdet\u00e9n 554 akt\u00edv fert\u0151z\u00f6ttet tart nyilv\u00e1n az eg\u00e9szs\u00e9g\u00fcgyi miniszt\u00e9rium. A pand\u00e9mia megjelen\u00e9se \u00f3ta 840 166 koronav\u00edrus-fert\u0151z\u00f6ttet azonos\u00edtottak. A betegs\u00e9gben tavaly febru\u00e1r \u00f3ta 6428-an haltak meg Izraelben.(MTI)<\/p>\n","protected":false},"excerpt":{"rendered":"<p>Izraelben ism\u00e9t er\u0151s\u00f6dik a koronav\u00edrus-j\u00e1rv\u00e1ny, \u00e9s megjelent a v\u00edrus fert\u0151z\u0151bb \u00e9s vesz\u00e9lyesebb delta v\u00e1ltozata &#8211; jelentette a helyi m\u00e9dia szerd\u00e1n.<\/p>\n","protected":false},"author":1001006,"featured_media":126001,"comment_status":"open","ping_status":"open","sticky":false,"template":"","format":"standard","meta":[],"categories":[427,436],"tags":[],"_links":{"self":[{"href":"https:\/\/gazdasagportal.hu\/index.php\/wp-json\/wp\/v2\/posts\/136454"}],"collection":[{"href":"https:\/\/gazdasagportal.hu\/index.php\/wp-json\/wp\/v2\/posts"}],"about":[{"href":"https:\/\/gazdasagportal.hu\/index.php\/wp-json\/wp\/v2\/types\/post"}],"author":[{"embeddable":true,"href":"https:\/\/gazdasagportal.hu\/index.php\/wp-json\/wp\/v2\/users\/1001006"}],"replies":[{"embeddable":true,"href":"https:\/\/gazdasagportal.hu\/index.php\/wp-json\/wp\/v2\/comments?post=136454"}],"version-history":[{"count":1,"href":"https:\/\/gazdasagportal.hu\/index.php\/wp-json\/wp\/v2\/posts\/136454\/revisions"}],"predecessor-version":[{"id":136455,"href":"https:\/\/gazdasagportal.hu\/index.php\/wp-json\/wp\/v2\/posts\/136454\/revisions\/136455"}],"wp:featuredmedia":[{"embeddable":true,"href":"https:\/\/gazdasagportal.hu\/index.php\/wp-json\/wp\/v2\/media\/126001"}],"wp:attachment":[{"href":"https:\/\/gazdasagportal.hu\/index.php\/wp-json\/wp\/v2\/media?parent=136454"}],"wp:term":[{"taxonomy":"category","embeddable":true,"href":"https:\/\/gazdasagportal.hu\/index.php\/wp-json\/wp\/v2\/categories?post=136454"},{"taxonomy":"post_tag","embeddable":true,"href":"https:\/\/gazdasagportal.hu\/index.php\/wp-json\/wp\/v2\/tags?post=136454"}],"curies":[{"name":"wp","href":"https:\/\/api.w.org\/{rel}","templated":true}]}}