{"id":136426,"date":"2021-06-18T12:08:02","date_gmt":"2021-06-18T10:08:02","guid":{"rendered":"https:\/\/gazdasagportal.hu\/?p=136426"},"modified":"2021-06-17T14:39:39","modified_gmt":"2021-06-17T12:39:39","slug":"csokkent-aprilisban-az-epitoipari-termeles-az-euroovezetben","status":"publish","type":"post","link":"https:\/\/gazdasagportal.hu\/index.php\/csokkent-aprilisban-az-epitoipari-termeles-az-euroovezetben\/","title":{"rendered":"Cs\u00f6kkent \u00e1prilisban az \u00e9p\u00edt\u0151ipari termel\u00e9s az eur\u00f3\u00f6vezetben"},"content":{"rendered":"<p><strong>Cs\u00f6kkent \u00e1prilisban az \u00e9p\u00edt\u0151ipari termel\u00e9s az eur\u00f3\u00f6vezetben \u00e9s az EU-ban az Eur\u00f3pai Uni\u00f3 statisztikai hivatala, az Eurostat cs\u00fct\u00f6rt\u00f6k\u00f6n publik\u00e1lt jelent\u00e9se alapj\u00e1n.<\/strong><!--more--><\/p>\n<div class=\"ads-in-post1\"><div id=\"gazdasagportal.hu_fullbanner_wideboard\"><\/div>\r\n<\/div>\n<p>Az \u00e9p\u00edt\u0151ipari termel\u00e9s szezon\u00e1lis kiigaz\u00edt\u00e1ssal 2,2 sz\u00e1zal\u00e9kkal cs\u00f6kkent \u00e1prilisban az eur\u00f3\u00f6vezetben a m\u00e1rciusihoz k\u00e9pest, amikor 4,1 sz\u00e1zal\u00e9kos volt a havi n\u00f6veked\u00e9s.<br \/>\nAz eur\u00f3\u00f6vezet \u00e1prilisi \u00e9p\u00edt\u0151ipari ipari termel\u00e9se 42,3 sz\u00e1zal\u00e9kkal haladta meg az egy \u00e9vvel kor\u00e1bbit a koronav\u00edrus-v\u00e1ls\u00e1g miatt kialakult alacsony b\u00e1zis k\u00f6vetkezt\u00e9ben. \u00a0\u00a0\u00a0\u00a0M\u00e1rciusban 20,0 sz\u00e1zal\u00e9kkal haladta meg az \u00e9p\u00edt\u0151ipari termel\u00e9s az egy \u00e9vvel kor\u00e1bbit. A v\u00e1ls\u00e1g \u00e1ltal m\u00e9g nem \u00e9rintett tavalyi b\u00e1zishoz k\u00e9pest az idei febru\u00e1ri \u00e9p\u00edt\u0151ipari termel\u00e9s 5,3 sz\u00e1zal\u00e9kkal maradt el.<br \/>\nAz Eur\u00f3pai Uni\u00f3ban szezon\u00e1lis kiigaz\u00edt\u00e1ssal 1,6 sz\u00e1zal\u00e9kkal cs\u00f6kkent \u00e1prilisban az \u00e9p\u00edt\u0151ipari termel\u00e9s az el\u0151z\u0151 havihoz k\u00e9pest. M\u00e1rciusban 3,5 sz\u00e1zal\u00e9kos volt az \u00e9p\u00edt\u0151ipari termel\u00e9s havi n\u00f6veked\u00e9se.<br \/>\nAz egy \u00e9vvel kor\u00e1bbihoz k\u00e9pest \u00e1prilisban 32,7 sz\u00e1zal\u00e9kkal emelkedett az EU \u00e9p\u00edt\u0151ipari termel\u00e9se. M\u00e1rciusban 16,3 sz\u00e1zal\u00e9kkal \u00e1llt a 2020 m\u00e1rciusi felett, febru\u00e1rban viszont m\u00e9g 5,1 sz\u00e1zal\u00e9kkal volt alatta.<br \/>\n<div class=\"ads-in-post2\"><script async src=\"https:\/\/pagead2.googlesyndication.com\/pagead\/js\/adsbygoogle.js\"><\/script>\r\n<ins class=\"adsbygoogle\"\r\n     style=\"display:block\"\r\n     data-ad-format=\"fluid\"\r\n     data-ad-layout-key=\"-6t+ed+2i-1n-4w\"\r\n     data-ad-client=\"ca-pub-1959107119989764\"\r\n     data-ad-slot=\"4008251320\"><\/ins>\r\n<script>\r\n     (adsbygoogle = window.adsbygoogle || []).push({});\r\n<\/script><\/div>\nA legnagyobb havi cs\u00f6kken\u00e9s Magyarorsz\u00e1gon k\u00f6vetkezett be az \u00e9p\u00edt\u0151ipari termel\u00e9sben \u00e1prilisban, 7,3 sz\u00e1zal\u00e9kos. N\u00e9metorsz\u00e1gban 4,3 sz\u00e1zal\u00e9kkal, Szlov\u00e9ni\u00e1ban pedig 3,4 sz\u00e1zal\u00e9kkal cs\u00f6kkent az \u00e9p\u00edt\u0151ipar termel\u00e9se \u00e1prilisban az el\u0151z\u0151 havihoz k\u00e9pest. Rom\u00e1ni\u00e1ban 7,8 sz\u00e1zal\u00e9kkal n\u0151tt az \u00e9p\u00edt\u0151ipari termel\u00e9s \u00e1prilisban az el\u0151z\u0151 havihoz k\u00e9pest, Lengyelorsz\u00e1gban 4,9 sz\u00e1zal\u00e9kkal, Bulg\u00e1ri\u00e1ban pedig 2,3 sz\u00e1zal\u00e9kkal emelkedett.<br \/>\n\u00c9ves \u00f6sszevet\u00e9sben az \u00e9p\u00edt\u0151ipari termel\u00e9s Franciaorsz\u00e1gban n\u0151tt a legnagyobb m\u00e9rt\u00e9kben \u00e1prilisban, 160,4 sz\u00e1zal\u00e9kkal.<br \/>\n<div class=\"ads-in-post2\"><script async src=\"https:\/\/pagead2.googlesyndication.com\/pagead\/js\/adsbygoogle.js\"><\/script>\r\n<ins class=\"adsbygoogle\"\r\n     style=\"display:block\"\r\n     data-ad-format=\"fluid\"\r\n     data-ad-layout-key=\"-6t+ed+2i-1n-4w\"\r\n     data-ad-client=\"ca-pub-1959107119989764\"\r\n     data-ad-slot=\"4008251320\"><\/ins>\r\n<script>\r\n     (adsbygoogle = window.adsbygoogle || []).push({});\r\n<\/script><\/div>\nBelgiumban 45,2 sz\u00e1zal\u00e9kos, Ausztri\u00e1ban 37,3 sz\u00e1zal\u00e9kos volt a termel\u00e9sn\u00f6veked\u00e9s \u00e9ves b\u00e1zison. A legnagyobb \u00e9ves termel\u00e9scs\u00f6kken\u00e9st, 7,1 sz\u00e1zal\u00e9kost Magyarorsz\u00e1gon regisztr\u00e1lt\u00e1k \u00e1prilisban. Sv\u00e9dorsz\u00e1gban 5,5 sz\u00e1zal\u00e9kkal, Lengyelorsz\u00e1gban 4,2 sz\u00e1zal\u00e9kkal cs\u00f6kkent az \u00e9p\u00edt\u0151ipari termel\u00e9s \u00e1prilisban az egy \u00e9vvel kor\u00e1bbihoz k\u00e9pest.<br \/>\n<a title=\"Hely megnyit\u00e1sa\" href=\"https:\/\/ec.europa.eu\/eurostat\/documents\/2995521\/11563143\/4-17062021-BP-EN.pdf\" target=\"_blank\" rel=\"noopener\">https:\/\/ec.europa.eu\/eurostat\/documents\/2995521\/11563143\/4-17062021-BP-EN.pdf<\/a><br \/>\n(MTI)<\/p>\n","protected":false},"excerpt":{"rendered":"<p>Cs\u00f6kkent \u00e1prilisban az \u00e9p\u00edt\u0151ipari termel\u00e9s az eur\u00f3\u00f6vezetben \u00e9s az EU-ban az Eur\u00f3pai Uni\u00f3 statisztikai hivatala, az Eurostat cs\u00fct\u00f6rt\u00f6k\u00f6n publik\u00e1lt jelent\u00e9se alapj\u00e1n.<\/p>\n","protected":false},"author":1001005,"featured_media":0,"comment_status":"open","ping_status":"open","sticky":false,"template":"","format":"standard","meta":[],"categories":[19,246],"tags":[],"_links":{"self":[{"href":"https:\/\/gazdasagportal.hu\/index.php\/wp-json\/wp\/v2\/posts\/136426"}],"collection":[{"href":"https:\/\/gazdasagportal.hu\/index.php\/wp-json\/wp\/v2\/posts"}],"about":[{"href":"https:\/\/gazdasagportal.hu\/index.php\/wp-json\/wp\/v2\/types\/post"}],"author":[{"embeddable":true,"href":"https:\/\/gazdasagportal.hu\/index.php\/wp-json\/wp\/v2\/users\/1001005"}],"replies":[{"embeddable":true,"href":"https:\/\/gazdasagportal.hu\/index.php\/wp-json\/wp\/v2\/comments?post=136426"}],"version-history":[{"count":1,"href":"https:\/\/gazdasagportal.hu\/index.php\/wp-json\/wp\/v2\/posts\/136426\/revisions"}],"predecessor-version":[{"id":136427,"href":"https:\/\/gazdasagportal.hu\/index.php\/wp-json\/wp\/v2\/posts\/136426\/revisions\/136427"}],"wp:attachment":[{"href":"https:\/\/gazdasagportal.hu\/index.php\/wp-json\/wp\/v2\/media?parent=136426"}],"wp:term":[{"taxonomy":"category","embeddable":true,"href":"https:\/\/gazdasagportal.hu\/index.php\/wp-json\/wp\/v2\/categories?post=136426"},{"taxonomy":"post_tag","embeddable":true,"href":"https:\/\/gazdasagportal.hu\/index.php\/wp-json\/wp\/v2\/tags?post=136426"}],"curies":[{"name":"wp","href":"https:\/\/api.w.org\/{rel}","templated":true}]}}