{"id":136422,"date":"2021-06-20T10:37:59","date_gmt":"2021-06-20T08:37:59","guid":{"rendered":"https:\/\/gazdasagportal.hu\/?p=136422"},"modified":"2021-06-17T14:19:50","modified_gmt":"2021-06-17T12:19:50","slug":"a-bkik-a-fogyasztas-osztonzesevel-segitene-a-vendeglatokon","status":"publish","type":"post","link":"https:\/\/gazdasagportal.hu\/index.php\/a-bkik-a-fogyasztas-osztonzesevel-segitene-a-vendeglatokon\/","title":{"rendered":"A BKIK a fogyaszt\u00e1s \u00f6szt\u00f6nz\u00e9s\u00e9vel seg\u00edtene a vend\u00e9gl\u00e1t\u00f3kon"},"content":{"rendered":"<p><strong>A Budapesti Kereskedelmi \u00e9s Iparkamara (BKIK) a koronav\u00edrus-j\u00e1rv\u00e1ny miatt neh\u00e9z helyzetbe ker\u00fclt f\u0151v\u00e1rosi vend\u00e9gl\u00e1t\u00f3helyek megseg\u00edt\u00e9s\u00e9re #\u00fajranyitvaBP szlogennel kuponprogramot ind\u00edtott &#8211; jelentette be Nagy Elek, a BKIK eln\u00f6ke cs\u00fct\u00f6rt\u00f6k\u00f6n sajt\u00f3t\u00e1j\u00e9koztat\u00f3n, Budapesten.<\/strong><!--more--><\/p>\n<div class=\"ads-in-post1\"><div id=\"gazdasagportal.hu_fullbanner_wideboard\"><\/div>\r\n<\/div>\n<p>    Elmondta, hogy a BKIK a v\u00e1llalkoz\u00e1sok kamarai hozz\u00e1j\u00e1rul\u00e1s\u00e1b\u00f3l 75 milli\u00f3 forintos szolidarit\u00e1si alapot hozott l\u00e9tre, amelynek terh\u00e9re indul\u00e1skor mintegy 10 ezer f\u0151v\u00e1rosi vend\u00e9gl\u00e1t\u00f3 a pand\u00e9mia idej\u00e9n helyt\u00e1ll\u00f3 10 ezer &#8222;mindennapi h\u0151st&#8221; l\u00e1that vend\u00e9g\u00fcl 10-50 f\u0151s csoportban egy eb\u00e9dre, vacsor\u00e1ra.<br \/>\n    Nagy Elek kiemelte, hogy a szolidarit\u00e1si alapba a pand\u00e9mi\u00e1ban kev\u00e9sb\u00e9 \u00e9rintett v\u00e1llalkoz\u00e1sok befizet\u00e9s\u00e9t is v\u00e1rj\u00e1k, hogy b\u0151v\u00fclhessen a t\u00e1mogatottak k\u00f6re.<br \/>\n    A kamara programj\u00e1ban a f\u0151v\u00e1rosi vend\u00e9gl\u00e1t\u00f3ipari v\u00e1llalkoz\u00e1sok p\u00e1ly\u00e1zhatnak a fogyaszt\u00e1sikupon-t\u00e1mogat\u00e1sra, megjel\u00f6lve a vend\u00e9gek k\u00f6r\u00e9t \u00e9s sz\u00e1m\u00e1t.<br \/>\n    Nagy Elek kit\u00e9rt arra, a fogyaszt\u00e1s\u00f6szt\u00f6nz\u0151 programmal szeretn\u00e9k megk\u00f6sz\u00f6nni a pand\u00e9mia idej\u00e9n neh\u00e9z helyzetben helyt\u00e1ll\u00f3k &#8211; k\u00f6zt\u00fck az eg\u00e9szs\u00e9g\u00fcgyben, a k\u00f6zszolg\u00e1ltat\u00e1sban, az oktat\u00e1sban, a rendv\u00e9delemben dolgoz\u00f3k, \u00e9s sz\u00fcl\u0151k &#8211; munk\u00e1j\u00e1t is.<br \/>\n<div class=\"ads-in-post2\"><script async src=\"https:\/\/pagead2.googlesyndication.com\/pagead\/js\/adsbygoogle.js\"><\/script>\r\n<ins class=\"adsbygoogle\"\r\n     style=\"display:block\"\r\n     data-ad-format=\"fluid\"\r\n     data-ad-layout-key=\"-6t+ed+2i-1n-4w\"\r\n     data-ad-client=\"ca-pub-1959107119989764\"\r\n     data-ad-slot=\"4008251320\"><\/ins>\r\n<script>\r\n     (adsbygoogle = window.adsbygoogle || []).push({});\r\n<\/script><\/div>\n    A BKIK a program t\u00e1mogat\u00e1s\u00e1hoz nagyk\u00f6veteket k\u00e9rt fel, akik a sajt\u00f3t\u00e1j\u00e9koztat\u00f3n \u00fcdv\u00f6z\u00f6lt\u00e9k a kamara kezdem\u00e9nyez\u00e9s\u00e9t, k\u00f6zt\u00fck Kir\u00e1ly N\u00f3ra, a Fiatal Csal\u00e1dosok Klubj\u00e1nak alap\u00edt\u00f3ja, Gy\u0151rfi P\u00e1l, az Orsz\u00e1gos Ment\u0151szolg\u00e1lat sz\u00f3viv\u0151je, Kautzky Armand sz\u00ednm\u0171v\u00e9sz \u00e9s Kulcs\u00e1r Kriszti\u00e1n, a Magyar Olimpiai Bizotts\u00e1g eln\u00f6ke.<br \/>\n    Semsei Rudolf, \u00e9tteremtulajdonos arr\u00f3l besz\u00e9lt, hogy a f\u0151v\u00e1rosi vend\u00e9gl\u00e1t\u00f3iparban hi\u00e1nyoznak a szakk\u00e9pzett munkav\u00e1llal\u00f3k, nehezen t\u00e9rnek vissza, mert tartanak a j\u00e1rv\u00e1ny \u00fajabb hull\u00e1m\u00e1t\u00f3l. Asztalos Istv\u00e1n, az \u00c9trend Magyar Konyhaf\u0151n\u00f6k\u00f6k Egyes\u00fclet eln\u00f6ke pedig arra h\u00edvta fel a figyelmet, hogy a f\u0151v\u00e1ros turizmus\u00e1nak vissza\u00e9p\u00edt\u00e9se nemzetgazdas\u00e1gi \u00e9rdek, ebben \u00fcgyes programokkal, \u00f6sszefog\u00e1ssal lehet eredm\u00e9nyt el\u00e9rni.<br \/>\n<div class=\"ads-in-post2\"><script async src=\"https:\/\/pagead2.googlesyndication.com\/pagead\/js\/adsbygoogle.js\"><\/script>\r\n<ins class=\"adsbygoogle\"\r\n     style=\"display:block\"\r\n     data-ad-format=\"fluid\"\r\n     data-ad-layout-key=\"-6t+ed+2i-1n-4w\"\r\n     data-ad-client=\"ca-pub-1959107119989764\"\r\n     data-ad-slot=\"4008251320\"><\/ins>\r\n<script>\r\n     (adsbygoogle = window.adsbygoogle || []).push({});\r\n<\/script><\/div>\n    A BKIK fogyaszt\u00e1s\u00f6szt\u00f6nz\u0151 kamp\u00e1ny\u00e1nak \u00e9s esem\u00e9nyfinansz\u00edroz\u00f3 programj\u00e1nak r\u00e9szletei, valamint a p\u00e1ly\u00e1zati felt\u00e9telek j\u00fanius 18-\u00e1t\u00f3l a ujranyitvabp.bkik.hu honlapon olvashat\u00f3k.(MTI)<\/p>\n","protected":false},"excerpt":{"rendered":"<p>A Budapesti Kereskedelmi \u00e9s Iparkamara (BKIK) a koronav\u00edrus-j\u00e1rv\u00e1ny miatt neh\u00e9z helyzetbe ker\u00fclt f\u0151v\u00e1rosi vend\u00e9gl\u00e1t\u00f3helyek megseg\u00edt\u00e9s\u00e9re #\u00fajranyitvaBP szlogennel kuponprogramot ind\u00edtott &#8211; jelentette be Nagy Elek, a BKIK eln\u00f6ke cs\u00fct\u00f6rt\u00f6k\u00f6n sajt\u00f3t\u00e1j\u00e9koztat\u00f3n, Budapesten.<\/p>\n","protected":false},"author":1001005,"featured_media":0,"comment_status":"open","ping_status":"open","sticky":false,"template":"","format":"standard","meta":[],"categories":[19],"tags":[],"_links":{"self":[{"href":"https:\/\/gazdasagportal.hu\/index.php\/wp-json\/wp\/v2\/posts\/136422"}],"collection":[{"href":"https:\/\/gazdasagportal.hu\/index.php\/wp-json\/wp\/v2\/posts"}],"about":[{"href":"https:\/\/gazdasagportal.hu\/index.php\/wp-json\/wp\/v2\/types\/post"}],"author":[{"embeddable":true,"href":"https:\/\/gazdasagportal.hu\/index.php\/wp-json\/wp\/v2\/users\/1001005"}],"replies":[{"embeddable":true,"href":"https:\/\/gazdasagportal.hu\/index.php\/wp-json\/wp\/v2\/comments?post=136422"}],"version-history":[{"count":1,"href":"https:\/\/gazdasagportal.hu\/index.php\/wp-json\/wp\/v2\/posts\/136422\/revisions"}],"predecessor-version":[{"id":136423,"href":"https:\/\/gazdasagportal.hu\/index.php\/wp-json\/wp\/v2\/posts\/136422\/revisions\/136423"}],"wp:attachment":[{"href":"https:\/\/gazdasagportal.hu\/index.php\/wp-json\/wp\/v2\/media?parent=136422"}],"wp:term":[{"taxonomy":"category","embeddable":true,"href":"https:\/\/gazdasagportal.hu\/index.php\/wp-json\/wp\/v2\/categories?post=136422"},{"taxonomy":"post_tag","embeddable":true,"href":"https:\/\/gazdasagportal.hu\/index.php\/wp-json\/wp\/v2\/tags?post=136422"}],"curies":[{"name":"wp","href":"https:\/\/api.w.org\/{rel}","templated":true}]}}