{"id":136418,"date":"2021-06-19T11:12:13","date_gmt":"2021-06-19T09:12:13","guid":{"rendered":"https:\/\/gazdasagportal.hu\/?p=136418"},"modified":"2021-06-17T14:13:18","modified_gmt":"2021-06-17T12:13:18","slug":"julius-2-an-elindul-a-nemzetkozi-vasuti-forgalom-az-adriara","status":"publish","type":"post","link":"https:\/\/gazdasagportal.hu\/index.php\/julius-2-an-elindul-a-nemzetkozi-vasuti-forgalom-az-adriara\/","title":{"rendered":"J\u00falius 2-\u00e1n elindul a nemzetk\u00f6zi vas\u00fati forgalom az Adri\u00e1ra"},"content":{"rendered":"<p><strong>\u00dajra elindul j\u00falius 2-\u00e1t\u00f3l Splitbe a M\u00c1V-Start egyik legn\u00e9pszer\u0171bb \u00e9jszakai vonata, az Adria InterCity, a vonat l\u00e9gkondicion\u00e1lt fekv\u0151- \u00e9s h\u00e1l\u00f3kocsikkal k\u00f6zlekedik &#8211; k\u00f6z\u00f6lte a vas\u00fatt\u00e1rsas\u00e1g az MTI-vel cs\u00fct\u00f6rt\u00f6k\u00f6n.<\/strong><!--more--><\/p>\n<div class=\"ads-in-post1\"><div id=\"gazdasagportal.hu_fullbanner_wideboard\"><\/div>\r\n<\/div>\n<p>     Homolya R\u00f3bert, a M\u00c1V Zrt. eln\u00f6k-vez\u00e9rigazgat\u00f3ja a k\u00f6zlem\u00e9ny szerint elmondta: az \u00e1toltotts\u00e1g n\u00f6veked\u00e9s\u00e9vel \u00e9l\u00e9nk\u00fcl a k\u00fclf\u00f6ldi idegenforgalom \u00e9s \u00fajraindult a nemzetk\u00f6zi vonatforgalom is. Most minden eddigin\u00e9l bizakod\u00f3bbak, \u00e9s a ny\u00e1ri szezonban megn\u00f6vekedett utassz\u00e1mra sz\u00e1m\u00edtanak &#8211; tette hozz\u00e1. M\u00edg \u00e1prilisban m\u00e9g csak k\u00f6zel 14 ezer, m\u00e1jusban m\u00e1r majdnem 26 ezer, m\u00edg j\u00faniusban eddig m\u00e1r k\u00f6zel 19 ezer utas v\u00e1ltott nemzetk\u00f6zi menetjegyet. A statisztik\u00e1k szerint a legfontosabb c\u00e9lorsz\u00e1gok Ausztria, N\u00e9metorsz\u00e1g, Rom\u00e1nia, Szlov\u00e1kia \u00e9s Csehorsz\u00e1g &#8211; ismertette.<br \/>\n    Az Adria InterCity menetideje Budapestr\u0151l Splitbe 14 \u00f3ra, amelynek nagy r\u00e9sze az \u00e9jszakai \u00f3r\u00e1kra esik. Id\u00e9n a j\u00e1rat 5 darab \u00faj arculatos, l\u00e9gkondicion\u00e1lt fekv\u0151- \u00e9s h\u00e1l\u00f3kocsival fog k\u00f6zlekedik t\u00f6bb mint 210 f\u00e9r\u0151hellyel. A meg\u00fajult Utasell\u00e1t\u00f3 min\u0151s\u00e9gi szolg\u00e1ltat\u00e1st k\u00edn\u00e1l. A h\u00e1l\u00f3kocsik utasai sz\u00e1m\u00e1ra felszolg\u00e1lt reggeli is a szolg\u00e1ltat\u00e1s r\u00e9sze. A vonat id\u00e9n el\u0151sz\u00f6r a teljes szakaszon tov\u00e1bb\u00edt \u00e9tkez\u0151kocsit.<br \/>\n<div class=\"ads-in-post2\"><script async src=\"https:\/\/pagead2.googlesyndication.com\/pagead\/js\/adsbygoogle.js\"><\/script>\r\n<ins class=\"adsbygoogle\"\r\n     style=\"display:block\"\r\n     data-ad-format=\"fluid\"\r\n     data-ad-layout-key=\"-6t+ed+2i-1n-4w\"\r\n     data-ad-client=\"ca-pub-1959107119989764\"\r\n     data-ad-slot=\"4008251320\"><\/ins>\r\n<script>\r\n     (adsbygoogle = window.adsbygoogle || []).push({});\r\n<\/script><\/div>\n    A jegy\u00e9rt\u00e9kes\u00edt\u00e9st m\u00e1r cs\u00fct\u00f6rt\u00f6k\u00f6n megkezdik. Feln\u0151tt jegyek 48 eur\u00f3t\u00f3l, gyermekjegyek 25 eur\u00f3t\u00f3l \u00e9rhet\u0151k el.<br \/>\n    Azt is k\u00f6z\u00f6lt\u00e9k: j\u00falius 2-t\u0151l augusztus v\u00e9g\u00e9ig heti rendszeress\u00e9ggel a Vol\u00e1nbusz is ind\u00edt l\u00e9gkondicion\u00e1lt aut\u00f3buszokat Splitbe \u00e9s Porecbe. A Dalm\u00e1t expressz budapesti, si\u00f3foki \u00e9s nagykanizsai indul\u00e1ssal k\u00f6zlekedik Zadar, Biograd, Vodice, \u00a9ibenik, Primo\u0105ten, Trogir \u00e9s Split v\u00e1ros\u00e1ba. Az Adria expresszel &#8211; szint\u00e9n budapesti, si\u00f3foki \u00e9s nagykanizsai indul\u00e1ssal &#8211; Rijeka, Optija, Pula, Rovinj \u00e9s Pore\u010d \u00e9rhet\u0151k el.(MTI)<\/p>\n","protected":false},"excerpt":{"rendered":"<p>\u00dajra elindul j\u00falius 2-\u00e1t\u00f3l Splitbe a M\u00c1V-Start egyik legn\u00e9pszer\u0171bb \u00e9jszakai vonata, az Adria InterCity, a vonat l\u00e9gkondicion\u00e1lt fekv\u0151- \u00e9s h\u00e1l\u00f3kocsikkal k\u00f6zlekedik &#8211; k\u00f6z\u00f6lte a vas\u00fatt\u00e1rsas\u00e1g az MTI-vel cs\u00fct\u00f6rt\u00f6k\u00f6n.<\/p>\n","protected":false},"author":1001005,"featured_media":0,"comment_status":"open","ping_status":"open","sticky":false,"template":"","format":"standard","meta":[],"categories":[4,5],"tags":[],"_links":{"self":[{"href":"https:\/\/gazdasagportal.hu\/index.php\/wp-json\/wp\/v2\/posts\/136418"}],"collection":[{"href":"https:\/\/gazdasagportal.hu\/index.php\/wp-json\/wp\/v2\/posts"}],"about":[{"href":"https:\/\/gazdasagportal.hu\/index.php\/wp-json\/wp\/v2\/types\/post"}],"author":[{"embeddable":true,"href":"https:\/\/gazdasagportal.hu\/index.php\/wp-json\/wp\/v2\/users\/1001005"}],"replies":[{"embeddable":true,"href":"https:\/\/gazdasagportal.hu\/index.php\/wp-json\/wp\/v2\/comments?post=136418"}],"version-history":[{"count":1,"href":"https:\/\/gazdasagportal.hu\/index.php\/wp-json\/wp\/v2\/posts\/136418\/revisions"}],"predecessor-version":[{"id":136419,"href":"https:\/\/gazdasagportal.hu\/index.php\/wp-json\/wp\/v2\/posts\/136418\/revisions\/136419"}],"wp:attachment":[{"href":"https:\/\/gazdasagportal.hu\/index.php\/wp-json\/wp\/v2\/media?parent=136418"}],"wp:term":[{"taxonomy":"category","embeddable":true,"href":"https:\/\/gazdasagportal.hu\/index.php\/wp-json\/wp\/v2\/categories?post=136418"},{"taxonomy":"post_tag","embeddable":true,"href":"https:\/\/gazdasagportal.hu\/index.php\/wp-json\/wp\/v2\/tags?post=136418"}],"curies":[{"name":"wp","href":"https:\/\/api.w.org\/{rel}","templated":true}]}}