{"id":136411,"date":"2021-06-21T16:21:25","date_gmt":"2021-06-21T14:21:25","guid":{"rendered":"https:\/\/gazdasagportal.hu\/?p=136411"},"modified":"2021-06-17T12:23:11","modified_gmt":"2021-06-17T10:23:11","slug":"budapesti-utdij-bevezeteset-surgeti-a-levego-munkacsoport","status":"publish","type":"post","link":"https:\/\/gazdasagportal.hu\/index.php\/budapesti-utdij-bevezeteset-surgeti-a-levego-munkacsoport\/","title":{"rendered":"Budapesti \u00fatd\u00edj bevezet\u00e9s\u00e9t s\u00fcrgeti a Leveg\u0151 Munkacsoport"},"content":{"rendered":"<p style=\"font-weight: 400;\"><strong>Minden szem\u00e9ly- \u00e9s teherg\u00e9pkocsira kiterjed\u0151 budapesti \u00fatd\u00edj bevezet\u00e9s\u00e9\u00e9rt ind\u00edt\u00a0<\/strong><strong>pet\u00edci\u00f3t<\/strong><strong>\u00a0a Leveg\u0151 Munkacsoport. A kilom\u00e9ter-\u00e9s szennyez\u00e9s-ar\u00e1nyos \u00fatd\u00edj a teheraut\u00f3k eset\u00e9ben jelenleg is l\u00e9tezik orsz\u00e1gunkban mintegy 7100 kilom\u00e9teren, ezt b\u0151v\u00edten\u00e9k ki Budapest eg\u00e9sz ter\u00fclet\u00e9re, kiterjesztve a szem\u00e9lyg\u00e9pj\u00e1rm\u0171vekre is, m\u00e9ghozz\u00e1 \u00fagy, hogy a v\u00e1rosi \u00fatd\u00edjb\u00f3l sz\u00e1rmaz\u00f3 bev\u00e9telt r\u00e9szben visszajuttatn\u00e1k a r\u00e1szorul\u00f3 budapestieknek, r\u00e9szben pedig a k\u00f6rnyezetk\u00edm\u00e9l\u0151bb k\u00f6zleked\u00e9sre ford\u00edtan\u00e1k.<\/strong><\/p>\n<p><!--more--><\/p>\n<div class=\"ads-in-post1\"><div id=\"gazdasagportal.hu_fullbanner_wideboard\"><\/div>\r\n<\/div>\n<p style=\"font-weight: 400;\">\u00d3ri\u00e1si k\u00e1rokat okoz a budapestieknek a hatalmas g\u00e9pj\u00e1rm\u0171k\u00f6zleked\u00e9s. Jelent\u0151sen hozz\u00e1j\u00e1rul a f\u0151v\u00e1rosi rossz leveg\u0151h\u00f6z, ami miatt \u00e9vente mintegy 2500 id\u0151 el\u0151tti hal\u00e1loz\u00e1s \u00e9s 200 000 megbeteged\u00e9s t\u00f6rt\u00e9nik. Sz\u00e1mtalan sz\u00edv- \u00e9s kering\u00e9si el\u00e9gtelens\u00e9g, az asztma \u00e9s a t\u00fcd\u0151r\u00e1k kialakul\u00e1sa is erre vezethet\u0151 vissza.<\/p>\n<p style=\"font-weight: 400;\"><em>\u201eJ\u00f3l l\u00e1tszik, hogy a jelenlegi g\u00e9pj\u00e1rm\u0171forgalom Budapesten nem fenntarthat\u00f3. Az aut\u00f3z\u00e1s okozta k\u00f6rnyezeti \u00e9s eg\u00e9szs\u00e9gi k\u00e1rok \u00e9vente meghaladj\u00e1k az 1000 milli\u00e1rd forintot. Ezek cs\u00f6kkent\u00e9se \u00e9rdek\u00e9ben s\u00fcrgetj\u00fck a v\u00e1rosi \u00fatd\u00edj bevezet\u00e9s\u00e9t, aminek hat\u00e1s\u00e1ra \u00e1tgondoltabb lenne az aut\u00f3haszn\u00e1lat, megsz\u0171nn\u00e9nek a dug\u00f3k \u00e9s \u00e9lhet\u0151bb lenne a f\u0151v\u00e1ros \u00e9s nem lenne ennyi megbeteged\u00e9s a k\u00f6rnyezetszennyez\u00e9s miatt\u201d \u2013\u00a0<\/em>mondta Luk\u00e1cs Andr\u00e1s, a Leveg\u0151 Munkacsoport eln\u00f6ke.<\/p><div id=\"gazda-271883700\" class=\"gazda-tartalomban gazda-entity-placement\"><script async src=\"https:\/\/pagead2.googlesyndication.com\/pagead\/js\/adsbygoogle.js\"><\/script>\r\n<ins class=\"adsbygoogle\"\r\n     style=\"display:block\"\r\n     data-ad-format=\"fluid\"\r\n     data-ad-layout-key=\"-6t+ed+2i-1n-4w\"\r\n     data-ad-client=\"ca-pub-1959107119989764\"\r\n     data-ad-slot=\"4008251320\"><\/ins>\r\n<script>\r\n     (adsbygoogle = window.adsbygoogle || []).push({});\r\n<\/script><\/div>\n<p style=\"font-weight: 400;\">A f\u0151v\u00e1rosi \u00fatd\u00edj hasonl\u00f3k\u00e9pp m\u0171k\u00f6dne, mint a jelenleg Magyarorsz\u00e1gon a teherg\u00e9pkocsikra kivetett \u00fathaszn\u00e1lati d\u00edj. Ennek m\u00e9rt\u00e9ke n\u00e9gy t\u00e9nyez\u0151t\u0151l f\u00fcgg: a megtett \u00fat hossz\u00e1t\u00f3l, a j\u00e1rm\u0171 leveg\u0151szennyez\u00e9si tulajdons\u00e1gait\u00f3l, a j\u00e1rm\u0171 tengelyterhel\u00e9s\u00e9t\u0151l \u00e9s az adott \u00fatvonalt\u00f3l. A v\u00e1rosi \u00fatd\u00edj eset\u00e9ben egy \u00f6t\u00f6dik t\u00e9nyez\u0151 lehetne a napszak, p\u00e9ld\u00e1ul \u00e9jszaka kevesebbet kellene fizetni, mint cs\u00facsid\u0151ben.<\/p>\n<div class=\"ads-in-post2\"><script async src=\"https:\/\/pagead2.googlesyndication.com\/pagead\/js\/adsbygoogle.js\"><\/script>\r\n<ins class=\"adsbygoogle\"\r\n     style=\"display:block\"\r\n     data-ad-format=\"fluid\"\r\n     data-ad-layout-key=\"-6t+ed+2i-1n-4w\"\r\n     data-ad-client=\"ca-pub-1959107119989764\"\r\n     data-ad-slot=\"4008251320\"><\/ins>\r\n<script>\r\n     (adsbygoogle = window.adsbygoogle || []).push({});\r\n<\/script><\/div>\n<p style=\"font-weight: 400;\">Az \u00fathaszn\u00e1lati d\u00edjb\u00f3l sz\u00e1rmaz\u00f3 bev\u00e9telt a\u00a0javaslat\u00a0szerint r\u00e9szben visszajuttatn\u00e1k a r\u00e1szorul\u00f3 budapestieknek. A bev\u00e9telek tov\u00e1bbi r\u00e9sz\u00e9b\u0151l pedig jav\u00edtani lehetne a gyalogos, ker\u00e9kp\u00e1ros \u00e9s egy\u00e9b k\u00f6rnyezetk\u00edm\u00e9l\u0151 k\u00f6zleked\u00e9si m\u00f3dok felt\u00e9teleit.<\/p>\n<p style=\"font-weight: 400;\">Most egy pet\u00edci\u00f3ban arra k\u00e9ri a civil szervezet a f\u0151v\u00e1ros vezet\u00e9s\u00e9t, hogy els\u0151 l\u00e9p\u00e9sk\u00e9nt k\u00e9sz\u00edttessen egy megval\u00f3s\u00edthat\u00f3s\u00e1gi tanulm\u00e1nyt a t\u00e9m\u00e1r\u00f3l.<\/p>\n<p style=\"font-weight: 400;\">A pet\u00edci\u00f3 itt \u00e9rhet\u0151 el:<br \/>\nhttps:\/\/szabad.ahang.hu\/petitions\/csokkentsek-a-budapestiek-terheit-a-fovarosi-utdij-bevezetesevel<\/p>\n<p style=\"font-weight: 400;\">Az \u00datd\u00edjat Budapestre! kamp\u00e1ny honlapja:<br \/>\nhttps:\/\/www.levego.hu\/kampanyok\/utdijat-budapestre\/<\/p>\n<p style=\"font-weight: 400;\">Az \u00datd\u00edjat Budapestre! kamp\u00e1ny Facebook oldala:<br \/>\nhttps:\/\/www.facebook.com\/utdijat.budapestre<\/p>\n","protected":false},"excerpt":{"rendered":"<p>Minden szem\u00e9ly- \u00e9s teherg\u00e9pkocsira kiterjed\u0151 budapesti \u00fatd\u00edj bevezet\u00e9s\u00e9\u00e9rt ind\u00edt\u00a0pet\u00edci\u00f3t\u00a0a Leveg\u0151 Munkacsoport. A kilom\u00e9ter-\u00e9s szennyez\u00e9s-ar\u00e1nyos \u00fatd\u00edj a teheraut\u00f3k eset\u00e9ben jelenleg is l\u00e9tezik orsz\u00e1gunkban mintegy 7100 kilom\u00e9teren, ezt b\u0151v\u00edten\u00e9k ki Budapest eg\u00e9sz ter\u00fclet\u00e9re, kiterjesztve a szem\u00e9lyg\u00e9pj\u00e1rm\u0171vekre is, m\u00e9ghozz\u00e1 \u00fagy, hogy a v\u00e1rosi \u00fatd\u00edjb\u00f3l sz\u00e1rmaz\u00f3 bev\u00e9telt r\u00e9szben visszajuttatn\u00e1k a r\u00e1szorul\u00f3 budapestieknek, r\u00e9szben pedig a k\u00f6rnyezetk\u00edm\u00e9l\u0151bb k\u00f6zleked\u00e9sre ford\u00edtan\u00e1k.<\/p>\n","protected":false},"author":1001005,"featured_media":0,"comment_status":"open","ping_status":"open","sticky":false,"template":"","format":"standard","meta":[],"categories":[19],"tags":[],"_links":{"self":[{"href":"https:\/\/gazdasagportal.hu\/index.php\/wp-json\/wp\/v2\/posts\/136411"}],"collection":[{"href":"https:\/\/gazdasagportal.hu\/index.php\/wp-json\/wp\/v2\/posts"}],"about":[{"href":"https:\/\/gazdasagportal.hu\/index.php\/wp-json\/wp\/v2\/types\/post"}],"author":[{"embeddable":true,"href":"https:\/\/gazdasagportal.hu\/index.php\/wp-json\/wp\/v2\/users\/1001005"}],"replies":[{"embeddable":true,"href":"https:\/\/gazdasagportal.hu\/index.php\/wp-json\/wp\/v2\/comments?post=136411"}],"version-history":[{"count":1,"href":"https:\/\/gazdasagportal.hu\/index.php\/wp-json\/wp\/v2\/posts\/136411\/revisions"}],"predecessor-version":[{"id":136412,"href":"https:\/\/gazdasagportal.hu\/index.php\/wp-json\/wp\/v2\/posts\/136411\/revisions\/136412"}],"wp:attachment":[{"href":"https:\/\/gazdasagportal.hu\/index.php\/wp-json\/wp\/v2\/media?parent=136411"}],"wp:term":[{"taxonomy":"category","embeddable":true,"href":"https:\/\/gazdasagportal.hu\/index.php\/wp-json\/wp\/v2\/categories?post=136411"},{"taxonomy":"post_tag","embeddable":true,"href":"https:\/\/gazdasagportal.hu\/index.php\/wp-json\/wp\/v2\/tags?post=136411"}],"curies":[{"name":"wp","href":"https:\/\/api.w.org\/{rel}","templated":true}]}}