{"id":136395,"date":"2021-06-22T10:55:10","date_gmt":"2021-06-22T08:55:10","guid":{"rendered":"https:\/\/gazdasagportal.hu\/?p=136395"},"modified":"2021-06-17T14:18:43","modified_gmt":"2021-06-17T12:18:43","slug":"amerikaban-is-megujitja-a-mikromobilitast-a-magyarorszagra-szinten-hamarosan-megerkezo-europai-startup","status":"publish","type":"post","link":"https:\/\/gazdasagportal.hu\/index.php\/amerikaban-is-megujitja-a-mikromobilitast-a-magyarorszagra-szinten-hamarosan-megerkezo-europai-startup\/","title":{"rendered":"Amerik\u00e1ban is meg\u00faj\u00edtja a mikromobilit\u00e1st a Magyarorsz\u00e1gra szint\u00e9n hamarosan meg\u00e9rkez\u0151 eur\u00f3pai startup"},"content":{"rendered":"<p><strong>Eur\u00f3pa t\u00f6bb nagyv\u00e1ros\u00e1ban sikeresen z\u00e1rt projektekkel a h\u00e1ta m\u00f6g\u00f6tt, a mikromobilit\u00e1st forradalmas\u00edt\u00f3 \u00e9szt startup,<\/strong><strong> a DUCKT<\/strong><strong> az Egyes\u00fclt \u00c1llamokat vette c\u00e9lba. \u00a0A tervek szerint a c\u00e9g m\u00e9g id\u00e9n ny\u00e1ron, a f\u00fcggetlen tan\u00fas\u00edt\u00f3 szervezet, a DEKRA tan\u00fas\u00edtv\u00e1ny\u00e1val m\u0171k\u00f6d\u0151 1100 dokkol\u00f3 \u00e1llom\u00e1st fog ki\u00e9p\u00edteni t\u00f6bb mint 1000 e-ker\u00e9kp\u00e1r sz\u00e1m\u00e1ra Manhattan ter\u00fclet\u00e9n, \u00e9s ezzel a fenntarthat\u00f3 k\u00f6zleked\u00e9si norm\u00e1k kialak\u00edt\u00e1s\u00e1ban is komoly szerepet v\u00e1llal az amerikai piacon. Az USA-ban egy\u00fcttm\u0171k\u00f6dnek a JOCO-val, az els\u0151 olyan k\u00f6z\u00f6ss\u00e9gi haszn\u00e1lat\u00fa ker\u00e9kp\u00e1rh\u00e1l\u00f3zatot fenntart\u00f3 v\u00e1llalattal, amely 100 sz\u00e1zal\u00e9kban elektromos flott\u00e1val rendelkezik.<\/strong><!--more--><\/p>\n<div class=\"ads-in-post1\"><div id=\"gazdasagportal.hu_fullbanner_wideboard\"><\/div>\r\n<\/div>\n<p>Az amerikai piac megh\u00f3d\u00edt\u00e1sa mellett a Kanad\u00e1ban, az Egyes\u00fclt Arab Em\u00edr\u00e1tusokban, T\u00f6r\u00f6korsz\u00e1gban jelen l\u00e9v\u0151 DUCKT az eur\u00f3pai orsz\u00e1gokban is szeretne terjeszkedni. P\u00e1rizsban m\u00e1r tesztelik a szolg\u00e1ltat\u00e1st, ami hamarosan Magyarorsz\u00e1gra is meg\u00e9rkezik, k\u00f6sz\u00f6nhet\u0151en a fenntarthat\u00f3 projektek finansz\u00edroz\u00e1s\u00e1ban, illetve az eur\u00f3pai sz\u00e9n-dioxid-mentes\u00edt\u00e9si c\u00e9lkit\u0171z\u00e9sek el\u00e9r\u00e9s\u00e9t szorgalmaz\u00f3 EIT InnoEnergy-nek, amelynek legfrissebb tanulm\u00e1nya szerint a mikromobilit\u00e1s piaca a k\u00f6vetkez\u0151 hat \u00e9v sor\u00e1n 380 milli\u00f3 eur\u00f3ra fog n\u0151ni Eur\u00f3pa ter\u00fclet\u00e9n. A szervezet sz\u00e1m\u00edt\u00e1sai szerint 2030-ra k\u00f6r\u00fclbel\u00fcl 30 milli\u00f3 mag\u00e1n e-ker\u00e9kp\u00e1rral \u00e9s e-robog\u00f3val, valamint 2,7 milli\u00f3 k\u00f6z\u00f6s haszn\u00e1lat\u00fa k\u00f6zleked\u00e9si eszk\u00f6zzel lehet majd sz\u00e1molni a kontinensen. Az EIT InnoEnergy szerint a fenntarthat\u00f3 mikromobilit\u00e1si infrastruktur\u00e1lis megold\u00e1sok kulcsfontoss\u00e1g\u00fa szerepet fognak j\u00e1tszani a kl\u00edmav\u00e1ls\u00e1g kezel\u00e9s\u00e9ben, ez\u00e9rt is elk\u00f6telezettek az olyan v\u00e1llalatok mellett, mint a DUCKT, amely univerz\u00e1lis \u00e9s k\u00f6nnyen megval\u00f3s\u00edthat\u00f3 megold\u00e1sokat k\u00edn\u00e1l ezen a t\u00e9ren vil\u00e1gszerte.<\/p>\n<div class=\"ads-in-post2\"><script async src=\"https:\/\/pagead2.googlesyndication.com\/pagead\/js\/adsbygoogle.js\"><\/script>\r\n<ins class=\"adsbygoogle\"\r\n     style=\"display:block\"\r\n     data-ad-format=\"fluid\"\r\n     data-ad-layout-key=\"-6t+ed+2i-1n-4w\"\r\n     data-ad-client=\"ca-pub-1959107119989764\"\r\n     data-ad-slot=\"4008251320\"><\/ins>\r\n<script>\r\n     (adsbygoogle = window.adsbygoogle || []).push({});\r\n<\/script><\/div>\nJelenleg a mikromobilit\u00e1s el\u0151tt m\u00e9g vannak akad\u00e1lyok, amelyek t\u00f6bbek k\u00f6zt a j\u00e1rm\u0171vek r\u00f6vid \u00e9lettartam\u00e1t, a m\u0171k\u00f6d\u00e9si k\u00f6lts\u00e9geket, a nagyv\u00e1rosi k\u00f6zleked\u00e9si rendszerekbe illeszked\u00e9s\u00fcket \u00e9rintik. Viszont ezek egy rendszerszint\u0171 megk\u00f6zel\u00edt\u00e9ssel el\u0151bb-ut\u00f3bb kik\u00fcsz\u00f6b\u00f6lhet\u0151ek lesznek. Az eszk\u00f6z\u00f6k fejleszt\u00e9s\u00e9vel, a jobb min\u0151s\u00e9g\u0171 alkatr\u00e9szek haszn\u00e1lat\u00e1val, a jelenlegi t\u00f6lt\u00e9si neh\u00e9zs\u00e9gek \u00e1thidal\u00e1s\u00e1val, valamint a mostanin\u00e1l kedvez\u0151bb szab\u00e1lyoz\u00e1si k\u00f6rnyezet l\u00e9trehoz\u00e1s\u00e1val a mikromobilit\u00e1sban rejl\u0151 el\u0151ny\u00f6k is jelentkezni fognak. A szektor fejl\u0151d\u00e9s\u00e9vel k\u00f6zvetlen \u00e9s k\u00f6zvetett m\u00f3don egymilli\u00f3 \u00faj munkahely j\u00f6het l\u00e9tre, 30 milli\u00f3 tonn\u00e1val cs\u00f6kkenhet a sz\u00e9n-dioxid kibocs\u00e1t\u00e1s, \u00e9s ak\u00e1r \u00e9vi 127 THW energiafogyaszt\u00e1s is megsp\u00f3rolhat\u00f3v\u00e1 v\u00e1lik.<\/p>\n<div class=\"ads-in-post2\"><script async src=\"https:\/\/pagead2.googlesyndication.com\/pagead\/js\/adsbygoogle.js\"><\/script>\r\n<ins class=\"adsbygoogle\"\r\n     style=\"display:block\"\r\n     data-ad-format=\"fluid\"\r\n     data-ad-layout-key=\"-6t+ed+2i-1n-4w\"\r\n     data-ad-client=\"ca-pub-1959107119989764\"\r\n     data-ad-slot=\"4008251320\"><\/ins>\r\n<script>\r\n     (adsbygoogle = window.adsbygoogle || []).push({});\r\n<\/script><\/div>\n<p><strong><u>A DUCKT v\u00e1llalatr\u00f3l<\/u><\/strong><\/p><div id=\"gazda-1848116443\" class=\"gazda-tartalomban gazda-entity-placement\"><script async src=\"https:\/\/pagead2.googlesyndication.com\/pagead\/js\/adsbygoogle.js\"><\/script>\r\n<ins class=\"adsbygoogle\"\r\n     style=\"display:block\"\r\n     data-ad-format=\"fluid\"\r\n     data-ad-layout-key=\"-6t+ed+2i-1n-4w\"\r\n     data-ad-client=\"ca-pub-1959107119989764\"\r\n     data-ad-slot=\"4008251320\"><\/ins>\r\n<script>\r\n     (adsbygoogle = window.adsbygoogle || []).push({});\r\n<\/script><\/div>\n<p>A DUCKT egy olyan intelligens mobilit\u00e1sban \u00e9rdekelt start-up v\u00e1llalkoz\u00e1s, amely dokkol\u00f3, z\u00e1rol\u00f3 \u00e9s t\u00f6lt\u0151 infrastrukt\u00fara-megold\u00e1sokat fejleszt \u00e9s k\u00edn\u00e1l a v\u00e1rosi k\u00f6rnyezetben megval\u00f3sul\u00f3 mikromobilit\u00e1s jegy\u00e9ben. A DUCKT az\u00e1ltal teszi lehet\u0151v\u00e9 a mikromobilit\u00e1si eszk\u00f6z\u00f6k haszn\u00e1lat\u00e1t, hogy a v\u00e1rosok, a v\u00e1llalatok \u00e9s a felhaszn\u00e1l\u00f3k szempontjait is figyelembe v\u00e9ve foglalkozik a t\u00f6lt\u00e9ssel, valamint a biztons\u00e1ggal kapcsolatos infrastrukt\u00far\u00e1val, a szab\u00e1lyoz\u00e1ssal egyetemben.<\/p>\n<blockquote class=\"wp-embedded-content\" data-secret=\"aRdi03P8Bh\"><p><a href=\"https:\/\/duckt.app\/\" target=\"_blank\" rel=\"noopener\">Duckt &#8211; Universal Micromobility Infrastructure Solutions<\/a><\/p><\/blockquote>\n<p><iframe class=\"wp-embedded-content\" sandbox=\"allow-scripts\" security=\"restricted\" style=\"position: absolute; clip: rect(1px, 1px, 1px, 1px);\" title=\"&#8220;Duckt &#8211; Universal Micromobility Infrastructure Solutions&#8221; &#8212; Duckt\" src=\"https:\/\/duckt.app\/embed\/#?secret=aRdi03P8Bh\" data-secret=\"aRdi03P8Bh\" width=\"600\" height=\"338\" frameborder=\"0\" marginwidth=\"0\" marginheight=\"0\" scrolling=\"no\"><\/iframe><\/p>\n","protected":false},"excerpt":{"rendered":"<p>Eur\u00f3pa t\u00f6bb nagyv\u00e1ros\u00e1ban sikeresen z\u00e1rt projektekkel a h\u00e1ta m\u00f6g\u00f6tt, a mikromobilit\u00e1st forradalmas\u00edt\u00f3 \u00e9szt startup, a DUCKT az Egyes\u00fclt \u00c1llamokat vette c\u00e9lba. \u00a0A tervek szerint a c\u00e9g m\u00e9g id\u00e9n ny\u00e1ron, a f\u00fcggetlen tan\u00fas\u00edt\u00f3 szervezet, a DEKRA tan\u00fas\u00edtv\u00e1ny\u00e1val m\u0171k\u00f6d\u0151 1100 dokkol\u00f3 \u00e1llom\u00e1st fog ki\u00e9p\u00edteni t\u00f6bb mint 1000 e-ker\u00e9kp\u00e1r sz\u00e1m\u00e1ra Manhattan ter\u00fclet\u00e9n, \u00e9s ezzel a fenntarthat\u00f3 k\u00f6zleked\u00e9si norm\u00e1k &#8230;<\/p>\n","protected":false},"author":1001005,"featured_media":0,"comment_status":"open","ping_status":"open","sticky":false,"template":"","format":"standard","meta":[],"categories":[19],"tags":[],"_links":{"self":[{"href":"https:\/\/gazdasagportal.hu\/index.php\/wp-json\/wp\/v2\/posts\/136395"}],"collection":[{"href":"https:\/\/gazdasagportal.hu\/index.php\/wp-json\/wp\/v2\/posts"}],"about":[{"href":"https:\/\/gazdasagportal.hu\/index.php\/wp-json\/wp\/v2\/types\/post"}],"author":[{"embeddable":true,"href":"https:\/\/gazdasagportal.hu\/index.php\/wp-json\/wp\/v2\/users\/1001005"}],"replies":[{"embeddable":true,"href":"https:\/\/gazdasagportal.hu\/index.php\/wp-json\/wp\/v2\/comments?post=136395"}],"version-history":[{"count":1,"href":"https:\/\/gazdasagportal.hu\/index.php\/wp-json\/wp\/v2\/posts\/136395\/revisions"}],"predecessor-version":[{"id":136396,"href":"https:\/\/gazdasagportal.hu\/index.php\/wp-json\/wp\/v2\/posts\/136395\/revisions\/136396"}],"wp:attachment":[{"href":"https:\/\/gazdasagportal.hu\/index.php\/wp-json\/wp\/v2\/media?parent=136395"}],"wp:term":[{"taxonomy":"category","embeddable":true,"href":"https:\/\/gazdasagportal.hu\/index.php\/wp-json\/wp\/v2\/categories?post=136395"},{"taxonomy":"post_tag","embeddable":true,"href":"https:\/\/gazdasagportal.hu\/index.php\/wp-json\/wp\/v2\/tags?post=136395"}],"curies":[{"name":"wp","href":"https:\/\/api.w.org\/{rel}","templated":true}]}}