{"id":136350,"date":"2021-06-16T12:48:06","date_gmt":"2021-06-16T10:48:06","guid":{"rendered":"https:\/\/gazdasagportal.hu\/?p=136350"},"modified":"2021-06-16T12:08:59","modified_gmt":"2021-06-16T10:08:59","slug":"tovabb-lassult-a-kinai-ipar-es-kiskereskedelem-novekedese-majusban","status":"publish","type":"post","link":"https:\/\/gazdasagportal.hu\/index.php\/tovabb-lassult-a-kinai-ipar-es-kiskereskedelem-novekedese-majusban\/","title":{"rendered":"Tov\u00e1bb lassult a k\u00ednai ipar \u00e9s kiskereskedelem n\u00f6veked\u00e9se m\u00e1jusban"},"content":{"rendered":"<p><strong>Tov\u00e1bb lassult a k\u00ednai ipar \u00e9s kiskereskedelem n\u00f6veked\u00e9se m\u00e1jusban, a szak\u00e9rt\u0151i el\u0151rejelz\u00e9seket alulm\u00fal\u00f3 adatok azonban \u00edgy is a k\u00ednai gazdas\u00e1g helyre\u00e1ll\u00e1s\u00e1nak folytat\u00f3d\u00e1s\u00e1t t\u00fckr\u00f6zt\u00e9k.<\/strong><!--more--><\/p>\n<div class=\"ads-in-post1\"><div id=\"gazdasagportal.hu_fullbanner_wideboard\"><\/div>\r\n<\/div>\n<p>    A k\u00ednai statisztikai hivatal szerd\u00e1n k\u00f6zz\u00e9tett adatai szerint az ipari termel\u00e9s m\u00e1jusban 8,8 sz\u00e1zal\u00e9kkal n\u00f6vekedett \u00e9ves \u00f6sszevet\u00e9sben. Elemz\u0151k 9,0 sz\u00e1zal\u00e9kos b\u0151v\u00fcl\u00e9st val\u00f3sz\u00edn\u0171s\u00edtettek az \u00e1prilisban jegyzett, 9,8 sz\u00e1zal\u00e9kos n\u00f6veked\u00e9st k\u00f6vet\u0151en.<br \/>\n    Havi \u00f6sszevet\u00e9sben m\u00e1jusban 0,52 sz\u00e1zal\u00e9kos b\u0151v\u00fcl\u00e9st regisztr\u00e1ltak az el\u0151z\u0151 h\u00f3napoz k\u00e9pest, m\u00edg az \u00e9v els\u0151 \u00f6t h\u00f3napj\u00e1t tekintve a k\u00ednai ipar 17,8 sz\u00e1zal\u00e9kkal n\u0151tt a tavalyi \u00e9v azonos id\u0151szak\u00e1val \u00f6sszevetve.<br \/>\n    A termel\u00e9s kiemelked\u0151en er\u0151s n\u00f6veked\u00e9s\u00e9t m\u00e9rt\u00e9k az aut\u00f3ipar \u00faj energi\u00e1val m\u0171k\u00f6d\u0151 j\u00e1rm\u0171vek termel\u00e9s\u00e9vel foglalkoz\u00f3 \u00e1gazat\u00e1ban: a b\u0151v\u00fcl\u00e9s m\u00e9rt\u00e9ke m\u00e1jusban el\u00e9rte a 166,3 sz\u00e1zal\u00e9kot \u00e9ves \u00f6sszehasonl\u00edt\u00e1sban, j\u00f3llehet az adat enyh\u00e9n m\u00e9rs\u00e9kl\u0151d\u00f6tt az \u00e1prilisi, 175,9 sz\u00e1zal\u00e9kr\u00f3l. Er\u0151teljes n\u00f6veked\u00e9st produk\u00e1lt tov\u00e1bb\u00e1 a gy\u00f3gyszeripar is, 34,0 sz\u00e1zal\u00e9kkal javulva \u00e9ves b\u00e1zison.<br \/>\n    A kiskereskedelmi forgalom 12,4 sz\u00e1zal\u00e9kkal n\u0151tt m\u00e1jusban a m\u00falt \u00e9v azonos id\u0151szak\u00e1hoz k\u00e9pest. Elemz\u0151k 13,6 sz\u00e1zal\u00e9kos b\u0151v\u00fcl\u00e9st j\u00f3soltak az \u00e1prilisi, 17,7 sz\u00e1zal\u00e9kos n\u00f6veked\u00e9s ut\u00e1n. Tavaly m\u00e1jusban a kiskereskedelmi forgalom m\u00e9g 2,8 sz\u00e1zal\u00e9kos zsugorod\u00e1st mutatott.<br \/>\n    Havi \u00f6sszevet\u00e9sben a kiskereskedelem forgalma 0,81 sz\u00e1zal\u00e9kkal n\u0151tt m\u00e1jusban az el\u0151z\u0151 h\u00f3naphoz k\u00e9pest, m\u00edg az \u00e9v els\u0151 \u00f6t h\u00f3napj\u00e1t tekintve 25,7 sz\u00e1zal\u00e9kos b\u0151v\u00fcl\u00e9st m\u00e9rtek a m\u00falt \u00e9v azonos id\u0151szak\u00e1val \u00f6sszehasonl\u00edtva.<br \/>\n    A koronav\u00edrus-j\u00e1rv\u00e1ny \u00e1ltal nagy m\u00e9rt\u00e9kben s\u00fajtott vend\u00e9gl\u00e1t\u00f3ipar forgalma \u00e9ves b\u00e1zison 26,6 sz\u00e1zal\u00e9kkal er\u0151s\u00f6d\u00f6tt m\u00e1jusban, m\u00edg az \u00e9v els\u0151 \u00f6t h\u00f3napj\u00e1ban 56,8 sz\u00e1zal\u00e9kos n\u00f6veked\u00e9st \u00e9rt el. A j\u00e1rv\u00e1nyhelyzet \u00e1ltal j\u00f3val kisebb m\u00e9rt\u00e9kben \u00e9rintett internetes kiskereskedelemben janu\u00e1r-m\u00e1jusban 24,7 sz\u00e1zal\u00e9kos b\u0151v\u00fcl\u00e9st jegyeztek fel.<br \/>\n<div class=\"ads-in-post2\"><script async src=\"https:\/\/pagead2.googlesyndication.com\/pagead\/js\/adsbygoogle.js\"><\/script>\r\n<ins class=\"adsbygoogle\"\r\n     style=\"display:block\"\r\n     data-ad-format=\"fluid\"\r\n     data-ad-layout-key=\"-6t+ed+2i-1n-4w\"\r\n     data-ad-client=\"ca-pub-1959107119989764\"\r\n     data-ad-slot=\"4008251320\"><\/ins>\r\n<script>\r\n     (adsbygoogle = window.adsbygoogle || []).push({});\r\n<\/script><\/div>\n    Az \u00e1ll\u00f3eszk\u00f6z-beruh\u00e1z\u00e1sok \u00e9rt\u00e9ke szint\u00e9n a v\u00e1rakoz\u00e1sokat alulm\u00falva alakult: 15,4 sz\u00e1zal\u00e9kkal n\u0151tt az \u00e9v els\u0151 \u00f6t h\u00f3napj\u00e1ban. Elemz\u0151k 16,9 sz\u00e1zal\u00e9kos emelked\u00e9st jeleztek el\u0151re a janu\u00e1r-\u00e1prilisi, 19,9 sz\u00e1zal\u00e9kos b\u0151v\u00fcl\u00e9s ut\u00e1n. A beruh\u00e1z\u00e1sok t\u00f6bb mint fel\u00e9t kitev\u0151 mag\u00e1nberuh\u00e1z\u00e1sok \u00e9rt\u00e9ke 18,1 sz\u00e1zal\u00e9kkal n\u0151tt janu\u00e1r-m\u00e1jusban \u00e9ves b\u00e1zison.<br \/>\n    A statisztikai hivatal felm\u00e9r\u00e9se alapj\u00e1n a munkan\u00e9lk\u00fclis\u00e9gi r\u00e1ta 5,2 sz\u00e1zal\u00e9kos volt m\u00e1jusban, enyh\u00e9n emelkedve az \u00e1prilisi, 5,1 sz\u00e1zal\u00e9kos szinthez k\u00e9pest. Minthogy azonban a sz\u00e1m\u00edt\u00e1s alapj\u00e1t k\u00e9pez\u0151 felm\u00e9r\u00e9s nem teljes k\u00f6r\u0171, \u00edgy ez az adat nem felt\u00e9tlen\u00fcl fest h\u0171 k\u00e9pet a val\u00f3s helyzetr\u0151l. A k\u00ednai korm\u00e1nyzat az idei \u00e9vre azt t\u0171zte ki c\u00e9lul, hogy 5,5 sz\u00e1zal\u00e9k k\u00f6r\u00fcl tartja a munkan\u00e9lk\u00fclis\u00e9gi r\u00e1t\u00e1t, mik\u00f6zben 11 milli\u00f3 \u00faj, v\u00e1rosi munkahelyet teremt.<br \/>\n    A k\u00ednai Nemzeti Reform- \u00e9s Fejleszt\u00e9si Bizotts\u00e1g illet\u00e9kes oszt\u00e1lya egy szerdai k\u00f6zlem\u00e9nyben bejelentette, hogy ny\u00edlt aukci\u00f3ra bocs\u00e1tanak egyes, ipari f\u00e9meket &#8211; egyebek mellett cinket, alum\u00edniumot \u00e9s rezet &#8211; a nemzeti tartal\u00e9kb\u00f3l. Az int\u00e9zked\u00e9s c\u00e9lja a vil\u00e1ggazdas\u00e1g helyre\u00e1ll\u00e1sa ment\u00e9n egekbe sz\u00f6k\u00f6tt nyersanyag\u00e1rak, illetve az \u00e1remelked\u00e9s miatt akadoz\u00f3 ell\u00e1t\u00e1s kik\u00fcsz\u00f6b\u00f6l\u00e9se.(MTI)<\/p>\n","protected":false},"excerpt":{"rendered":"<p>Tov\u00e1bb lassult a k\u00ednai ipar \u00e9s kiskereskedelem n\u00f6veked\u00e9se m\u00e1jusban, a szak\u00e9rt\u0151i el\u0151rejelz\u00e9seket alulm\u00fal\u00f3 adatok azonban \u00edgy is a k\u00ednai gazdas\u00e1g helyre\u00e1ll\u00e1s\u00e1nak folytat\u00f3d\u00e1s\u00e1t t\u00fckr\u00f6zt\u00e9k.<\/p>\n","protected":false},"author":1001006,"featured_media":0,"comment_status":"open","ping_status":"open","sticky":false,"template":"","format":"standard","meta":[],"categories":[19,246],"tags":[],"_links":{"self":[{"href":"https:\/\/gazdasagportal.hu\/index.php\/wp-json\/wp\/v2\/posts\/136350"}],"collection":[{"href":"https:\/\/gazdasagportal.hu\/index.php\/wp-json\/wp\/v2\/posts"}],"about":[{"href":"https:\/\/gazdasagportal.hu\/index.php\/wp-json\/wp\/v2\/types\/post"}],"author":[{"embeddable":true,"href":"https:\/\/gazdasagportal.hu\/index.php\/wp-json\/wp\/v2\/users\/1001006"}],"replies":[{"embeddable":true,"href":"https:\/\/gazdasagportal.hu\/index.php\/wp-json\/wp\/v2\/comments?post=136350"}],"version-history":[{"count":2,"href":"https:\/\/gazdasagportal.hu\/index.php\/wp-json\/wp\/v2\/posts\/136350\/revisions"}],"predecessor-version":[{"id":136352,"href":"https:\/\/gazdasagportal.hu\/index.php\/wp-json\/wp\/v2\/posts\/136350\/revisions\/136352"}],"wp:attachment":[{"href":"https:\/\/gazdasagportal.hu\/index.php\/wp-json\/wp\/v2\/media?parent=136350"}],"wp:term":[{"taxonomy":"category","embeddable":true,"href":"https:\/\/gazdasagportal.hu\/index.php\/wp-json\/wp\/v2\/categories?post=136350"},{"taxonomy":"post_tag","embeddable":true,"href":"https:\/\/gazdasagportal.hu\/index.php\/wp-json\/wp\/v2\/tags?post=136350"}],"curies":[{"name":"wp","href":"https:\/\/api.w.org\/{rel}","templated":true}]}}