{"id":136348,"date":"2021-06-16T12:12:56","date_gmt":"2021-06-16T10:12:56","guid":{"rendered":"https:\/\/gazdasagportal.hu\/?p=136348"},"modified":"2021-06-16T11:56:31","modified_gmt":"2021-06-16T09:56:31","slug":"meghalt-9-beteg-107-tel-nott-a-fertozottek-szama-magyarorszagon","status":"publish","type":"post","link":"https:\/\/gazdasagportal.hu\/index.php\/meghalt-9-beteg-107-tel-nott-a-fertozottek-szama-magyarorszagon\/","title":{"rendered":"Meghalt 9 beteg, 107-tel n\u0151tt a fert\u0151z\u00f6ttek sz\u00e1ma Magyarorsz\u00e1gon"},"content":{"rendered":"<p><strong>Meghalt 9, t\u00f6bbs\u00e9g\u00e9ben id\u0151s, kr\u00f3nikus beteg, \u00e9s \u00fajabb 107 magyar \u00e1llampolg\u00e1rn\u00e1l mutatt\u00e1k ki a koronav\u00edrus-fert\u0151z\u00e9st &#8211; k\u00f6z\u00f6lte a koronavirus.gov.hu szerd\u00e1n, kiemelve: eddig 5 363 124 embert oltottak be Magyarorsz\u00e1gon, k\u00f6z\u00fcl\u00fck 4 271 990-en m\u00e1r a m\u00e1sodik adag vakcin\u00e1t is megkapt\u00e1k.<\/strong><!--more--><\/p>\n<div class=\"ads-in-post2\"><script async src=\"https:\/\/pagead2.googlesyndication.com\/pagead\/js\/adsbygoogle.js\"><\/script>\r\n<ins class=\"adsbygoogle\"\r\n     style=\"display:block\"\r\n     data-ad-format=\"fluid\"\r\n     data-ad-layout-key=\"-6t+ed+2i-1n-4w\"\r\n     data-ad-client=\"ca-pub-1959107119989764\"\r\n     data-ad-slot=\"4008251320\"><\/ins>\r\n<script>\r\n     (adsbygoogle = window.adsbygoogle || []).push({});\r\n<\/script><\/div>\n<p>    A korm\u00e1nyzati port\u00e1lon azt \u00edrt\u00e1k: 807 209-re n\u0151tt a Magyarorsz\u00e1gon azonos\u00edtott fert\u0151z\u00f6ttek sz\u00e1ma. Az elhunytak\u00e9 29 944-re, a gy\u00f3gyultak\u00e9 732 901-re emelkedett.<br \/>\n    Az akt\u00edv fert\u0151z\u00f6ttek sz\u00e1ma 44 364. K\u00f3rh\u00e1zban 349 koronav\u00edrusos beteget \u00e1polnak, k\u00f6z\u00fcl\u00fck 53-an vannak l\u00e9legeztet\u0151g\u00e9pen.<br \/>\n    Hat\u00f3s\u00e1gi h\u00e1zi karant\u00e9nban 4665-en vannak, a mintav\u00e9telek sz\u00e1ma 6 009 124-re n\u0151tt.<br \/>\n    Kiemelt\u00e9k, hogy az olt\u00e1soknak \u00e9s a v\u00e9delmi int\u00e9zked\u00e9seknek k\u00f6sz\u00f6nhet\u0151en siker\u00fclt let\u00f6rni a j\u00e1rv\u00e1ny harmadik hull\u00e1m\u00e1t.<br \/>\n    Eml\u00e9keztettek, hogy Magyarorsz\u00e1gon is megjelent az indiai v\u00edrusmut\u00e1ns, a v\u00e9d\u0151olt\u00e1s felv\u00e9tele ez\u00e9rt is fontos. Tov\u00e1bbra is folyamatosan lehet regisztr\u00e1lni a www.vakcinainfo.gov.hu honlapon, az \u00e9rv\u00e9nyes regisztr\u00e1ci\u00f3val rendelkez\u0151k pedig interneten is foglalhatnak id\u0151pontot az olt\u00e1sra a www.eeszt.gov.hu honlapon &#8211; \u00edrt\u00e1k.<br \/>\n    A regisztr\u00e1ltak sz\u00e1ma 5 375 000, \u00e9s 92 sz\u00e1zal\u00e9kuk m\u00e1r meg is kapta az olt\u00e1s\u00e1t &#8211; emelt\u00e9k ki.<br \/>\n<div class=\"ads-in-post2\"><script async src=\"https:\/\/pagead2.googlesyndication.com\/pagead\/js\/adsbygoogle.js\"><\/script>\r\n<ins class=\"adsbygoogle\"\r\n     style=\"display:block\"\r\n     data-ad-format=\"fluid\"\r\n     data-ad-layout-key=\"-6t+ed+2i-1n-4w\"\r\n     data-ad-client=\"ca-pub-1959107119989764\"\r\n     data-ad-slot=\"4008251320\"><\/ins>\r\n<script>\r\n     (adsbygoogle = window.adsbygoogle || []).push({});\r\n<\/script><\/div>\n    Hozz\u00e1tett\u00e9k: m\u00e1r t\u00f6bb mint 32 ezer gyermek regisztr\u00e1lt a 12-15 \u00e9ves koroszt\u00e1lyb\u00f3l, \u00e9s k\u00f6z\u00fcl\u00fck t\u00f6bb mint k\u00e9tsz\u00e1zat m\u00e1r be is oltottak. Jelezt\u00e9k azt is, az \u00e9rv\u00e9nyes regisztr\u00e1ci\u00f3val rendelkez\u0151k automatikusan tudnak az interneten id\u0151pontot foglalni.<br \/>\n    Az internetes id\u0151pontfoglal\u00f3ban orsz\u00e1gosan Pfizer-, Sinopharm- \u00e9s korl\u00e1tozott mennyis\u00e9gben m\u00e9g Szputnyik olt\u00e1s foglalhat\u00f3, de egyes olt\u00f3pontokon Janssen- \u00e9s Moderna-olt\u00e1s is el\u00e9rhet\u0151.<br \/>\n    A korm\u00e1nyzati honlap felh\u00edvta a figyelmet arra is, hogy az olt\u00e1st igazol\u00f3 alkalmaz\u00e1s, amely kiv\u00e1ltja a v\u00e9detts\u00e9gi igazolv\u00e1nyt, mobiltelefonra ingyenesen let\u00f6lthet\u0151.<br \/>\n    Az 5 milli\u00f3 beoltott el\u00e9r\u00e9s\u00e9t k\u00f6vet\u0151en \u00e9letbe l\u00e9pett az \u00fajraind\u00edt\u00e1s \u00fajabb fokozata, sok korl\u00e1toz\u00e1s megsz\u0171nt, &#8222;ugyanakkor alapvet\u0151 v\u00e9delmi int\u00e9zked\u00e9sek m\u00e9g \u00e9letben vannak, hiszen a v\u00edrus m\u00e9g itt van&#8221; &#8211; \u00edrt\u00e1k. Hangs\u00falyozt\u00e1k: minden olyan helyen tov\u00e1bbra is k\u00f6telez\u0151 a maszk haszn\u00e1lata, ahol v\u00e9dettek \u00e9s nem v\u00e9dettek z\u00e1rt t\u00e9rben tal\u00e1lkozhatnak, \u00edgy a t\u00f6megk\u00f6zleked\u00e9sben \u00e9s az \u00fczletekben is.<br \/>\n<div class=\"ads-in-post2\"><script async src=\"https:\/\/pagead2.googlesyndication.com\/pagead\/js\/adsbygoogle.js\"><\/script>\r\n<ins class=\"adsbygoogle\"\r\n     style=\"display:block\"\r\n     data-ad-format=\"fluid\"\r\n     data-ad-layout-key=\"-6t+ed+2i-1n-4w\"\r\n     data-ad-client=\"ca-pub-1959107119989764\"\r\n     data-ad-slot=\"4008251320\"><\/ins>\r\n<script>\r\n     (adsbygoogle = window.adsbygoogle || []).push({});\r\n<\/script><\/div>\n    Arr\u00f3l is \u00edrtak, hogy a k\u00f6zter\u00fcleten fel\u00e1ll\u00edtott kivet\u00edt\u0151k\u00f6n a szabadt\u00e9ri meccsn\u00e9z\u00e9s nem min\u0151s\u00fcl rendezv\u00e9nynek, arra a vend\u00e9gl\u00e1t\u00f3teraszokra vonatkoz\u00f3 szab\u00e1lyok ir\u00e1nyad\u00f3k, \u00edgy v\u00e9detts\u00e9gi igazolv\u00e1ny n\u00e9lk\u00fcl is lehet ott tart\u00f3zkodni, \u00e9s \u00e9lvezni a foci Eb-t.<br \/>\n    Eml\u00e9keztettek arra is, hogy a korm\u00e1ny fel\u00e1ll\u00edtja &#8222;az \u00e9let \u00fajraind\u00edt\u00e1s\u00e1\u00e9rt&#8221; \u00e9s &#8222;a gazdas\u00e1g \u00fajraind\u00edt\u00e1s\u00e1\u00e9rt&#8221; felel\u0151s operat\u00edv t\u00f6rzseket, \u00e9s nemzeti konzult\u00e1ci\u00f3ban is kik\u00e9ri a magyar emberek v\u00e9lem\u00e9ny\u00e9t a gazdas\u00e1g \u00fajraind\u00edt\u00e1s\u00e1val kapcsolatos k\u00e9rd\u00e9sekben.<br \/>\n    Az oldal t\u00e9rk\u00e9pe szerint eddig Budapesten (143 979) \u00e9s Pest megy\u00e9ben (111 930) regisztr\u00e1lt\u00e1k a legt\u00f6bb fert\u0151z\u00f6ttet. Ezt k\u00f6veti Borsod-Aba\u00faj-Zempl\u00e9n (46 566), Gy\u0151r-Moson-Sopron (44 411) \u00e9s Hajd\u00fa-Bihar megye (42 574). A fert\u0151z\u00e9sben legkev\u00e9sb\u00e9 \u00e9rintett megye Tolna (17 747).(MTI)<\/p>\n","protected":false},"excerpt":{"rendered":"<p>Meghalt 9, t\u00f6bbs\u00e9g\u00e9ben id\u0151s, kr\u00f3nikus beteg, \u00e9s \u00fajabb 107 magyar \u00e1llampolg\u00e1rn\u00e1l mutatt\u00e1k ki a koronav\u00edrus-fert\u0151z\u00e9st &#8211; k\u00f6z\u00f6lte a koronavirus.gov.hu szerd\u00e1n, kiemelve: eddig 5 363 124 embert oltottak be Magyarorsz\u00e1gon, k\u00f6z\u00fcl\u00fck 4 271 990-en m\u00e1r a m\u00e1sodik adag vakcin\u00e1t is megkapt\u00e1k.<\/p>\n","protected":false},"author":1001006,"featured_media":0,"comment_status":"open","ping_status":"open","sticky":false,"template":"","format":"standard","meta":[],"categories":[427],"tags":[],"_links":{"self":[{"href":"https:\/\/gazdasagportal.hu\/index.php\/wp-json\/wp\/v2\/posts\/136348"}],"collection":[{"href":"https:\/\/gazdasagportal.hu\/index.php\/wp-json\/wp\/v2\/posts"}],"about":[{"href":"https:\/\/gazdasagportal.hu\/index.php\/wp-json\/wp\/v2\/types\/post"}],"author":[{"embeddable":true,"href":"https:\/\/gazdasagportal.hu\/index.php\/wp-json\/wp\/v2\/users\/1001006"}],"replies":[{"embeddable":true,"href":"https:\/\/gazdasagportal.hu\/index.php\/wp-json\/wp\/v2\/comments?post=136348"}],"version-history":[{"count":1,"href":"https:\/\/gazdasagportal.hu\/index.php\/wp-json\/wp\/v2\/posts\/136348\/revisions"}],"predecessor-version":[{"id":136349,"href":"https:\/\/gazdasagportal.hu\/index.php\/wp-json\/wp\/v2\/posts\/136348\/revisions\/136349"}],"wp:attachment":[{"href":"https:\/\/gazdasagportal.hu\/index.php\/wp-json\/wp\/v2\/media?parent=136348"}],"wp:term":[{"taxonomy":"category","embeddable":true,"href":"https:\/\/gazdasagportal.hu\/index.php\/wp-json\/wp\/v2\/categories?post=136348"},{"taxonomy":"post_tag","embeddable":true,"href":"https:\/\/gazdasagportal.hu\/index.php\/wp-json\/wp\/v2\/tags?post=136348"}],"curies":[{"name":"wp","href":"https:\/\/api.w.org\/{rel}","templated":true}]}}